{"id":17693,"date":"2010-01-07T18:52:25","date_gmt":"2010-01-07T16:52:25","guid":{"rendered":"http:\/\/www.korhanyilmaz.com\/?p=17693"},"modified":"2010-01-07T18:52:25","modified_gmt":"2010-01-07T16:52:25","slug":"egemen-bagisa-universite-protesto","status":"publish","type":"post","link":"http:\/\/www.korhanyilmaz.com\/?p=17693","title":{"rendered":"Egemen Ba\u011f\u0131\u015f&#039;a \u00fcniversite \u00f6\u011frencilerinden protesto"},"content":{"rendered":"<p style=\"text-align: center;\"><a href=\"http:\/\/www.korhanyilmaz.com\/wp-content\/uploads\/2010\/01\/egemen.jpg\"  class=\"lightview\"><img loading=\"lazy\" decoding=\"async\" class=\"aligncenter size-full wp-image-17694\" src=\"http:\/\/www.korhanyilmaz.com\/wp-content\/uploads\/2010\/01\/egemen.jpg\" alt=\"\" width=\"263\" height=\"210\" \/><\/a><\/p>\n<p style=\"text-align: justify;\">Devlet Bakan\u0131 ve Ba\u015fm\u00fczakereci Egemen Ba\u011f\u0131\u015f&#8217;a \u00fcniversite \u00f6\u011frencilerinden protesto. Bir grup \u00f6\u011frenci Egemen Ba\u011f\u0131\u015f&#8217;\u0131n Bah\u00e7e\u015fehir \u00dcniversitesi&#8217;nde AB \u00fcyelik s\u00fcrecine ili\u015fkin verece\u011fi konferans \u00f6ncesi protesto g\u00f6sterisi yapt\u0131.<\/p>\n<p style=\"text-align: justify;\">&#8220;\u00d6\u011frenci Kolektifleri&#8221; adl\u0131 grup \u00fcyesi yakla\u015f\u0131k 30 ki\u015fi Ba\u011f\u0131\u015f&#8217;\u0131n salona girmesiyle birlikte alk\u0131\u015fl\u0131 protestoya ba\u015flad\u0131. <!--more--><\/p>\n<p style=\"text-align: justify;\">Protestolar aras\u0131nda k\u00fcrs\u00fcye \u00e7\u0131kan Ba\u011f\u0131\u015f \u00f6\u011frencilere hitaben &#8220;Avrupa Birli\u011fi standartlar\u0131nda 2 dakika protesto s\u00fcreniz var&#8221; diye konu\u015ftu.<\/p>\n<p style=\"text-align: justify;\">Bunun \u00fczerine protestocu \u00f6\u011freciler, Bakan aleyhine slogan atmaya ba\u015flad\u0131.<\/p>\n<p style=\"text-align: justify;\">Bakan Ba\u011f\u0131\u015f daha sonra protestocu \u00f6\u011frencilerin salonu terketmelerini istedi.<\/p>\n<p style=\"text-align: justify;\">Grup salonu terketmeyince baz\u0131 polis ve okulun g\u00fcvenlik g\u00f6revlileri taraf\u0131ndan d\u0131\u015far\u0131 \u00e7\u0131kar\u0131ld\u0131lar. Bu s\u0131rada \u00f6\u011frencilerle polisler aras\u0131nda arbede ya\u015fand\u0131.<\/p>\n<p style=\"text-align: justify;\"><span style=\"color: #888888;\">CNN T\u00dcRK<\/span><\/p>\n","protected":false},"excerpt":{"rendered":"<p style=\"text-align: center;\">\n<p style=\"text-align: justify;\">Devlet Bakan\u0131 ve Ba\u015fm\u00fczakereci Egemen Ba\u011f\u0131\u015f&#8217;a \u00fcniversite \u00f6\u011frencilerinden protesto. Bir grup \u00f6\u011frenci Egemen Ba\u011f\u0131\u015f&#8217;\u0131n Bah\u00e7e\u015fehir \u00dcniversitesi&#8217;nde AB \u00fcyelik s\u00fcrecine ili\u015fkin verece\u011fi konferans \u00f6ncesi protesto g\u00f6sterisi yapt\u0131.<\/p>\n<p style=\"text-align: justify;\">&#8220;\u00d6\u011frenci Kolektifleri&#8221; adl\u0131 grup \u00fcyesi yakla\u015f\u0131k 30 ki\u015fi Ba\u011f\u0131\u015f&#8217;\u0131n salona girmesiyle birlikte alk\u0131\u015fl\u0131 protestoya ba\u015flad\u0131. <\/p>\n","protected":false},"author":1,"featured_media":0,"comment_status":"open","ping_status":"closed","sticky":false,"template":"","format":"standard","meta":{"footnotes":""},"categories":[105],"tags":[],"class_list":["post-17693","post","type-post","status-publish","format-standard","hentry","category-gundem","odd"],"_links":{"self":[{"href":"http:\/\/www.korhanyilmaz.com\/index.php?rest_route=\/wp\/v2\/posts\/17693","targetHints":{"allow":["GET"]}}],"collection":[{"href":"http:\/\/www.korhanyilmaz.com\/index.php?rest_route=\/wp\/v2\/posts"}],"about":[{"href":"http:\/\/www.korhanyilmaz.com\/index.php?rest_route=\/wp\/v2\/types\/post"}],"author":[{"embeddable":true,"href":"http:\/\/www.korhanyilmaz.com\/index.php?rest_route=\/wp\/v2\/users\/1"}],"replies":[{"embeddable":true,"href":"http:\/\/www.korhanyilmaz.com\/index.php?rest_route=%2Fwp%2Fv2%2Fcomments&post=17693"}],"version-history":[{"count":0,"href":"http:\/\/www.korhanyilmaz.com\/index.php?rest_route=\/wp\/v2\/posts\/17693\/revisions"}],"wp:attachment":[{"href":"http:\/\/www.korhanyilmaz.com\/index.php?rest_route=%2Fwp%2Fv2%2Fmedia&parent=17693"}],"wp:term":[{"taxonomy":"category","embeddable":true,"href":"http:\/\/www.korhanyilmaz.com\/index.php?rest_route=%2Fwp%2Fv2%2Fcategories&post=17693"},{"taxonomy":"post_tag","embeddable":true,"href":"http:\/\/www.korhanyilmaz.com\/index.php?rest_route=%2Fwp%2Fv2%2Ftags&post=17693"}],"curies":[{"name":"wp","href":"https:\/\/api.w.org\/{rel}","templated":true}]}}