{"id":17676,"date":"2010-01-05T23:31:06","date_gmt":"2010-01-05T21:31:06","guid":{"rendered":"http:\/\/www.korhanyilmaz.com\/?p=17676"},"modified":"2010-01-05T23:31:06","modified_gmt":"2010-01-05T21:31:06","slug":"tekel-iscileri-eyleme-referandumla-karar-verecek","status":"publish","type":"post","link":"http:\/\/www.korhanyilmaz.com\/?p=17676","title":{"rendered":"TEKEL i\u015f\u00e7ileri eyleme &#8220;referandum&#8221;la karar verecek"},"content":{"rendered":"<p><a href=\"http:\/\/www.korhanyilmaz.com\/wp-content\/uploads\/2010\/01\/tekel.jpg\"  class=\"lightview\"><img loading=\"lazy\" decoding=\"async\" class=\"aligncenter size-full wp-image-17677\" src=\"http:\/\/www.korhanyilmaz.com\/wp-content\/uploads\/2010\/01\/tekel.jpg\" alt=\"\" width=\"292\" height=\"194\" \/><\/a><\/p>\n<p style=\"text-align: justify;\">Tekg\u0131da-\u0130\u015f Sendikas\u0131, TEKEL i\u015f\u00e7ilerinin 22 g\u00fcnd\u00fcr s\u00fcren eyleminin devam ettirilip ettirilmemesini bug\u00fcn yap\u0131lacak &#8220;referandumla&#8221; i\u015f\u00e7ilere soracak.<\/p>\n<p style=\"text-align: justify;\">Tekg\u0131da-\u0130\u015f Sendikas\u0131 Y\u00f6netim Kurulu, i\u015f\u00e7ilerin eyleme karar\u0131na deste\u011fini ortaya koymak ve eyleme devam edip etmemeyi i\u015f\u00e7ilere dan\u0131\u015fmak amac\u0131yla &#8220;referandum&#8221; yapma karar\u0131 ald\u0131. <!--more--><\/p>\n<p style=\"text-align: justify;\">Karar do\u011frultusunda, eyleme kat\u0131lan i\u015f\u00e7ilerin \u00e7al\u0131\u015ft\u0131klar\u0131 t\u00fcm TEKEL i\u015f yerlerinde bug\u00fcn sand\u0131k kurularak i\u015f\u00e7ilerin g\u00f6r\u00fc\u015fleri al\u0131nacak. \u0130\u015f\u00e7iler, 11.00-13.00 saatleri aras\u0131nda sand\u0131\u011fa gidebilecek.<\/p>\n<p style=\"text-align: justify;\">Sendikan\u0131n Ba\u015fkanlar Kurulu, oylaman\u0131n sonucu g\u00f6rd\u00fckten sonra per\u015fembe g\u00fcn\u00fc toplanacak. Ba\u015fkanlar Kurulu, \u00e7\u0131kacak karar do\u011frultusunda sonraki g\u00fcnlerde hayata ge\u00e7irilecek eylem takvimini belirleyecek.<\/p>\n<p style=\"text-align: justify;\">Sendika yetkilileri, &#8220;eylemin ideolojik oldu\u011fu&#8221; y\u00f6n\u00fcndeki ele\u015ftirilerinin yersiz oldu\u011fu g\u00f6stermek ve i\u015f\u00e7ilerin sendikaya olan g\u00fcvenlerini ortaya koymak amac\u0131yla &#8220;referandum&#8221; karar\u0131 al\u0131nd\u0131\u011f\u0131n\u0131, 22 g\u00fcnd\u00fcr oldu\u011fu gibi oylamadan sonra da i\u015f\u00e7ilerin ortaya koyaca\u011f\u0131 irade do\u011frultusunda hareket edilece\u011fini belirtti.<\/p>\n<p style=\"text-align: justify;\"><strong><em>TEKEL i\u015f\u00e7ileri ne istiyor? <\/em><\/strong><\/p>\n<p style=\"text-align: justify;\">28 \u015eubat 2008 tarihinde yap\u0131lan TEKEL Sigara&#8217;n\u0131n \u00f6zelle\u015ftirme ihalesini 1 milyar 720 milyon dolar ile British American Tobacco kazanm\u0131\u015ft\u0131.<\/p>\n<p style=\"text-align: justify;\">\u0130\u015fyerleri kapat\u0131ld\u0131\u011f\u0131 i\u00e7in \u00f6zl\u00fck haklar\u0131yla kamu kurulu\u015flar\u0131na nakillerini isteyen TEKEL i\u015f\u00e7ileri, kendilerine tan\u0131nan 4-C yani s\u00f6zle\u015fmeli personel stat\u00fcs\u00fcn\u00fc protesto ediyor.<\/p>\n<p style=\"text-align: justify;\">Ba\u015fbakan Recep Tayyip Erdo\u011fan&#8217;\u0131n, kat\u0131ld\u0131\u011f\u0131 bir t\u00f6ren s\u0131ras\u0131nda, TEKEL i\u015f\u00e7ilerine y\u00f6nelik, &#8220;Yatarak para kazanma d\u00f6nemini kapatt\u0131k&#8221; s\u00f6z\u00fc tart\u0131\u015fma yaratm\u0131\u015ft\u0131.<\/p>\n<p style=\"text-align: justify;\"><span style=\"color: #888888;\">CNN T\u00dcRK<\/span><\/p>\n","protected":false},"excerpt":{"rendered":"<\/p>\n<p style=\"text-align: justify;\">Tekg\u0131da-\u0130\u015f Sendikas\u0131, TEKEL i\u015f\u00e7ilerinin 22 g\u00fcnd\u00fcr s\u00fcren eyleminin devam ettirilip ettirilmemesini bug\u00fcn yap\u0131lacak &#8220;referandumla&#8221; i\u015f\u00e7ilere soracak.<\/p>\n<p style=\"text-align: justify;\">Tekg\u0131da-\u0130\u015f Sendikas\u0131 Y\u00f6netim Kurulu, i\u015f\u00e7ilerin eyleme karar\u0131na deste\u011fini ortaya koymak ve eyleme devam edip etmemeyi i\u015f\u00e7ilere dan\u0131\u015fmak amac\u0131yla &#8220;referandum&#8221; yapma karar\u0131 ald\u0131. <\/p>\n","protected":false},"author":1,"featured_media":0,"comment_status":"open","ping_status":"closed","sticky":false,"template":"","format":"standard","meta":{"footnotes":""},"categories":[7],"tags":[],"class_list":["post-17676","post","type-post","status-publish","format-standard","hentry","category-ekonomi","odd"],"_links":{"self":[{"href":"http:\/\/www.korhanyilmaz.com\/index.php?rest_route=\/wp\/v2\/posts\/17676","targetHints":{"allow":["GET"]}}],"collection":[{"href":"http:\/\/www.korhanyilmaz.com\/index.php?rest_route=\/wp\/v2\/posts"}],"about":[{"href":"http:\/\/www.korhanyilmaz.com\/index.php?rest_route=\/wp\/v2\/types\/post"}],"author":[{"embeddable":true,"href":"http:\/\/www.korhanyilmaz.com\/index.php?rest_route=\/wp\/v2\/users\/1"}],"replies":[{"embeddable":true,"href":"http:\/\/www.korhanyilmaz.com\/index.php?rest_route=%2Fwp%2Fv2%2Fcomments&post=17676"}],"version-history":[{"count":0,"href":"http:\/\/www.korhanyilmaz.com\/index.php?rest_route=\/wp\/v2\/posts\/17676\/revisions"}],"wp:attachment":[{"href":"http:\/\/www.korhanyilmaz.com\/index.php?rest_route=%2Fwp%2Fv2%2Fmedia&parent=17676"}],"wp:term":[{"taxonomy":"category","embeddable":true,"href":"http:\/\/www.korhanyilmaz.com\/index.php?rest_route=%2Fwp%2Fv2%2Fcategories&post=17676"},{"taxonomy":"post_tag","embeddable":true,"href":"http:\/\/www.korhanyilmaz.com\/index.php?rest_route=%2Fwp%2Fv2%2Ftags&post=17676"}],"curies":[{"name":"wp","href":"https:\/\/api.w.org\/{rel}","templated":true}]}}