{"id":17672,"date":"2010-01-05T12:46:52","date_gmt":"2010-01-05T10:46:52","guid":{"rendered":"http:\/\/www.korhanyilmaz.com\/?p=17672"},"modified":"2010-01-05T12:46:52","modified_gmt":"2010-01-05T10:46:52","slug":"tayyip-erdogana-guvendim-o-benim-hiyarligim","status":"publish","type":"post","link":"http:\/\/www.korhanyilmaz.com\/?p=17672","title":{"rendered":"Tayyip Erdo\u011fan&#039;a g\u00fcvendim o benim h\u0131yarl\u0131\u011f\u0131m&#8230;"},"content":{"rendered":"<p><a href=\"http:\/\/www.korhanyilmaz.com\/wp-content\/uploads\/2010\/01\/cuneyt_ulsever.jpg\"  class=\"lightview\"><img loading=\"lazy\" decoding=\"async\" class=\"aligncenter size-full wp-image-17673\" src=\"http:\/\/www.korhanyilmaz.com\/wp-content\/uploads\/2010\/01\/cuneyt_ulsever.jpg\" alt=\"\" width=\"250\" height=\"175\" \/><\/a><\/p>\n<p style=\"text-align: justify;\">Yeni Harman Dergisi yine \u00e7ok ses getirecek bir r\u00f6portaja imza att\u0131. H\u00fcrriyet gazetesi yazar\u0131 C\u00fcneyt \u00dclsever ile konu\u015fan dergiye \u00dclsever\u2019in yapt\u0131\u011f\u0131 a\u00e7\u0131klamalar \u00e7ok tart\u0131\u015f\u0131lacak gibi g\u00f6r\u00fcn\u00fcyor.<\/p>\n<p style=\"text-align: justify;\">C\u00fcneyt \u00dclsever, Yeni Harman&#8217;dan Ba\u015far Ba\u015faran&#8217;a verdi\u011fi r\u00f6portajda Ba\u015fbakan Recep Tayyip Erdo\u011fan ile ilgili \u00f6nemli a\u00e7\u0131klamalarda bulundu. \u00dclsever \u00f6nceleri Erdo\u011fan\u2019\u0131 desteklerken hangi siyasi geli\u015fmelerin ard\u0131ndan Erdo\u011fan ile aras\u0131n\u0131n a\u00e7\u0131ld\u0131\u011f\u0131n\u0131n hikayesini anlatt\u0131. <!--more--><\/p>\n<p style=\"text-align: justify;\"><strong><em>Erdo\u011fan ile nas\u0131l tan\u0131\u015ft\u0131<\/em><\/strong><\/p>\n<p style=\"text-align: justify;\">\u00dclsever Erdo\u011fan ile tan\u0131\u015fmalar\u0131n\u0131 \u015f\u00f6yle anlatt\u0131: \u201cBenim Recep Tayyip Erdo\u011fan\u2019\u0131n hapis cezas\u0131 ald\u0131\u011f\u0131nda kendisine ge\u00e7mi\u015f olsun demek i\u00e7in belediyedeki makam\u0131na gitmem ile ba\u015flad\u0131. Kap\u0131s\u0131nda askerler, jandarmalar bekliyordu o g\u00fcn. Bir ara\u015ft\u0131r\u0131ls\u0131n bakal\u0131m ka\u00e7 ki\u015fi o \u015fartlarda kendisine ge\u00e7mi\u015f olsun dedi. Bunlardan birisi bendim. Hatta gitti\u011fimde -Ziya G\u00f6kalp\u2019in \u015fiirini okumu\u015ftu ya- kameralara, \u2018Allah\u2019tan \u00fcstat rahmetli yoksa onu da tutuklarlard\u0131\u2019 dedim. Millet alt\u00fcst oldu. O g\u00fcn itibariyle tan\u0131\u015ft\u0131m kendisi ile. Ondan sonra hapisten \u00e7\u0131kt\u0131ktan sonra ilk arad\u0131\u011f\u0131 adamlardan biri ben oldum\u201d<\/p>\n<p style=\"text-align: justify;\"><strong><em>Verdi\u011fim kitaplar\u0131 okumad\u0131<\/em><\/strong><\/p>\n<p style=\"text-align: justify;\">\u00dclsever Erdo\u011fan ile hapishaneden \u00e7\u0131kt\u0131ktan sonra bulu\u015ftuklar\u0131n\u0131 Erdo\u011fan\u2019a okumas\u0131 i\u00e7in kitap verdi\u011fini ancak Erdo\u011fan\u2019\u0131n kitaplar\u0131 okumad\u0131\u011f\u0131n\u0131 \u015f\u00f6yle anlatt\u0131: \u201cArada bir bulu\u015fur sohbet ederdik. Ben ona baz\u0131 kitaplar verirdim okusun diye. Ancak sonradan \u00e7\u00f6zd\u00fcm ki hi\u00e7 okuma al\u0131\u015fkanl\u0131\u011f\u0131 yok. Onun yerine daha \u00e7ok konu\u015farak \u00f6\u011frenen bir adam. Belki de bu, T\u00fcrkiye\u2019de siyaset yaparken bir avantajd\u0131r. Demek kitap okumaman\u0131n g\u00f6r\u00fcnmez bir faydas\u0131 var. Bu ahbapl\u0131\u011f\u0131m\u0131z bir s\u00fcre daha devam etti. Parti kurulma tart\u0131\u015fmalar\u0131nda ben de bulundum. Yan\u0131ndaki arkada\u015flar\u0131 bana sen de geliyor musun dediler.\u201d<\/p>\n<p style=\"text-align: justify;\"><strong><em>O zaman yan\u0131nda liberaller yoktu<\/em><\/strong><\/p>\n<p style=\"text-align: justify;\">\u00dclsever Erdo\u011fan\u2019\u0131n 28 \u015eubat ile ili\u015fkisini \u015f\u00f6yle anlatt\u0131: \u201cO d\u00f6nem bana 28 \u015eubat\u2019tan \u00e7ok iyi ders ald\u0131\u011f\u0131n\u0131 s\u00f6yl\u00fcyordu. Ha, o d\u00f6nem yan\u0131nda, bug\u00fcn yan\u0131nda olan liberal arkada\u015flar\u0131ndan hi\u00e7birisine rastlamad\u0131m. Hatta i\u00e7lerinden bir tanesinin, \u00fcniversiteye bir \u00f6\u011fretim \u00fcyesi girerken, \u201conun e\u015fi t\u00fcrbanl\u0131 alamay\u0131z\u201d dedi\u011fini bilen bir adam\u0131m. Valla almayan\u0131 s\u00f6ylemem ama al\u0131nmayan\u0131 s\u00f6yleyebilirim. Al\u0131nmayan \u015fah\u0131s Ahmet Davuto\u011flu.\u201d<\/p>\n<p style=\"text-align: justify;\"><strong><em>Erdo\u011fan\u2019\u0131n hapisli\u011fi komplo mu?<\/em><\/strong><\/p>\n<p style=\"text-align: justify;\">\u00dclsever, Erdo\u011fan\u2019\u0131n hapis cezas\u0131 almas\u0131nda \u00e7ok ilgin\u00e7 bir komplo teorisi ortaya att\u0131. \u00dclsever\u2019in teorisine g\u00f6re Erdo\u011fan\u2019\u0131n hapise girmesinin ard\u0131nda Fazilet Partisi\u2019ni b\u00f6lme projesi vard\u0131. \u00dclsever \u015f\u00f6yle anlatt\u0131: \u201cO zaman gel kendi komplo teorimizi yazal\u0131m. Tayyip Erdo\u011fan\u2019\u0131n hapis cezas\u0131 almas\u0131nda Fazilet Partisi\u2019ni ikiye b\u00f6lmek m\u00fchendisli\u011fi vard\u0131r. Fazilet de her Ankaral\u0131 parti gibi merkeziyet\u00e7i bir partidir. \u0130\u015fte bu yap\u0131ya kafa tutan Abdullah G\u00fcl\u2019d\u00fcr. Recai Kutan\u2019a kar\u015f\u0131 aday oldu\u011fu kongrede ben vard\u0131m. Orada G\u00fcl \u00e7ok yanl\u0131\u015f s\u00f6zler s\u00f6yledi. Delegenin %60-70\u2019nin ya\u015fl\u0131 oldu\u011fu yerde partiyi ya\u015fl\u0131lara y\u00f6nettirmeyece\u011fiz dedi. Sonra B\u00fclent Ar\u0131n\u00e7 bir belagat ustas\u0131 olarak \u00e7\u0131kt\u0131 ve bunu toparlamaya gayret etti. Hatta sonra ben Ar\u0131n\u00e7\u2019a demi\u015ftim ki Abdullah G\u00fcl\u2019e bu yapt\u0131\u011f\u0131n\u0131 babas\u0131 yapmaz. Yani s\u00f6ylemeye \u00e7al\u0131\u015ft\u0131\u011f\u0131m bu ekip ile Tayyip Erdo\u011fan birle\u015fik de\u011fildir. Ama birden bire Tayyip\u2019in y\u00fckseli\u015fi ba\u015flar. Ne zaman ba\u015flar? Dava a\u00e7\u0131ld\u0131ktan sonra ba\u015flar. Yani d\u00fc\u015f\u00fcn\u00fcn 28 \u015eubat Hareketi birisini do\u011frudan kar\u015f\u0131s\u0131na al\u0131r. Yani bu yanda bir parti var, beri yanda bir \u015fah\u0131s var. Ama o, \u015fahs\u0131 kahraman yapar. San\u0131r\u0131m Tayyip Erdo\u011fan bu mesaj\u0131 iyi okudu. \u015eimdi buradan bak\u0131l\u0131nca o hapis kendisine \u00f6d\u00fcl m\u00fc oldu ceza m\u0131 oras\u0131 tart\u0131\u015f\u0131l\u0131r. Anlad\u0131\u011f\u0131m kadar\u0131yla bunlar oturup bir hesap yapt\u0131lar. Yahu bir taban var bunu yok edemiyoruz. T\u00fcrkiye\u2019de bir askeri rejimi uzun s\u00fcrd\u00fcrmek de m\u00fcmk\u00fcn de\u011fil. O zaman b\u00f6l ve y\u00f6neti tercih ettiler. Fazilet b\u00f6l\u00fcnerek bir i\u015fe yaramaz hale getirilmek istendi. Ha, liberallerden ne \u00f6\u011frendi sorusuna gelince ben \u015funu bizzat ya\u015fad\u0131m. Tayyip Erdo\u011fan bana dedi ki ben 28 \u015eubat\u2019tan bir ders ald\u0131m. Diyordu ki; ben yolumuzun yol olmad\u0131\u011f\u0131n\u0131 g\u00f6rd\u00fcm. D\u00fcnya de\u011fi\u015fiyor. Biz d\u00fcnyaya \u00e7ok kapal\u0131y\u0131z. Biz d\u00fcnyan\u0131n de\u011fi\u015fen ekonomisine ayak uydurmal\u0131y\u0131z. Ve ben g\u00f6rd\u00fcm ki benim inanc\u0131m\u0131 en iyi ya\u015fayabilece\u011fim sistem demokrasidir. Bunu anlam\u0131\u015ft\u0131. Ve bana diyordu ki \u2018bana Turgut Bey\u2019i anlat. Ben bayra\u011f\u0131 ondan ileriye ta\u015f\u0131yaca\u011f\u0131m\u2019.<\/p>\n<p style=\"text-align: justify;\"><strong><em>Nas\u0131l uzakla\u015ft\u0131<\/em><\/strong><\/p>\n<p style=\"text-align: justify;\">\u00dclsever Erdo\u011fan ile ili\u015fkilerinin so\u011fumas\u0131n\u0131 ise \u015f\u00f6yle anlatt\u0131: \u201cBenim \u015fahsen uzakla\u015fmam 2004-2005 y\u0131llar\u0131nda oldu. Ben 28 \u015eubat\u2019ta yedi davadan yarg\u0131land\u0131m. Bunun iki veya \u00fc\u00e7\u00fc do\u011frudan do\u011fruya Erdo\u011fan\u2019\u0131 savunmaktand\u0131r. Ben Turgut Bey\u2019den sonra gelen liderdir diye d\u00fc\u015f\u00fcn\u00fcyordum. \u00c7al\u0131\u015fkanl\u0131\u011f\u0131n\u0131 \u00e7ok be\u011feniyordum. H\u00e2l\u00e2 kendisinin bu \u00f6zelli\u011fini \u00e7ok takdire \u015fayan bulurum. 2004\u2019\u00fcn sonlar\u0131na do\u011fru art\u0131k bendeki inan\u00e7 \u201cacaba\u201dya d\u00f6nd\u00fc. Ve ben karar verdim ki bu adam beni aldatt\u0131.\u201d<\/p>\n<p style=\"text-align: justify;\"><strong><em>Avrupal\u0131 Gazeteciler bizi ar\u0131yordu<\/em><\/strong><\/p>\n<p style=\"text-align: justify;\">\u00dclsever Erdo\u011fan\u2019\u0131n halk\u0131 de\u011fi\u015ftirmek gibi bir niyetinin olmad\u0131\u011f\u0131n\u0131, aksine halk\u0131 oldu\u011fu gibi kabul ederek kendi ili\u015fkilerini d\u00f6n\u00fc\u015ft\u00fcrd\u00fc\u011f\u00fcn\u00fc s\u00f6yledi. \u00dclsever Erdo\u011fan\u2019\u0131n bu d\u00f6n\u00fc\u015f\u00fcm\u00fcnde liberalleri kulland\u0131\u011f\u0131n\u0131 s\u00f6yledi: \u201cTayyip Erdo\u011fan halk\u0131 oldu\u011fu gibi kabul etmi\u015ftir. Ve kendisini d\u00f6n\u00fc\u015ft\u00fcrmesinde de bizi kullanm\u0131\u015ft\u0131r. Ben o kullanmaya raz\u0131 olmad\u0131m. En somut kullan\u0131\u015f\u0131 da AB olmu\u015ftur. Ba\u015fbakanl\u0131\u011f\u0131n\u0131n ilk d\u00f6neminde haftada \u00fc\u00e7 \u00fclkeye gitti. Oradaki gazeteciler bizleri ar\u0131yordu. Biz tabii o d\u00f6nem kendisine \u00e7ok yard\u0131mc\u0131 olduk. Bu adam de\u011fi\u015fiyor diye anlatt\u0131k. Bu adam yeni \u00d6zal diye \u00e7ok anlatt\u0131k. K\u0131r\u0131lmam\u0131z\u0131n en spesifik oldu\u011fu an da, ben ele\u015ftirel yaz\u0131lar yazmaya ba\u015flay\u0131nca oldu. Ama ben kendisine s\u00f6ylemi\u015ftim. \u015eimdi sen ma\u011fdursun, iktidar olunca ne olursun bilmem. Benim bir huyum var ma\u011frurun yan\u0131nda olam\u0131yorum. Bak\u0131n ge\u00e7en bir yaz\u0131 yazd\u0131m ve neredeyse sille tokat d\u00f6v\u00fc\u015fece\u011fim Do\u011fu Perin\u00e7ek\u2019e de sahip \u00e7\u0131kt\u0131m. \u00c7\u00fcnk\u00fc ma\u011fdur. 28 \u015eubat yalakas\u0131 iken ma\u011frurdu, \u015fimdi ma\u011fdur. Tayyip Erdo\u011fan da ma\u011fdurken bizi kulland\u0131. Yanl\u0131\u015f anlamay\u0131n hi\u00e7bir zaman \u015feriat\u00e7\u0131 oldu\u011funu d\u00fc\u015f\u00fcnmedim. Ama muhafazak\u00e2r hayat tarz\u0131n\u0131 empoze edi\u015fini g\u00f6rd\u00fcm. Muhafazak\u00e2r hayat tarz\u0131 modern hayat tarz\u0131n\u0131 d\u0131\u015flamaya \u00e7al\u0131\u015f\u0131rken o buna g\u00f6z yumuyor.\u201d<\/p>\n<p style=\"text-align: justify;\"><strong><em>\u201c\u00dclsever haindir\u201d dedi<\/em><\/strong><\/p>\n<p style=\"text-align: justify;\">\u00dclsever Erdo\u011fan ile ili\u015fkilerinin kopmas\u0131na neden olan olay\u0131 ise \u015f\u00f6yle anlatt\u0131: \u201cBen \u2018AKP NATO\u2019dan \u00e7\u0131kmay\u0131 konu\u015fuyor\u2019 diye bir yaz\u0131 yazd\u0131m. Ba\u015fbakan bana hi\u00e7 a\u00e7\u0131p sormadan ertesi g\u00fcn Milliyet\u2019ten bir ka\u00e7 gazeteci ile yapt\u0131\u011f\u0131 bir toplant\u0131da \u2018C\u00fcneyt haindir\u2019 diyor. Bu \u00e7ok a\u011fr\u0131ma gitti.<\/p>\n<p style=\"text-align: justify;\"><em><strong>Bunun ad\u0131 \u015feyhlik<\/strong><\/em><\/p>\n<p style=\"text-align: justify;\">\u00dclsever AKP politikalar\u0131ndan rahats\u0131zl\u0131\u011f\u0131n\u0131 ise \u015fu s\u00f6zlerle anlatt\u0131: \u201c\u0130nan\u0131lmaz bir \u201cben ve di\u011ferleri\u201d ayr\u0131m\u0131 olan d\u00f6nemde ya\u015f\u0131yoruz. AKP\u2019lisin ya da CHP\u2019lisin ayr\u0131m\u0131 en y\u00fcksek seviyeye \u00e7\u0131kt\u0131. Sonra K\u00fcrt a\u00e7\u0131l\u0131m\u0131. Orada Ba\u015fbakan\u2019\u0131n konjonkt\u00fcre uygun davranarak sahtek\u00e2rl\u0131k etti\u011fini d\u00fc\u015f\u00fcn\u00fcyorum. Sonra mesela ilk h\u0131zl\u0131 tren kazas\u0131, bu bana \u00e7ok ters gelmi\u015fti. O trenin o raylarda gitmeyece\u011fi ona s\u00f6ylendi ve buna ra\u011fmen emir verdi ve o raylarda 35 ki\u015fi \u00f6ld\u00fc. Bu \u015eeyhliktir.<\/p>\n<p style=\"text-align: justify;\"><strong><em>Bilal\u2019in anlay\u0131\u015f\u0131<\/em><\/strong><\/p>\n<p style=\"text-align: justify;\">\u00dclsever Ba\u015fbakan Erdo\u011fan\u2019\u0131n ailesinin anlay\u0131\u015f\u0131n\u0131 g\u00f6steren \u00e7ok ilgin\u00e7 bir olay\u0131 \u015f\u00f6yle anlatt\u0131: \u201cBak size bir an\u0131 anlataca\u011f\u0131m daha iyi anlayacaks\u0131n\u0131z. Bilal, Johns Hopkins\u2019de doktora yap\u0131yor. Ben de ayn\u0131 okulun Bologna merkezinde mast\u0131r\u0131m\u0131 yapm\u0131\u015ft\u0131m. Bir arkada\u015f\u0131m\u0131z daha var; Hasan. Bir ak\u015fam hep beraber yemek yiyelim dedi. Birlikte yeme\u011fe gittik. O s\u0131rada babas\u0131 ile de kavgal\u0131y\u0131z. Ama benim g\u00f6z\u00fcmde Bilal ayr\u0131 Tayyip Erdo\u011fan ayr\u0131. Ben bu konuyu hi\u00e7 a\u00e7m\u0131yorum ve \u015fakala\u015farak yemek yiyoruz. Hatta masay\u0131 teorik olarak ikiye b\u00f6ld\u00fck. Biz \u015farap i\u00e7iyoruz, o han\u0131m\u0131yla m\u00fcsl\u00fcman tarafta. Gayet g\u00fczel konu\u015furken birden Bilal \u2018Ya abi siz ne g\u00fczel babamla arkada\u015ft\u0131n\u0131z. Onu \u00e7ok k\u0131r\u0131yorsun\u2019dedi. Hayrolsun ne yap\u0131yorum? dedim. Sen Padi\u015fah m\u0131s\u0131n diye bir yaz\u0131 yazm\u0131\u015ft\u0131m ben de o aralar. \u2018Sen\u2019 dedi \u2018Hem babama padi\u015fah dedin, hem de sen dedin\u2019 dedi. Se\u00e7ime girerken bir elektrik zamm\u0131 yap\u0131lm\u0131\u015ft\u0131 hem de enerji bakan\u0131na sormadan. Ben de bir yaz\u0131 yazarak sormu\u015ftum b\u00f6yle bir uygulama olabilir mi diye. \u00dcstelik Erdo\u011fan matematikten bihaber bir adam bu nas\u0131l olur diye. Neyse Bilal\u2019in bu serzeni\u015fi \u00fczerine ben de ona dedim ki \u2018Bak o\u011flum k\u0131rg\u0131nl\u0131k var ama bu kar\u015f\u0131l\u0131kl\u0131d\u0131r ve baban\u0131n bana hain demesi ile ba\u015flad\u0131\u2019 deyince \u2018Ama o ba\u015fbakan\u2019 dedi. \u015eimdi bundan sonras\u0131ndan kendisinin de haberi yok. Benim yan\u0131mdaki arkada\u015f Bilal\u2019in s\u00f6ylediklerini Dekan\u2019a s\u00f6ylemi\u015f, b\u00f6yle s\u00f6yledi diye. Dekan bana sordu \u201cger\u00e7ekten s\u00f6yledi mi?\u201d diye. Adam biz bunu e\u011fitirken neyi yanl\u0131\u015f yap\u0131yoruz onu merak ediyorum dedi. \u0130\u015fte geldi\u011fi ideoloji o kadar kuvvetli ki, e\u011fitim de\u011fi\u015ftiremiyor. \u015eimdi benim b\u00f6yle bir zihniyetle i\u015fbirli\u011fi yapmam m\u00fcmk\u00fcn m\u00fc? Ha \u015fimdi Kemalist arkada\u015flar\u0131m sen zaman\u0131nda bu kaz\u0131\u011f\u0131 nas\u0131l yedin diye sorunca inan kar\u015f\u0131 \u00e7\u0131km\u0131yorum. O da benim h\u0131yarl\u0131\u011f\u0131mdan diyorum.\u201d<\/p>\n<p style=\"text-align: justify;\"><strong><em>Bu davay\u0131 savunanlar\u0131n vicdan\u0131 rahat m\u0131<\/em><\/strong><\/p>\n<p style=\"text-align: justify;\">\u00dclsever Ergenekon Davas\u0131\u2019na ili\u015fkin ele\u015ftirilerini ise \u015f\u00f6yle s\u0131ralad\u0131: \u201cErgenekon asr\u0131n davas\u0131 ise \u00c7evik Bir niye d\u0131\u015far\u0131da? 27 Nisan Muht\u0131ras\u0131\u2019n\u0131 ben verdim diyen Ya\u015far B\u00fcy\u00fckan\u0131t\u2019a neden soru sorulmad\u0131? Pa\u015falar d\u0131\u015far\u0131dayken Balbay niye i\u00e7erde? \u015euna y\u00fczde 99 eminim: \u0130\u00e7erideki adamlar\u0131n hepsi demokrasiye sayg\u0131s\u0131z adamlar. Ama demokrasiye sayg\u0131s\u0131z olmak su\u00e7 mudur? \u00c7evik Bir\u2019i neden hi\u00e7bir arkada\u015f\u0131m dert edinmiyor. 12 Eyl\u00fcl, hadi diyelim Pa\u015fa \u00e7ok ihtiyarlad\u0131. Ama darbeyi yapanlar daha d\u0131\u015far\u0131dayken i\u00e7eridekilerin hen\u00fcz yarg\u0131lanmam\u0131\u015f olmalar\u0131 kimsenin vicdan\u0131n\u0131 s\u0131zlatm\u0131yor mu?\u201d<\/p>\n<p style=\"text-align: justify;\"><strong><em>Bir \u00e7ifte standart var<\/em><\/strong><\/p>\n<p style=\"text-align: justify;\">\u00dclsever Ergenekon Davas\u0131 ile orduya d\u00f6n\u00fck uygulamalar aras\u0131nda bir \u00e7ifte standart oldu\u011funu ise \u015f\u00f6yle \u00f6zetledi: \u201cBak\u0131n size bir \u015fey okuyaca\u011f\u0131m. Adam yaz\u0131yor. Evvelki g\u00fcn Ba\u015fbu\u011f\u2019un Trabzon\u2019da yapt\u0131\u011f\u0131 konu\u015fman\u0131n ne kadar anlams\u0131z oldu\u011funu yaz\u0131yor. Hemfikirim. Allah raz\u0131 olsun.<\/p>\n<p style=\"text-align: justify;\">\u2018Adli makamlar, ihbar mektuplar\u0131na, \u00f6zellikle itiraf\u00e7\u0131lar\u0131n, gizli tan\u0131klar\u0131n verdi\u011fi ifadelere kar\u015f\u0131 daha duyarl\u0131 ve daha dikkatli olarak hareket etmelidir. B\u00f6yle durumlarda TSK ile bilgi teatisi ve i\u015fbirli\u011finde bulunmal\u0131d\u0131rlar. Aksi durumlar, kurumlar aras\u0131 \u00e7at\u0131\u015fmalara neden olabilir.<\/p>\n<p style=\"text-align: justify;\">\u0130\u015fte bu kadar!<\/p>\n<p style=\"text-align: justify;\">Ba\u015fbu\u011f daha ne desin?<\/p>\n<p style=\"text-align: justify;\">Hukuk devletine inanmad\u0131\u011f\u0131n\u0131&#8230; Hukuk devletinin zaten ar\u0131zal\u0131 bi\u00e7iminden bile rahats\u0131z oldu\u011funu daha nas\u0131l anlats\u0131n.\u2019<\/p>\n<p style=\"text-align: justify;\">Fakat ayn\u0131 yazar\u0131n 19 Ekim\u2019de yazd\u0131\u011f\u0131 yaz\u0131ya gidiyoruz. Habur\u2019daki kar\u015f\u0131lamalar \u00fczerine yap\u0131lan \u00e7ifte standart ele\u015ftirilerine cevaben<\/p>\n<p style=\"text-align: justify;\">\u2018Evet! \u0130lkeler ve adalet a\u00e7\u0131s\u0131ndan bakt\u0131\u011f\u0131n\u0131zda yerden g\u00f6\u011fe kadar hakl\u0131 ancak b\u00f6yle sorunlar \u00e7ifte standarts\u0131z \u00e7\u00f6z\u00fclemez! &#8220;Aman \u00e7ifte standart olmas\u0131n&#8221; dedi\u011finiz anda a\u00e7\u0131l\u0131m ma\u00e7\u0131l\u0131m kalmaz. Kaz gelecek yerden b\u0131ld\u0131rc\u0131n esirgenir mi? Bu \u015fartlar alt\u0131nda \u00e7ifte standard\u0131n laf\u0131 m\u0131 olur?<\/p>\n<p style=\"text-align: justify;\">\u00dc\u00e7 be\u015f ki\u015fiye adaletsizlik olacak diye, devasa bir sorunu \u00e7\u00f6zme f\u0131rsat\u0131 ka\u00e7\u0131r\u0131l\u0131r m\u0131? \u00d6zetle: B\u00fcy\u00fck siyasi sorunlar, siyaset taraf\u0131ndan yarat\u0131ld\u0131\u011f\u0131 i\u00e7in, hukukla de\u011fil, yine siyasetle \u00e7\u00f6z\u00fcl\u00fcr.<\/p>\n<p style=\"text-align: justify;\">Hukuk arkadan gelir.\u2019<\/p>\n<p style=\"text-align: justify;\">Bu Emre Ak\u00f6z. Nas\u0131l bir \u00e7ifte standartt\u0131r?\u201d<\/p>\n<p style=\"text-align: justify;\"><em><strong>Jenkins\u2019i ajan ilan ettiler<\/strong><\/em><\/p>\n<p style=\"text-align: justify;\">Peki ben de bir cevap veriyorum: \u201cHalklar\u0131n bazen do\u011fru karar veremedi\u011fi tarihle malumdur. Mussolini de Hitler de halk taraf\u0131ndan se\u00e7ilmi\u015ftir sonra da nas\u0131l canavar olduklar\u0131 ortaya \u00e7\u0131km\u0131\u015ft\u0131r. Onlar\u0131n devrilmeleri s\u0131ras\u0131nda tabii ki kimse hukuka ba\u015fvurmam\u0131\u015ft\u0131r. Buradan hareketle her ne kadar halk se\u00e7mi\u015fse de niyetleri \u00e7ok k\u00f6t\u00fc olan insanlar\u0131n iktidara geldiklerini ve zamanla hukukun \u00f6n\u00fcne ge\u00e7ti\u011fini d\u00fc\u015f\u00fcnd\u00fck ve bu darbeyi yapt\u0131k\u201d. Bu c\u00fcmle ile Uluengin\u2019in c\u00fcmlesi aras\u0131nda ne fark var? Daha beteri Gereth JENKINS diye bir adam \u00e7\u0131k\u0131yor. Ben hayat\u0131mda tan\u0131mam. Taraf yaz\u0131 i\u015fleri m\u00fcd\u00fcr\u00fc Y\u0131ld\u0131ray O\u011fur bir yaz\u0131 yazd\u0131, okudum bu adam\u0131n raporunu dedi. Bat\u0131l\u0131 Kemalist diye bir kavram yaratt\u0131. \u0130lk yaz\u0131s\u0131nda bu adam\u0131 ajan ilan etti.<\/p>\n<p style=\"text-align: justify;\">Evet. Fakat bu adam\u0131 su\u00e7lad\u0131\u011f\u0131 yaz\u0131 dizisinin ikincisinde bizzat Y\u0131ld\u0131ray \u015f\u00f6yle ifadeler kulland\u0131: Ergenekon iddianamelerinin dikensiz g\u00fcl bah\u00e7esi oldu\u011funu kimse iddia edemez. Binlerce sayfa i\u00e7erisinde mesnetsiz pek \u00e7ok iddia ve y\u00fczlerce \u015f\u00fcpheli aras\u0131nda ma\u011fdur edilmi\u015f pek \u00e7ok ki\u015fi oldu\u011fu a\u00e7\u0131k. Ama T\u00fcrkiye \u015fartlar\u0131nda y\u00fcr\u00fct\u00fclen b\u00f6yle bir soru\u015fturman\u0131n sorunlu alanlar\u0131na yo\u011funla\u015f\u0131larak as\u0131l iddian\u0131n karart\u0131lmas\u0131 pek iyi niyetli bir de\u011ferlendirme bi\u00e7imi de\u011fildir. Bak\u0131n g\u00f6r\u00fcn ki bu benim hayat\u0131m boyunca hep kar\u015f\u0131ma \u00e7\u0131kan Kemalist de\u011ferlendirme bi\u00e7imidir. Ya, bak \u00e7ok g\u00fczel \u015feyler s\u00f6yl\u00fcyorsun da T\u00fcrkiye\u2019nin kendine \u00f6zg\u00fc \u015fartlar\u0131 var. Yahu 28 \u015eubat\u2019\u0131n gerek\u00e7elerinden birisidir T\u00fcrkiye \u015fartlar\u0131. Bununla onun fark\u0131 ne? Y\u0131ld\u0131ray\u2019la devam edelim mi? Diyor ki \u2018Anla\u015f\u0131lan Jenkins\u2019\u0131n kafas\u0131n\u0131 savc\u0131lar\u0131n kendi iddialar\u0131 ile iddianameye boca ettikleri, delil dosyalar\u0131n\u0131n birbirine girdi\u011fi T\u00fcrk iddianame yazma stili kar\u0131\u015ft\u0131r\u0131lm\u0131\u015f\u2019. Yani bir T\u00fcrk iddianame yazma stili var.<\/p>\n<p style=\"text-align: justify;\"><strong><em>Taraf gazetesi ger\u00e7ekten \u00e7ok cahil<\/em><\/strong><\/p>\n<p style=\"text-align: justify;\">Aynen \u00f6yle. En komi\u011fi de Y\u0131ld\u0131ray\u2019\u0131n yaz\u0131s\u0131nda \u015fu b\u00f6l\u00fcm; Jenkins\u2019in raporunda \u00fczerinde durdu\u011fu konulardan biri de \u00dcmraniye\u2019de bulunan bombalar ile Cumhuriyet Gazetesi\u2019ne at\u0131lan bombalar aras\u0131ndaki benzerlikler mevzuu. Bu konuda rivayetler muhtelif. Bombalar\u0131n ayn\u0131 seriden \u00e7\u0131kt\u0131\u011f\u0131 yolundaki kesin haberlerin daha sonra do\u011fru \u00e7\u0131kmad\u0131\u011f\u0131n\u0131 s\u00f6ylerken Jenkins hakl\u0131. Bir bilgi kirlili\u011fi oldu\u011fu a\u00e7\u0131k. Kesin haberlerin daha sonra do\u011fru \u00e7\u0131kamamas\u0131 nas\u0131l bir c\u00fcmle? Bilgi kirlili\u011fi oldu diyor. Yapan kim? Taraf gazetesi. Ger\u00e7ekten \u00e7ok cahiller ve bir k\u0131sm\u0131 baz\u0131 g\u00f6revlere \u00e7ok erken getirildiler. Bunlar, ta\u015f\u0131yamad\u0131lar. Yazd\u0131klar\u0131n\u0131n ne kadar sa\u00e7ma oldu\u011funu fark edemiyorlar. Sirk maymunu gibi foto\u011fraflar vermeyi marifet say\u0131yorlar. Bunlara da birileri bilerek hodri meydan diyor.\u201d<\/p>\n<p style=\"text-align: justify;\"><strong><em>Liberallerin maddi \u00e7\u0131kar\u0131 var<\/em><\/strong><\/p>\n<p style=\"text-align: justify;\">\u00dclsever liberallerin neden h\u00fck\u00fcmetle i\u00e7li d\u0131\u015fl\u0131 oldu\u011funu ise \u015f\u00f6yle anlatt\u0131: \u201cNiye baz\u0131 liberaller h\u00fck\u00fcmet\u00e7i&#8230; Bir k\u0131sm\u0131 ben \u00e7ok net biliyorum ki maddi \u00e7\u0131karlar\u0131 oldu\u011fu i\u00e7in. B\u00f6yle d\u00f6nemde daha \u00f6nce almad\u0131klar\u0131 i\u015fleri almaya, alamad\u0131klar\u0131 rapor yaz\u0131mlar\u0131n\u0131 almaya, e\u015f dostun bir yerlere atanmas\u0131 gibi k\u0131yaklara sahip oldular. T\u00fcrkiye\u2019de belirli gazeteler var oralarda yazmay\u0131 kabul etti\u011fin anda beyninin yar\u0131s\u0131n\u0131 zaten kar\u015f\u0131 tarafa teslim ediyorsun. Oralarda yazabilenler i\u00e7in daha \u00f6nce olmayan maddi \u00e7\u0131karlar resmen do\u011fdu bu bir. \u0130kincisi; askerden zaman\u0131nda \u00e7ok dayak yiyen r\u00f6van\u015fistler var. \u0130ntikam duygusu ile yan\u0131p tutu\u015fanlar. \u00dc\u00e7; uluslararas\u0131 bir oyun var ve buna bilerek d\u00e2hil olanlar var. Helal olsun AKP\u2019ye, bunlar\u0131n ne istedi\u011fini fark etti ve bunlar\u0131n nabz\u0131na g\u00f6re \u015ferbeti verdi.\u201d<\/p>\n<p style=\"text-align: justify;\">\u00d6zetini sundu\u011fumuz r\u00f6portaj\u0131n tamam\u0131 Yeni Harman Dergisi\u2019nin Ocak say\u0131s\u0131nda.<\/p>\n<p style=\"text-align: justify;\"><span style=\"color: #888888;\">Kaynak : <a href=\"http:\/\/www.odatv.com\/n.php?n=cuneyt-ulseverden-olay-yaratacak-aciklamalar-0501101200\" target=\"_blank\">Odatv.com<\/a><\/span><\/p>\n","protected":false},"excerpt":{"rendered":"<\/p>\n<p style=\"text-align: justify;\">Yeni Harman Dergisi yine \u00e7ok ses getirecek bir r\u00f6portaja imza att\u0131. H\u00fcrriyet gazetesi yazar\u0131 C\u00fcneyt \u00dclsever ile konu\u015fan dergiye \u00dclsever\u2019in yapt\u0131\u011f\u0131 a\u00e7\u0131klamalar \u00e7ok tart\u0131\u015f\u0131lacak gibi g\u00f6r\u00fcn\u00fcyor.<\/p>\n<p style=\"text-align: justify;\">C\u00fcneyt \u00dclsever, Yeni Harman&#8217;dan Ba\u015far Ba\u015faran&#8217;a verdi\u011fi r\u00f6portajda Ba\u015fbakan Recep Tayyip Erdo\u011fan ile ilgili \u00f6nemli a\u00e7\u0131klamalarda bulundu. \u00dclsever \u00f6nceleri Erdo\u011fan\u2019\u0131 desteklerken hangi siyasi geli\u015fmelerin <\/p>\n","protected":false},"author":1,"featured_media":0,"comment_status":"open","ping_status":"closed","sticky":false,"template":"","format":"standard","meta":{"footnotes":""},"categories":[105],"tags":[],"class_list":["post-17672","post","type-post","status-publish","format-standard","hentry","category-gundem","odd"],"_links":{"self":[{"href":"http:\/\/www.korhanyilmaz.com\/index.php?rest_route=\/wp\/v2\/posts\/17672","targetHints":{"allow":["GET"]}}],"collection":[{"href":"http:\/\/www.korhanyilmaz.com\/index.php?rest_route=\/wp\/v2\/posts"}],"about":[{"href":"http:\/\/www.korhanyilmaz.com\/index.php?rest_route=\/wp\/v2\/types\/post"}],"author":[{"embeddable":true,"href":"http:\/\/www.korhanyilmaz.com\/index.php?rest_route=\/wp\/v2\/users\/1"}],"replies":[{"embeddable":true,"href":"http:\/\/www.korhanyilmaz.com\/index.php?rest_route=%2Fwp%2Fv2%2Fcomments&post=17672"}],"version-history":[{"count":0,"href":"http:\/\/www.korhanyilmaz.com\/index.php?rest_route=\/wp\/v2\/posts\/17672\/revisions"}],"wp:attachment":[{"href":"http:\/\/www.korhanyilmaz.com\/index.php?rest_route=%2Fwp%2Fv2%2Fmedia&parent=17672"}],"wp:term":[{"taxonomy":"category","embeddable":true,"href":"http:\/\/www.korhanyilmaz.com\/index.php?rest_route=%2Fwp%2Fv2%2Fcategories&post=17672"},{"taxonomy":"post_tag","embeddable":true,"href":"http:\/\/www.korhanyilmaz.com\/index.php?rest_route=%2Fwp%2Fv2%2Ftags&post=17672"}],"curies":[{"name":"wp","href":"https:\/\/api.w.org\/{rel}","templated":true}]}}