{"id":17559,"date":"2010-01-03T15:13:43","date_gmt":"2010-01-03T13:13:43","guid":{"rendered":"http:\/\/www.korhanyilmaz.com\/?p=17559"},"modified":"2010-01-03T15:13:43","modified_gmt":"2010-01-03T13:13:43","slug":"hava-soguk-ve-yagisli","status":"publish","type":"post","link":"http:\/\/www.korhanyilmaz.com\/?p=17559","title":{"rendered":"Hava so\u011fuk ve ya\u011f\u0131\u015fl\u0131"},"content":{"rendered":"<p style=\"text-align: justify;\"><a href=\"http:\/\/www.korhanyilmaz.com\/wp-content\/uploads\/2010\/01\/hava.jpg\"  class=\"lightview\"><img loading=\"lazy\" decoding=\"async\" class=\"aligncenter size-full wp-image-17560\" src=\"http:\/\/www.korhanyilmaz.com\/wp-content\/uploads\/2010\/01\/hava.jpg\" alt=\"\" width=\"307\" height=\"236\" \/><\/a><\/p>\n<p style=\"text-align: justify;\">\u0130ki g\u00fcnd\u00fcr T\u00fcrkiye&#8217;nin b\u00fcy\u00fck b\u00f6l\u00fcm\u00fcn\u00fc etkileyen lodos yerini so\u011fuk ve ya\u011f\u0131\u015fl\u0131 havaya b\u0131rakt\u0131. Hava s\u0131cakl\u0131\u011f\u0131 bat\u0131 b\u00f6lgelerden ba\u015flayarak hissedilir de\u011ferlerde d\u00fc\u015fecek. Do\u011fuda ise kar ya\u011f\u0131\u015f\u0131 etkili. Erzurum&#8217;un \u00c7at il\u00e7esinde yo\u011fun kar ya\u011f\u0131\u015f\u0131 ve tipi nedeniyle mahsur kalan iki otob\u00fcs\u00fcn yolcular\u0131na yakla\u015f\u0131k 7 saat sonra ula\u015f\u0131ld\u0131. <!--more--><\/p>\n<p style=\"text-align: justify;\">Kar ya\u011f\u0131\u015f\u0131 nedeniyle Erzurum-Bing\u00f6l karayolu trafi\u011fe kapand\u0131. \u0130ki yolcu otob\u00fcs\u00fc Erzurum-\u00c7at karayolunun 40&#8217;nc\u0131 kilometresinde mahsur kald\u0131.<\/p>\n<p style=\"text-align: justify;\">Geceyar\u0131s\u0131 kurtarma \u00e7al\u0131\u015fmas\u0131 i\u00e7in yola \u00e7\u0131kan karayollar\u0131 ekibi, arac\u0131ndaki zincir k\u0131r\u0131ld\u0131\u011f\u0131 i\u00e7in otob\u00fcslere birka\u00e7 kilometre kala mahsur kald\u0131.<\/p>\n<p style=\"text-align: justify;\">Yola \u00e7\u0131kan ikinci ekip \u00e7al\u0131\u015fmalar\u0131n\u0131 g\u00fc\u00e7l\u00fckle y\u00fcr\u00fctt\u00fc, sabaha kar\u015f\u0131 ula\u015f\u0131lan otob\u00fcslerdeki yolcular\u0131n sa\u011fl\u0131k durumlar\u0131n\u0131n iyi oldu\u011fu belirtildi.<\/p>\n<p style=\"text-align: justify;\">Ekipler kayarak yoldan \u00e7\u0131kan otob\u00fcsleri yola \u00e7ekti.<\/p>\n<p style=\"text-align: justify;\">Van&#8217;da hava yoluna kar engeli<\/p>\n<p style=\"text-align: justify;\">Anadolujet&#8217;in Ankara-Van seferini yapan u\u00e7a\u011f\u0131 Van&#8217;daki kar ya\u011f\u0131\u015f\u0131 ve f\u0131rt\u0131na nedeniyle Diyarbak\u0131r&#8217;a ini\u015f yapt\u0131.<\/p>\n<p style=\"text-align: justify;\">Van&#8217;\u0131n Geva\u015f il\u00e7esinde etkili olan kar ya\u011f\u0131\u015f\u0131 ve f\u0131rt\u0131na nedeniyle de il\u00e7eye elektrik verilemiyor.<\/p>\n<p style=\"text-align: justify;\">\u00d6te yandan, kar ya\u011f\u0131\u015f\u0131 ve f\u0131rt\u0131na nedeniyle Van-Hakkari karayolu G\u00fczeldere mevkisinde 2 TIR&#8217;\u0131n kayarak yolu kapatmas\u0131 nedeniyle ula\u015f\u0131m\u0131n sa\u011flanamad\u0131\u011f\u0131 \u00f6\u011frenildi.<\/p>\n<p style=\"text-align: justify;\">Karayollar\u0131 11. B\u00f6lge M\u00fcd\u00fcrl\u00fc\u011f\u00fc ekiplerinin yolu trafi\u011fe a\u00e7ma \u00e7al\u0131\u015fmalar\u0131na ba\u015flad\u0131\u011f\u0131 ve b\u00f6lgede \u00e7ok say\u0131da arac\u0131n bekletildi\u011fi bildirildi.<\/p>\n<p style=\"text-align: justify;\">Karayollar\u0131 yetkilileri, s\u00fcr\u00fcc\u00fcleri zincir ve \u00e7ekme halat\u0131 olmadan trafi\u011fe \u00e7\u0131kmamalar\u0131 konusunda uyard\u0131.<\/p>\n<p style=\"text-align: justify;\"><strong><em>Lodos vurdu <\/em><\/strong><\/p>\n<p style=\"text-align: justify;\">D\u00fcn T\u00fcrkiye&#8217;nin b\u00fcy\u00fck b\u00f6l\u00fcm\u00fcnde \u015fiddetli lodos etkiliydi.<\/p>\n<p style=\"text-align: justify;\">\u0130stanbul Bo\u011faz\u0131 ve Marmara&#8217;da deniz ula\u015f\u0131m\u0131 aksad\u0131. \u00c7anakkale&#8217;de de adalarla ula\u015f\u0131m kesildi.<\/p>\n<p style=\"text-align: justify;\">\u0130zmir-Kar\u015f\u0131kaya ve kordon sahili dalgalar y\u00fcz\u00fcnden g\u00f6le d\u00f6nd\u00fc; yak\u0131ndaki evleri su bast\u0131.<\/p>\n<p style=\"text-align: justify;\">Kocaeli&#8217;de \u00e7at\u0131s\u0131n\u0131 tamir etmeye \u00e7al\u0131\u015fan bir ki\u015fi, d\u00fc\u015ferek hayat\u0131n\u0131 kaybetti. Soba zehirlenmeleri y\u00fcz\u00fcnden iki g\u00fcnde 9 ki\u015fi hayat\u0131n\u0131 kaybetti.<\/p>\n<p style=\"text-align: justify;\">Elaz\u0131\u011f&#8217;da ak\u015fam saatlerinde etkisini art\u0131ran ya\u011f\u0131\u015f 4 mahallede su bask\u0131n\u0131na yol a\u00e7t\u0131.<\/p>\n<p style=\"text-align: justify;\">Hava s\u0131cakl\u0131\u011f\u0131 bug\u00fcn bat\u0131dan ba\u015flayarak 5-6 derece azalacak.<\/p>\n<p style=\"text-align: justify;\"><strong><em>\u0130stanbul<\/em><\/strong><\/p>\n<p style=\"text-align: justify;\">\u0130stanbul genelinde d\u00fcn sabah saatlerinde ba\u015flayan sa\u011fanak ya\u011fmur gece boyunca aral\u0131klarla devam etti.<\/p>\n<p style=\"text-align: justify;\">K\u00fc\u00e7\u00fck\u00e7ekmece&#8217;deki So\u011fuksu tren istasyonunun alt\u0131 ge\u00e7idi tamamen ya\u011fmur suyu ile doldu.<\/p>\n<p style=\"text-align: justify;\"><em><strong>Konya<\/strong><\/em><\/p>\n<p style=\"text-align: justify;\">Konya&#8217;n\u0131n Halkap\u0131nar il\u00e7esinde etkili olan lodos nedeniyle bir k\u00f6y okulunun \u00e7at\u0131s\u0131 u\u00e7tu.<\/p>\n<p style=\"text-align: justify;\">\u0130l\u00e7e Milli E\u011fitim M\u00fcd\u00fcr\u00fc H\u00fcseyin Sekman, yapt\u0131\u011f\u0131 a\u00e7\u0131klamada, b\u00f6lgede etkili olan lodos nedeniyle ak\u015fam saatlerinde \u00c7ak\u0131llar K\u00f6y\u00fc \u0130lk\u00f6\u011fretim Okulu&#8217;nun \u00e7at\u0131s\u0131n\u0131n u\u00e7tu\u011funu s\u00f6yledi.<\/p>\n<p style=\"text-align: justify;\">Sekman, okulda e\u011fitime 5 g\u00fcn ara verildi\u011fini a\u00e7\u0131klad\u0131. Ayn\u0131 k\u00f6yde Ahmet Ata\u00e7&#8217;a (57) ait kilerin de \u00e7at\u0131s\u0131 u\u00e7tu.<\/p>\n<p style=\"text-align: justify;\">Bu arada, Seydifak\u0131l\u0131 k\u00f6y\u00fcnde trakt\u00f6r\u00fcn \u00fczerindeki k\u00fcspenin \u00fczerini \u00f6rtmeye \u00e7al\u0131\u015fan Kamil Ay (28), \u015fiddetli r\u00fczgar\u0131n etkisiyle r\u00f6morkun ilave tahtas\u0131n\u0131n ba\u015f\u0131na \u00e7arpmas\u0131 sonucu yaraland\u0131. Ay, Ere\u011fli Devlet Hastanesine kald\u0131r\u0131ld\u0131.<\/p>\n<p style=\"text-align: justify;\"><span style=\"color: #888888;\">CNN T\u00dcRK<\/span><\/p>\n","protected":false},"excerpt":{"rendered":"<p style=\"text-align: justify;\">\n<p style=\"text-align: justify;\">\u0130ki g\u00fcnd\u00fcr T\u00fcrkiye&#8217;nin b\u00fcy\u00fck b\u00f6l\u00fcm\u00fcn\u00fc etkileyen lodos yerini so\u011fuk ve ya\u011f\u0131\u015fl\u0131 havaya b\u0131rakt\u0131. Hava s\u0131cakl\u0131\u011f\u0131 bat\u0131 b\u00f6lgelerden ba\u015flayarak hissedilir de\u011ferlerde d\u00fc\u015fecek. Do\u011fuda ise kar ya\u011f\u0131\u015f\u0131 etkili. Erzurum&#8217;un \u00c7at il\u00e7esinde yo\u011fun kar ya\u011f\u0131\u015f\u0131 ve tipi nedeniyle mahsur kalan iki otob\u00fcs\u00fcn yolcular\u0131na yakla\u015f\u0131k 7 saat sonra ula\u015f\u0131ld\u0131. <\/p>\n","protected":false},"author":1,"featured_media":0,"comment_status":"open","ping_status":"closed","sticky":false,"template":"","format":"standard","meta":{"footnotes":""},"categories":[105],"tags":[],"class_list":["post-17559","post","type-post","status-publish","format-standard","hentry","category-gundem","odd"],"_links":{"self":[{"href":"http:\/\/www.korhanyilmaz.com\/index.php?rest_route=\/wp\/v2\/posts\/17559","targetHints":{"allow":["GET"]}}],"collection":[{"href":"http:\/\/www.korhanyilmaz.com\/index.php?rest_route=\/wp\/v2\/posts"}],"about":[{"href":"http:\/\/www.korhanyilmaz.com\/index.php?rest_route=\/wp\/v2\/types\/post"}],"author":[{"embeddable":true,"href":"http:\/\/www.korhanyilmaz.com\/index.php?rest_route=\/wp\/v2\/users\/1"}],"replies":[{"embeddable":true,"href":"http:\/\/www.korhanyilmaz.com\/index.php?rest_route=%2Fwp%2Fv2%2Fcomments&post=17559"}],"version-history":[{"count":0,"href":"http:\/\/www.korhanyilmaz.com\/index.php?rest_route=\/wp\/v2\/posts\/17559\/revisions"}],"wp:attachment":[{"href":"http:\/\/www.korhanyilmaz.com\/index.php?rest_route=%2Fwp%2Fv2%2Fmedia&parent=17559"}],"wp:term":[{"taxonomy":"category","embeddable":true,"href":"http:\/\/www.korhanyilmaz.com\/index.php?rest_route=%2Fwp%2Fv2%2Fcategories&post=17559"},{"taxonomy":"post_tag","embeddable":true,"href":"http:\/\/www.korhanyilmaz.com\/index.php?rest_route=%2Fwp%2Fv2%2Ftags&post=17559"}],"curies":[{"name":"wp","href":"https:\/\/api.w.org\/{rel}","templated":true}]}}