{"id":17551,"date":"2010-01-03T16:01:25","date_gmt":"2010-01-03T14:01:25","guid":{"rendered":"http:\/\/www.korhanyilmaz.com\/?p=17551"},"modified":"2010-01-03T16:01:25","modified_gmt":"2010-01-03T14:01:25","slug":"bilecikte-iki-tren-carpisti","status":"publish","type":"post","link":"http:\/\/www.korhanyilmaz.com\/?p=17551","title":{"rendered":"Bilecik&#039;te iki tren \u00e7arp\u0131\u015ft\u0131"},"content":{"rendered":"<p><a href=\"http:\/\/www.korhanyilmaz.com\/wp-content\/uploads\/2010\/01\/kaza.jpg\"  class=\"lightview\"><img loading=\"lazy\" decoding=\"async\" class=\"aligncenter size-full wp-image-17554\" src=\"http:\/\/www.korhanyilmaz.com\/wp-content\/uploads\/2010\/01\/kaza.jpg\" alt=\"\" width=\"307\" height=\"236\" \/><\/a><\/p>\n<p style=\"text-align: justify;\">\u0130stanbul-Eski\u015fehir ve Eski\u015fehir-\u0130stanbul seferlerini yapan Eski\u015fehir Ekspresi, Bilecik&#8217;in Vezirhan ile Bay\u0131rk\u00f6y istasyonlar\u0131 aras\u0131nda \u00e7arp\u0131\u015ft\u0131. Kazada 1 makinist \u00f6ld\u00fc, 2&#8217;si personel 14 ki\u015fi de yaraland\u0131.<\/p>\n<p style=\"text-align: justify;\">Ula\u015ft\u0131rma Bakanl\u0131\u011f\u0131&#8217;ndan yap\u0131lan a\u00e7\u0131klamaya g\u00f6re, bug\u00fcn sabah saat 10.10&#8217;da \u0130stanbul Haydarpa\u015fa&#8217;dan Eski\u015fehir&#8217;e hareket eden 11 bin 16 sefer say\u0131l\u0131 Eski\u015fehir Ekspresi k\u0131rm\u0131z\u0131 \u0131\u015f\u0131\u011f\u0131 ihlal ederek Vezirhan \u0130stasyonu&#8217;nda bekleyen 11 bin 15 sefer say\u0131l\u0131 Eski\u015fehir Ekspresi&#8217;ne \u00e7arpt\u0131.<!--more--><\/p>\n<p style=\"text-align: justify;\">Kazada a\u011f\u0131r yaral\u0131 makinist hayat\u0131n\u0131 kaybetti.<\/p>\n<p style=\"text-align: justify;\">46 ya\u015f\u0131ndaki makinistin emeklili\u011fe hak kazand\u0131\u011f\u0131 halde \u00e7al\u0131\u015fmaya devam etti\u011fi, 8 ayl\u0131k bir k\u0131z\u0131 oldu\u011fu bildirildi.<\/p>\n<p style=\"text-align: justify;\">Olay yerinde incelemelerde bulunan Bilecik Valisi Musa \u00c7olak, 2&#8217;si TCDD personeli olmak \u00fczere 14 ki\u015finin de yaraland\u0131\u011f\u0131n\u0131 s\u00f6yledi.<\/p>\n<p style=\"text-align: justify;\">Vali \u00c7olak, kazan\u0131n makas de\u011fi\u015fimi s\u0131ras\u0131nda meydana geldi\u011fini kaydetti.<\/p>\n<p style=\"text-align: justify;\">Trenlerin kafa kafaya \u00e7arp\u0131\u015ft\u0131\u011f\u0131n\u0131 ifade eden Vali \u00c7olak, &#8220;Kazada a\u011f\u0131r yaralanan makinist Hikmet Ko\u00e7ay hayat\u0131n\u0131 kaybetti. 2&#8217;si TCDD personeli olmak \u00fczere 14 ki\u015fi yaraland\u0131. T\u00fcm yetkililer olay yerinde. Kaza b\u00f6lgesinde h\u0131zl\u0131 trenin deplase \u00e7al\u0131\u015fmas\u0131 var. \u00c7al\u0131\u015fmalar s\u0131ras\u0131nda elektrik kesilmi\u015f. Elektrik olmad\u0131\u011f\u0131 i\u00e7in trenler birbirini fark edememi\u015f&#8221; dedi.<\/p>\n<p style=\"text-align: justify;\">Kazan\u0131n ard\u0131ndan trenden tahliye edilen yolcular otob\u00fcslerle Eski\u015fehir ve \u0130stanbul&#8217;a g\u00f6nderildi.<\/p>\n<p style=\"text-align: justify;\">Olay yerine gelen i\u015f makineleri \u00e7al\u0131\u015fmalara ba\u015flad\u0131. Bu arada, kaza nedeniyle tren seferleri yap\u0131lam\u0131yor.<\/p>\n<p style=\"text-align: justify;\"><strong><em>TCDD: &#8220;Sinyal sisteminde sorun yok&#8221; <\/em><\/strong><\/p>\n<p style=\"text-align: justify;\">TCDD Genel M\u00fcd\u00fcrl\u00fc\u011f\u00fc de kazaya ili\u015fkin ilk tespitlerde, b\u00f6lgedeki sinyallerin faal oldu\u011fu, sinyal sisteminin trafi\u011fe uygun \u00e7al\u0131\u015ft\u0131\u011f\u0131n\u0131n belirlendi\u011fini bildirdi.<\/p>\n<p style=\"text-align: justify;\"><strong><em>Olay\u0131n geli\u015fimi <\/em><\/strong><\/p>\n<p style=\"text-align: justify;\">Kaza saat 10.10 s\u0131ralar\u0131nda meydana geldi.<\/p>\n<p style=\"text-align: justify;\">\u0130stanbul Haydarpa\u015fa&#8217;dan Eski\u015fehir&#8217;e hareket eden 11 bin 16 sefer say\u0131l\u0131 Eski\u015fehir Ekspresi k\u0131rm\u0131z\u0131 \u0131\u015f\u0131\u011f\u0131 ihlal ederek Eski\u015fehir&#8217;den \u0130stanbul&#8217;a hareket etmek \u00fczere Vezirhan \u0130stasyonu&#8217;nda bekleyen 11 bin 15 sefer say\u0131l\u0131 Eski\u015fehir Ekspresi&#8217;ne \u00e7arpt\u0131.<\/p>\n<p style=\"text-align: justify;\">Vagonlarda raydan \u00e7\u0131kma ve devrilme olay\u0131n\u0131n olmad\u0131\u011f\u0131 bildirildi.<\/p>\n<p style=\"text-align: justify;\"><span style=\"color: #888888;\">CNN T\u00dcRK<\/span><\/p>\n","protected":false},"excerpt":{"rendered":"<\/p>\n<p style=\"text-align: justify;\">\u0130stanbul-Eski\u015fehir ve Eski\u015fehir-\u0130stanbul seferlerini yapan Eski\u015fehir Ekspresi, Bilecik&#8217;in Vezirhan ile Bay\u0131rk\u00f6y istasyonlar\u0131 aras\u0131nda \u00e7arp\u0131\u015ft\u0131. Kazada 1 makinist \u00f6ld\u00fc, 2&#8217;si personel 14 ki\u015fi de yaraland\u0131.<\/p>\n<p style=\"text-align: justify;\">Ula\u015ft\u0131rma Bakanl\u0131\u011f\u0131&#8217;ndan yap\u0131lan a\u00e7\u0131klamaya g\u00f6re, bug\u00fcn sabah saat 10.10&#8217;da \u0130stanbul Haydarpa\u015fa&#8217;dan Eski\u015fehir&#8217;e hareket eden 11 bin 16 sefer say\u0131l\u0131 Eski\u015fehir Ekspresi k\u0131rm\u0131z\u0131 \u0131\u015f\u0131\u011f\u0131 ihlal ederek Vezirhan <\/p>\n","protected":false},"author":1,"featured_media":0,"comment_status":"open","ping_status":"closed","sticky":false,"template":"","format":"standard","meta":{"footnotes":""},"categories":[105],"tags":[],"class_list":["post-17551","post","type-post","status-publish","format-standard","hentry","category-gundem","odd"],"_links":{"self":[{"href":"http:\/\/www.korhanyilmaz.com\/index.php?rest_route=\/wp\/v2\/posts\/17551","targetHints":{"allow":["GET"]}}],"collection":[{"href":"http:\/\/www.korhanyilmaz.com\/index.php?rest_route=\/wp\/v2\/posts"}],"about":[{"href":"http:\/\/www.korhanyilmaz.com\/index.php?rest_route=\/wp\/v2\/types\/post"}],"author":[{"embeddable":true,"href":"http:\/\/www.korhanyilmaz.com\/index.php?rest_route=\/wp\/v2\/users\/1"}],"replies":[{"embeddable":true,"href":"http:\/\/www.korhanyilmaz.com\/index.php?rest_route=%2Fwp%2Fv2%2Fcomments&post=17551"}],"version-history":[{"count":0,"href":"http:\/\/www.korhanyilmaz.com\/index.php?rest_route=\/wp\/v2\/posts\/17551\/revisions"}],"wp:attachment":[{"href":"http:\/\/www.korhanyilmaz.com\/index.php?rest_route=%2Fwp%2Fv2%2Fmedia&parent=17551"}],"wp:term":[{"taxonomy":"category","embeddable":true,"href":"http:\/\/www.korhanyilmaz.com\/index.php?rest_route=%2Fwp%2Fv2%2Fcategories&post=17551"},{"taxonomy":"post_tag","embeddable":true,"href":"http:\/\/www.korhanyilmaz.com\/index.php?rest_route=%2Fwp%2Fv2%2Ftags&post=17551"}],"curies":[{"name":"wp","href":"https:\/\/api.w.org\/{rel}","templated":true}]}}