{"id":17547,"date":"2010-01-03T12:34:14","date_gmt":"2010-01-03T10:34:14","guid":{"rendered":"http:\/\/www.korhanyilmaz.com\/?p=17547"},"modified":"2010-01-03T12:34:14","modified_gmt":"2010-01-03T10:34:14","slug":"karargahta-6-kez-arama-baslatildi","status":"publish","type":"post","link":"http:\/\/www.korhanyilmaz.com\/?p=17547","title":{"rendered":"Karargahta 6. kez arama ba\u015flat\u0131ld\u0131"},"content":{"rendered":"<p style=\"text-align: center;\"><a href=\"http:\/\/www.korhanyilmaz.com\/wp-content\/uploads\/2010\/01\/arama6.jpg\"  class=\"lightview\"><img loading=\"lazy\" decoding=\"async\" class=\"aligncenter size-full wp-image-17548\" src=\"http:\/\/www.korhanyilmaz.com\/wp-content\/uploads\/2010\/01\/arama6.jpg\" alt=\"\" width=\"307\" height=\"236\" \/><\/a><\/p>\n<p style=\"text-align: justify;\">Ankara Seferberlik B\u00f6lge Ba\u015fkanl\u0131\u011f\u0131&#8217;ndaki 6. arama faaliyetleri yeniden ba\u015flad\u0131.<\/p>\n<p style=\"text-align: justify;\">Arama karar\u0131n\u0131 veren hakim ve beraberindeki Ankara Emniyet M\u00fcd\u00fcrl\u00fc\u011f\u00fc Ter\u00f6rle M\u00fccadele \u015eube M\u00fcd\u00fcrl\u00fc\u011f\u00fc ekiplerinden olu\u015fan 4 ara\u00e7l\u0131k konvoy, saat 12.00 s\u0131ralar\u0131nda Ankara Seferberlik B\u00f6lge Ba\u015fkanl\u0131\u011f\u0131&#8217;n\u0131n bulundu\u011fu askeri b\u00f6lgeye geldi. <!--more--><\/p>\n<p style=\"text-align: justify;\">Balgat Kirazl\u0131dere mevkiindeki Ankara Seferberlik B\u00f6lge Ba\u015fkanl\u0131\u011f\u0131&#8217;ndaki 6. arama faaliyetlerine saat 12.00 itibar\u0131yla ba\u015fland\u0131.<\/p>\n<p style=\"text-align: justify;\">Ankara&#8217;da, 19 Aral\u0131k&#8217;ta 2 askeri personelin ku\u015fku \u00fczerine yakalan\u0131p serbest b\u0131rak\u0131lm\u0131\u015ft\u0131.<\/p>\n<p style=\"text-align: justify;\">Daha sonra ba\u015flat\u0131lan soru\u015fturma kapsam\u0131nda, Ankara Seferberlik B\u00f6lge Ba\u015fkanl\u0131\u011f\u0131nda ilk yap\u0131lan araman\u0131n ard\u0131ndan g\u00f6zalt\u0131na al\u0131nan 8 askeri personelin, \u00e7\u0131kar\u0131ld\u0131klar\u0131 savc\u0131l\u0131k ve mahkeme taraf\u0131ndan serbest b\u0131rak\u0131lmalar\u0131na karar verilmi\u015fti.<\/p>\n<p style=\"text-align: justify;\"><span style=\"color: #888888;\">CNN T\u00dcRK<\/span><\/p>\n","protected":false},"excerpt":{"rendered":"<p style=\"text-align: center;\">\n<p style=\"text-align: justify;\">Ankara Seferberlik B\u00f6lge Ba\u015fkanl\u0131\u011f\u0131&#8217;ndaki 6. arama faaliyetleri yeniden ba\u015flad\u0131.<\/p>\n<p style=\"text-align: justify;\">Arama karar\u0131n\u0131 veren hakim ve beraberindeki Ankara Emniyet M\u00fcd\u00fcrl\u00fc\u011f\u00fc Ter\u00f6rle M\u00fccadele \u015eube M\u00fcd\u00fcrl\u00fc\u011f\u00fc ekiplerinden olu\u015fan 4 ara\u00e7l\u0131k konvoy, saat 12.00 s\u0131ralar\u0131nda Ankara Seferberlik B\u00f6lge Ba\u015fkanl\u0131\u011f\u0131&#8217;n\u0131n bulundu\u011fu askeri b\u00f6lgeye geldi. <\/p>\n","protected":false},"author":1,"featured_media":0,"comment_status":"open","ping_status":"closed","sticky":false,"template":"","format":"standard","meta":{"footnotes":""},"categories":[105],"tags":[],"class_list":["post-17547","post","type-post","status-publish","format-standard","hentry","category-gundem","odd"],"_links":{"self":[{"href":"http:\/\/www.korhanyilmaz.com\/index.php?rest_route=\/wp\/v2\/posts\/17547","targetHints":{"allow":["GET"]}}],"collection":[{"href":"http:\/\/www.korhanyilmaz.com\/index.php?rest_route=\/wp\/v2\/posts"}],"about":[{"href":"http:\/\/www.korhanyilmaz.com\/index.php?rest_route=\/wp\/v2\/types\/post"}],"author":[{"embeddable":true,"href":"http:\/\/www.korhanyilmaz.com\/index.php?rest_route=\/wp\/v2\/users\/1"}],"replies":[{"embeddable":true,"href":"http:\/\/www.korhanyilmaz.com\/index.php?rest_route=%2Fwp%2Fv2%2Fcomments&post=17547"}],"version-history":[{"count":0,"href":"http:\/\/www.korhanyilmaz.com\/index.php?rest_route=\/wp\/v2\/posts\/17547\/revisions"}],"wp:attachment":[{"href":"http:\/\/www.korhanyilmaz.com\/index.php?rest_route=%2Fwp%2Fv2%2Fmedia&parent=17547"}],"wp:term":[{"taxonomy":"category","embeddable":true,"href":"http:\/\/www.korhanyilmaz.com\/index.php?rest_route=%2Fwp%2Fv2%2Fcategories&post=17547"},{"taxonomy":"post_tag","embeddable":true,"href":"http:\/\/www.korhanyilmaz.com\/index.php?rest_route=%2Fwp%2Fv2%2Ftags&post=17547"}],"curies":[{"name":"wp","href":"https:\/\/api.w.org\/{rel}","templated":true}]}}