{"id":17439,"date":"2009-12-31T14:51:52","date_gmt":"2009-12-31T12:51:52","guid":{"rendered":"http:\/\/www.korhanyilmaz.com\/?p=17439"},"modified":"2009-12-31T14:51:52","modified_gmt":"2009-12-31T12:51:52","slug":"turk-ve-tugluk-adliyedeydi","status":"publish","type":"post","link":"http:\/\/www.korhanyilmaz.com\/?p=17439","title":{"rendered":"T\u00fcrk ve Tu\u011fluk adliyedeydi&#8230;"},"content":{"rendered":"<p style=\"text-align: center;\"><a href=\"http:\/\/www.korhanyilmaz.com\/wp-content\/uploads\/2009\/12\/ifade.jpg\"  class=\"lightview\"><img loading=\"lazy\" decoding=\"async\" class=\"aligncenter size-full wp-image-17440\" src=\"http:\/\/www.korhanyilmaz.com\/wp-content\/uploads\/2009\/12\/ifade.jpg\" alt=\"\" width=\"307\" height=\"236\" \/><\/a><\/p>\n<p style=\"text-align: justify;\">DTP&#8217;nin kapat\u0131lma gerek\u00e7esinin Resmi Gazete&#8217;de yay\u0131mlanmas\u0131yla milletvekillikleri d\u00fc\u015fen Ahmet T\u00fcrk ve Aysel Tu\u011fluk, bu sabah Ankara adliyesinde ifade verdi.<\/p>\n<p style=\"text-align: justify;\">T\u00fcrk ve Tu\u011fluk, adliye saray\u0131na tutuklu ve h\u00fck\u00fcml\u00fclerin al\u0131nd\u0131\u011f\u0131 giri\u015ften al\u0131nd\u0131.<\/p>\n<p style=\"text-align: justify;\">T\u00fcrk ve Tu\u011fluk, tutuklu ve h\u00fck\u00fcml\u00fclerin adliye i\u00e7inde izledi\u011fi koridorlardan ge\u00e7erek, Ankara 11. A\u011f\u0131r Ceza Mahkemesi&#8217;nin duru\u015fma salonuna girdi. <!--more--><\/p>\n<p style=\"text-align: justify;\">T\u00fcrk ve Tu\u011fluk&#8217;un ifade vermeleri s\u0131ras\u0131nda duru\u015fma salonuna gazeteci ve izleyici al\u0131nmas\u0131na izin verilmedi.<\/p>\n<p style=\"text-align: justify;\">Mahkeme heyeti \u00f6nce Ahmet T\u00fcrk&#8217;\u00fcn, daha sonra Aysel Tu\u011fluk&#8217;un ifadesini ald\u0131.<\/p>\n<p style=\"text-align: justify;\">Ahmet T\u00fcrk ve Aysel Tu\u011fluk&#8217;a ifadeleri s\u0131ras\u0131nda avukatlar\u0131 Mehmet Nuri \u00d6zmen de e\u015flik etti.<\/p>\n<p style=\"text-align: justify;\">T\u00fcrk ve Tu\u011fluk&#8217;un ifadelerinin al\u0131nmas\u0131 i\u015flemi yakla\u015f\u0131k 1 saat 45 dakika s\u00fcrd\u00fc.<\/p>\n<p style=\"text-align: justify;\"><strong><em>T\u00fcrk: &#8220;Propaganda yapmad\u0131m&#8221;<\/em><\/strong><\/p>\n<p style=\"text-align: justify;\">Ankara Adalet Saray\u0131&#8217;ndan ayr\u0131l\u0131rken k\u0131sa bir a\u00e7\u0131klama yapan T\u00fcrk, &#8220;Milletvekilli\u011fimiz d\u00fc\u015ft\u00fc\u011f\u00fc i\u00e7in normal olarak gelip ifademizi verdik&#8221; dedi.<\/p>\n<p style=\"text-align: justify;\">T\u00fcrk, gazetecilerin yo\u011fun ilgisi ve ya\u015fanan izdiham nedeniyle konu\u015fmakta g\u00fc\u00e7l\u00fck \u00e7ekti.<\/p>\n<p style=\"text-align: justify;\">T\u00fcrk, \u0130stanbul 9. A\u011f\u0131r Ceza Mahkemesi&#8217;nin talimat\u0131 do\u011frultusunda verdi\u011fi ifadede, \u00fczerine at\u0131l\u0131 su\u00e7lamay\u0131 kabul etmedi\u011fini belirterek, kesinlikle &#8220;propaganda yapmak&#8221; su\u00e7unu i\u015flemedi\u011fini s\u00f6yledi.<\/p>\n<p style=\"text-align: justify;\">Ahmet T\u00fcrk, 40 y\u0131la yak\u0131n s\u00fcredir siyaset ile u\u011fra\u015ft\u0131\u011f\u0131n\u0131 ve 5 d\u00f6nem milletvekilli\u011fi yapt\u0131\u011f\u0131n\u0131, 2005 y\u0131l\u0131ndan bu yana da siyasal bir partiden genel ba\u015fkanl\u0131k yapt\u0131\u011f\u0131n\u0131 kaydetti.<\/p>\n<p style=\"text-align: justify;\">Bir siyaset\u00e7i olarak \u00fclke sorunlar\u0131 ile ilgili \u00e7al\u0131\u015fmalar ve konu\u015fmalar yapmas\u0131 kadar do\u011fal bir olamayaca\u011f\u0131n\u0131 belirten T\u00fcrk, &#8220;\u00dclkede uzun s\u00fcredir olan \u015fiddet ve \u00e7at\u0131\u015fma ortam\u0131ndan \u00e7\u0131k\u0131lmas\u0131, bu ortamdan \u00fclkenin kurtulmas\u0131 i\u00e7in ba\u015fka yerlerde konu\u015fmalar\u0131m oldu\u011fu gibi iddiaya konu konu\u015fmada da tahlil ve tespitler yapt\u0131m. Kald\u0131 ki bir konu\u015fmay\u0131 tek olarak ele almak do\u011fru de\u011fil, bu konu\u015fmay\u0131 di\u011fer yapt\u0131\u011f\u0131m \u00e7al\u0131\u015fmalar ve konu\u015fmalarla bir b\u00fct\u00fcn olarak de\u011ferlendirmek gerekir. B\u00fct\u00fcn amac\u0131m bar\u0131\u015f\u00e7\u0131l bir s\u00fcre\u00e7 i\u00e7in \u00e7aba g\u00f6stermektir. T\u00fcm T\u00fcrkiye&#8217;nin tart\u0131\u015ft\u0131\u011f\u0131 bir konu ile ilgili ben de siyaset\u00e7i olarak g\u00f6r\u00fc\u015flerimi bildirdim&#8221; dedi.<\/p>\n<p style=\"text-align: justify;\">Kesinlikle propaganda amac\u0131 ta\u015f\u0131mad\u0131\u011f\u0131n\u0131 ileri s\u00fcren T\u00fcrk, &#8220;Sadece d\u00fc\u015f\u00fcncelerimi a\u00e7\u0131klad\u0131m. \u00dclkede silahlar\u0131n susmas\u0131 i\u00e7in h\u00fck\u00fcmet de ayd\u0131nlarla de\u011fi\u015fik sivil toplum \u00f6rg\u00fctleri ile g\u00f6r\u00fc\u015fmeler yap\u0131yor. Bin bir siyaset\u00e7i olarak ya\u015fanan bu s\u00fcre\u00e7le ilgili suskun kalamam. Sustu\u011fumda demokrasi olmad\u0131\u011f\u0131ndan bahsedilir. Konu\u015funca propaganda yapt\u0131\u011f\u0131m iddia ediliyor. Ayr\u0131ca &#8216;say\u0131n&#8217; kelimesi kulland\u0131\u011f\u0131mdan \u00f6t\u00fcr\u00fc su\u00e7 i\u015fledi\u011fim s\u00f6yleniyor. Bu do\u011fru de\u011fildir. Uzun s\u00fcredir siyaset ile u\u011fra\u015f\u0131yorum. Genel olarak nazik bir \u00fcslup kullan\u0131r\u0131m. Kald\u0131 ki &#8216;say\u0131n&#8217; kelimesi tek ba\u015f\u0131na su\u00e7 olarak de\u011ferlendirilemez. Bu \u00fclke hepimizin, susarsak haks\u0131zl\u0131k edece\u011fim d\u00fc\u015f\u00fcncesindeyim. B\u00fct\u00fcn amac\u0131m demokratik ve \u00e7a\u011fda\u015f bir \u00fclke i\u00e7in \u00e7abalamaktan ibarettir. Silahlar\u0131n susmas\u0131 i\u00e7in \u00e7al\u0131\u015fmak su\u00e7 de\u011fil, memnuniyetle kar\u015f\u0131lanmas\u0131 gereken bir durumdur. Kesinlikle su\u00e7suzum. Beraat\u0131m\u0131 talep ediyorum&#8221; dedi.<\/p>\n<p style=\"text-align: justify;\">Mahkeme Ba\u015fkan\u0131 Hasan \u015eat\u0131r, san\u0131k T\u00fcrk&#8217;\u00fcn savunmas\u0131n\u0131n al\u0131nm\u0131\u015f olmas\u0131 nedeniyle zorla haz\u0131r edilmesi hususunda yaz\u0131lan m\u00fczekkerenin iadesi i\u00e7in Cumhuriyet Ba\u015fsavc\u0131vekilli\u011fine m\u00fczekkere yaz\u0131lmas\u0131na karar verildi\u011fini a\u00e7\u0131klad\u0131. Mahkeme, talimat evrak\u0131n\u0131n ikmalen mahalli mahkemesine iade edilmesini karar verdi.<\/p>\n<p style=\"text-align: justify;\"><strong><em>Tu\u011fluk: &#8220;D\u00fcn milletvekiliydim&#8221; <\/em><\/strong><\/p>\n<p style=\"text-align: justify;\">Tu\u011fluk&#8217;un &#8220;su\u00e7u ve su\u00e7luyu \u00f6vd\u00fc\u011f\u00fc&#8221; iddias\u0131yla Ankara 11. A\u011f\u0131r Ceza Mahkemesi&#8217;nde yarg\u0131lanmas\u0131na devam edildi. Duru\u015fmaya Tu\u011fluk ile avukat\u0131 kat\u0131ld\u0131. Tu\u011fluk, savunmas\u0131nda, \u00fczerine at\u0131l\u0131 \u00fc\u00e7 kez &#8220;su\u00e7u ve su\u00e7luyu \u00f6vd\u00fc\u011f\u00fc&#8221; iddias\u0131n\u0131 kabul etmedi\u011fini ifade etti.<\/p>\n<p style=\"text-align: justify;\">Su\u00e7 tarihlerinde kapat\u0131lan DTP&#8217;nin &#8220;e\u015fba\u015fkan\u0131&#8221; oldu\u011funu belirten Tu\u011fluk, parti g\u00f6r\u00fc\u015fleri do\u011frultusunda toplant\u0131lara kat\u0131ld\u0131\u011f\u0131n\u0131, konu\u015fmalar yapt\u0131\u011f\u0131n\u0131 anlatt\u0131. Vicdanen rahat oldu\u011funu dile getiren Tu\u011fluk, iddianame de belirtilen \u00fc\u00e7 konu\u015fmadaki s\u00f6zlerin de kendisine ait oldu\u011funu ve tekrar etti\u011fini s\u00f6yledi.<\/p>\n<p style=\"text-align: justify;\">Tu\u011fluk, &#8220;B\u00fct\u00fcn amac\u0131m bir siyaset\u00e7i olarak \u00fclkede akan kan\u0131n durmas\u0131 i\u00e7in \u00e7al\u0131\u015fmakt\u0131r. Hi\u00e7 kimsenin \u00f6lmeyece\u011fi bar\u0131\u015f\u00e7\u0131l ve demokrat bir \u00fclke i\u00e7in \u00e7al\u0131\u015fmalar, analizler, tespitler yapt\u0131m. Sorunlar konu\u015fulmad\u0131k\u00e7a \u00e7\u00f6z\u00fclemez. Konu\u015fmalar\u0131m herkes\u00e7e kabul g\u00f6rmeye bilir. Bu konu\u015fmalar benim ve partimin politikas\u0131 gere\u011fi yap\u0131lan konu\u015fmalard\u0131r. Sorunun bar\u0131\u015f\u00e7\u0131l yollardan \u00e7\u00f6z\u00fclmesi i\u00e7in baz\u0131 ger\u00e7eklerin ifade edilmesinden ibarettir. \u00c7\u00f6z\u00fcme giden yolda sunulan baz\u0131 \u00f6neri ve tespitlerdir. Abdullah \u00d6calan ve PKK bir realite olup, bunlar K\u00fcrt meselesinin \u00e7\u00f6z\u00fcm\u00fcn\u00fcn d\u0131\u015f\u0131nda b\u0131rak\u0131lamaz&#8221; dedi.<\/p>\n<p style=\"text-align: justify;\">Aysel Tu\u011fluk, &#8220;K\u00fcrt sorunu konusunda ayd\u0131nlar\u0131n, sivil toplum \u00f6rg\u00fctlerinin hatta h\u00fck\u00fcmet taraf\u0131ndan dahi benzer konu\u015fmalar yap\u0131ld\u0131\u011f\u0131n\u0131 kendileri konu\u015funca ise su\u00e7 i\u015flediklerinin iddia edildi\u011fini&#8221; ifade etti.<\/p>\n<p style=\"text-align: justify;\">Tu\u011fluk, &#8220;Ne PKK&#8217;n\u0131n ne de Abdullah \u00d6calan&#8217;\u0131n benim propagandama ihtiya\u00e7lar\u0131 oldu\u011fu gibi kendilerinin kamuoyuna yans\u0131yan de\u011fi\u015fik propaganda ara\u00e7lar\u0131 vard\u0131r. Siyaset\u00e7i olarak T\u00fcrk ve K\u00fcrt haklar\u0131na duydu\u011fum sorumluluk \u00e7er\u00e7evesinde siyaset yapt\u0131m. T\u00fcrk ve K\u00fcrt halk\u0131n\u0131n karde\u015fli\u011fine inan\u0131yorum. Bunun m\u00fccadelesini de devam ettirece\u011fim. Su\u00e7suzum, d\u00fcn milletvekiliydim bug\u00fcn burada san\u0131k olarak yarg\u0131lan\u0131yorum. T\u00fcrkiye demokrasisi bu uygulamayla kazanmam\u0131\u015ft\u0131r, kaybetmi\u015ftir. Bir g\u00fcn T\u00fcrkiye&#8217;de T\u00fcrk, K\u00fcrt b\u00fct\u00fcn halklar\u0131n bir arada ve bar\u0131\u015f i\u00e7inde ya\u015fayaca\u011f\u0131na inan\u0131yorum. Hukukun \u00fcst\u00fcnl\u00fc\u011f\u00fc egemen olacakt\u0131r. Beraatimi talep ediyorum&#8221; ifadesini kulland\u0131.<\/p>\n<p style=\"text-align: justify;\">Tu\u011fluk&#8217;un avukat\u0131 Mehmet Nuri \u00d6zmen ise m\u00fcvekkilinin savunmas\u0131na kat\u0131ld\u0131\u011f\u0131n\u0131 belirterek, d\u00fc\u015f\u00fcnce \u00f6zg\u00fcrl\u00fc\u011f\u00fc \u00e7er\u00e7evesinde g\u00f6r\u00fc\u015flerini a\u00e7\u0131klad\u0131\u011f\u0131n\u0131, konu\u015fmalar\u0131n\u0131n b\u00fct\u00fcn halinde incelendi\u011finde su\u00e7 unsurunun olmad\u0131\u011f\u0131n\u0131n g\u00f6r\u00fclece\u011fini ileri s\u00fcrd\u00fc.<\/p>\n<p style=\"text-align: justify;\">Cumhuriyet Savc\u0131s\u0131 Kubilay Ta\u015ftan, iddianamede y\u00fcklenen eylemlerle ilgili olarak Tu\u011fluk&#8217;un T\u00fcrk Ceza Kanunu&#8217;nun 215. maddesinden cezaland\u0131r\u0131lmas\u0131n\u0131n talep edildi\u011fini belirtti.<\/p>\n<p style=\"text-align: justify;\">Ta\u015ftan, iddia edilen eylemlerin s\u00fcbutu halinde Ter\u00f6rle M\u00fccadele Yasas\u0131&#8217;n\u0131n 7\/2. maddesinin uygulanmas\u0131 ihtimali \u00fczerine Tu\u011fluk&#8217;a ek savunma hakk\u0131 verilmesini istedi. Mahkemenin ek savunma hakk\u0131 verdi\u011fi Tu\u011fluk ve avukat\u0131, \u00f6nceki savunmalar\u0131n\u0131n do\u011fru oldu\u011funu belirterek, ek savunma haz\u0131rlamak i\u00e7in de s\u00fcre istedi.<\/p>\n<p style=\"text-align: justify;\">Ankara 11. A\u011f\u0131r Ceza Mahkemesi, Tu\u011fluk&#8217;un savunmas\u0131n\u0131n al\u0131nmas\u0131 dolay\u0131s\u0131yla hakk\u0131ndaki zorla getirme m\u00fczekkeresinin kald\u0131r\u0131lmas\u0131na karar verdi. Mahkeme, duru\u015fmay\u0131 6 Nisan 2010 tarihine erteledi. \u0130ddianamede Tu\u011fluk&#8217;un, kapat\u0131lan DTP&#8217;nin birinci ola\u011fan\u00fcst\u00fc b\u00fcy\u00fck kongresi ve Van&#8217;daki Nevruz konu\u015fmas\u0131 ile 2 Mart 2007&#8217;de kapat\u0131lan DTP&#8217;nin genel merkezinde yapt\u0131\u011f\u0131 bas\u0131n a\u00e7\u0131klamas\u0131nda &#8220;ter\u00f6r \u00f6rg\u00fct\u00fc PKK&#8217;n\u0131n amac\u0131 do\u011frultusunda su\u00e7u ve su\u00e7luyu \u00f6vme&#8221; eylemini i\u015fledi\u011fi savunuluyor.<\/p>\n<p style=\"text-align: justify;\"><strong><em>Abdullah \u00d6calan&#8217;\u0131n avukatl\u0131\u011f\u0131 <\/em><\/strong><\/p>\n<p style=\"text-align: justify;\">Aysel Tu\u011fluk, \u0130stanbul 9. ve 13. A\u011f\u0131r Ceza Mahkemelerinin talimatlar\u0131 do\u011frultusunda Ankara 11. A\u011f\u0131r Ceza Mahkemesi&#8217;nde ifade verdi. Tu\u011fluk, \u0130stanbul 9. A\u011f\u0131r Ceza Mahkemesinin talimat\u0131 do\u011frultusunda verdi\u011fi ifadede, \u00fczerine at\u0131l\u0131 su\u00e7lamay\u0131 kabul etmeyerek, 1999-2005 y\u0131llar\u0131 aras\u0131nda \u0130stanbul&#8217;da Asr\u0131n Hukuk B\u00fcrosu&#8217;nda avukat olarak \u00e7al\u0131\u015ft\u0131\u011f\u0131n\u0131, ter\u00f6r \u00f6rg\u00fct\u00fcn\u00fcn eleba\u015f\u0131 Abdullah \u00d6calan&#8217;\u0131n da avukatl\u0131\u011f\u0131n\u0131 yap\u0131p davalar\u0131na girdi\u011fini ve kendisi ile de\u011fi\u015fik zamanlarda g\u00f6r\u00fc\u015fmeleri oldu\u011funu belirtti.<\/p>\n<p style=\"text-align: justify;\">Aysel Tu\u011fluk ifadesinde, &#8220;Hukuksal problemleri ile ilgili a\u00e7\u0131klamalar yapt\u0131\u011f\u0131m do\u011frudur. Ancak bas\u0131n toplant\u0131s\u0131 d\u00fczenlemek, \u00f6zel olarak deme\u00e7 vermek gibi bir durum olmam\u0131\u015ft\u0131r&#8221; dedi.<\/p>\n<p style=\"text-align: justify;\">\u0130ddianamede adlar\u0131 ge\u00e7en di\u011fer san\u0131klar\u0131n da serbest avukatl\u0131k yapan arkada\u015flar\u0131 oldu\u011funu kaydeden Tu\u011fluk, &#8220;Onlar da Abdullah \u00d6calan&#8217;\u0131n avukatl\u0131\u011f\u0131n\u0131 yapm\u0131\u015flard\u0131r. Su\u00e7lamada konu edilen &#8216;nasname&#8217; bir internet sitesi olup, benimle direkt bir ilgisi yoktur. Kald\u0131 ki bu site Abdullah \u00d6calan&#8217;a, hatta Abdullah \u00d6calan&#8217;\u0131n avukatlar\u0131na, dolay\u0131s\u0131yla bana da k\u00fcf\u00fcr eden bir internet sitesidir. Buraya \u00f6zellikle bir mail g\u00f6ndermem s\u00f6z konusu de\u011fildir. Propaganda anlam\u0131na gelebilecek hi\u00e7bir eylemde bulunmad\u0131\u011f\u0131m gibi, \u00f6rg\u00fct \u00fcyeli\u011fi olarak de\u011ferlendirilebilecek hi\u00e7bir eylemim de yoktur. Su\u00e7lamalar as\u0131ls\u0131zd\u0131r. Beraat\u0131m\u0131 talep ediyorum&#8221; dedi.<\/p>\n<p style=\"text-align: justify;\">Aysel Tu\u011fluk, \u0130stanbul 13. A\u011f\u0131r Ceza Mahkemesinin talimat\u0131 do\u011frultusunda verdi\u011fi ifadede ise, ter\u00f6r \u00f6rg\u00fct\u00fcn\u00fcn eleba\u015f\u0131 Abdullah \u00d6calan&#8217;\u0131n da avukatl\u0131\u011f\u0131n\u0131 yapt\u0131\u011f\u0131n\u0131, davalar\u0131na girdi\u011fini ve kendisi ile de\u011fi\u015fik zamanlarda g\u00f6r\u00fc\u015fmelerinin oldu\u011funu s\u00f6yledi. \u0130fadesinde Tu\u011fluk, &#8220;Ancak bas\u0131n toplant\u0131s\u0131 d\u00fczenlemek, \u00f6zel olarak deme\u00e7 vermek gibi bir durum olmam\u0131\u015ft\u0131r. Propaganda anlam\u0131na gelebilecek hi\u00e7bir eylemde bulunmad\u0131m. Su\u00e7lamalar as\u0131ls\u0131zd\u0131r. Beraat\u0131m\u0131 talep ediyorum&#8221; dedi.<\/p>\n<p style=\"text-align: justify;\">Tu\u011fluk&#8217;un avukat\u0131 Mehmet Nuri \u00d6zmen de, &#8220;Avukat olarak m\u00fcvekkiline hukuki yard\u0131m etmek d\u0131\u015f\u0131nda ba\u015fka bir eylemde bulunmad\u0131\u011f\u0131 gibi bu savunmas\u0131n\u0131n aksi y\u00f6n\u00fcnde herhangi bir delil de mevcut de\u011fildir. Su\u00e7lamadan beraat\u0131na karar verilsin&#8221; dedi. Cumhuriyet Savc\u0131s\u0131 Kubilay Ta\u015ftan, talimat evraklar\u0131n\u0131n ikmalen yerel mahkemelerine iade edilmesini istedi. Mahkeme Ba\u015fkan\u0131 Hasan \u015eat\u0131r, san\u0131k Aysel Tu\u011fluk&#8217;un savunmas\u0131n\u0131n al\u0131nm\u0131\u015f olmas\u0131 nedeniyle zorla haz\u0131r edilmesi hususunda yaz\u0131lan m\u00fczekkerelerin iadesi i\u00e7in Cumhuriyet Ba\u015fsavc\u0131vekilli\u011fine m\u00fczekkere yaz\u0131lmas\u0131na karar veridi. Mahkeme, talimat evraklar\u0131n\u0131n, ikmalen mahalli mahkemelerine iade edilmesini kararla\u015ft\u0131rd\u0131.<\/p>\n<p style=\"text-align: justify;\"><strong><em>Aksu: &#8220;Herkes hukukun gere\u011fini yaps\u0131n&#8221; <\/em><\/strong><\/p>\n<p style=\"text-align: justify;\">AK Parti Genel Ba\u015fkan Yard\u0131mc\u0131s\u0131 Abd\u00fclkadir Aksu, parti genel merkezinde d\u00fczenledi\u011fi bas\u0131n toplant\u0131s\u0131nda, kapat\u0131lan DTP&#8217;nin eski milletvekilleri Ahmet T\u00fcrk ve Aysel Tu\u011fluk&#8217;un adliye giderek ifade vermeleriyle ilgili, &#8220;Bu arkada\u015flar hukukun gere\u011fini yerine getirdiler&#8221; dedi.<\/p>\n<p style=\"text-align: justify;\">Di\u011fer milletvekillerinin gitmeyecekleri y\u00f6n\u00fcnde a\u00e7\u0131klamalar\u0131 oldu\u011fu ifade edilerek, &#8220;Siz onlara buradan bir \u00e7a\u011fr\u0131da bulunacak m\u0131s\u0131n\u0131z? S\u00fcreci nas\u0131l de\u011ferlendireceksiniz?&#8221;sorusu \u00fczerine Aksu, &#8220;Bu arkada\u015flar hukukun gere\u011fini yerine getirdiler. Biz temenni ediyoruz, umuyoruz ki herkes hukuka uygun hareket etsin, hukukun gere\u011fini yaps\u0131n&#8221; dedi.<\/p>\n<p style=\"text-align: justify;\"><a href=\"http:\/\/cdn.dogantv.com.tr\/dokumanlar\/cnnturk\/dtp-kapatma-gerekceli-karar.doc\" target=\"_blank\"><span style=\"font-size: medium;\"><em><strong><span style=\"color: #993300;\">Anayasa Mahkemesi&#8217;nin Gerek\u00e7eli Karar\u0131n\u0131 incelemek i\u00e7in t\u0131klay\u0131n&#8230; ( doc uzant\u0131l\u0131 Word dosyas\u0131 ) <\/span><\/strong><\/em><\/span><\/a><\/p>\n<p style=\"text-align: justify;\"><span style=\"color: #808080;\">CNN T\u00dcRK<\/span><\/p>\n","protected":false},"excerpt":{"rendered":"<p style=\"text-align: center;\">\n<p style=\"text-align: justify;\">DTP&#8217;nin kapat\u0131lma gerek\u00e7esinin Resmi Gazete&#8217;de yay\u0131mlanmas\u0131yla milletvekillikleri d\u00fc\u015fen Ahmet T\u00fcrk ve Aysel Tu\u011fluk, bu sabah Ankara adliyesinde ifade verdi.<\/p>\n<p style=\"text-align: justify;\">T\u00fcrk ve Tu\u011fluk, adliye saray\u0131na tutuklu ve h\u00fck\u00fcml\u00fclerin al\u0131nd\u0131\u011f\u0131 giri\u015ften al\u0131nd\u0131.<\/p>\n<p style=\"text-align: justify;\">T\u00fcrk ve Tu\u011fluk, tutuklu ve h\u00fck\u00fcml\u00fclerin adliye i\u00e7inde izledi\u011fi koridorlardan ge\u00e7erek, Ankara 11. A\u011f\u0131r Ceza Mahkemesi&#8217;nin <\/p>\n","protected":false},"author":1,"featured_media":0,"comment_status":"open","ping_status":"closed","sticky":false,"template":"","format":"standard","meta":{"footnotes":""},"categories":[105],"tags":[],"class_list":["post-17439","post","type-post","status-publish","format-standard","hentry","category-gundem","odd"],"_links":{"self":[{"href":"http:\/\/www.korhanyilmaz.com\/index.php?rest_route=\/wp\/v2\/posts\/17439","targetHints":{"allow":["GET"]}}],"collection":[{"href":"http:\/\/www.korhanyilmaz.com\/index.php?rest_route=\/wp\/v2\/posts"}],"about":[{"href":"http:\/\/www.korhanyilmaz.com\/index.php?rest_route=\/wp\/v2\/types\/post"}],"author":[{"embeddable":true,"href":"http:\/\/www.korhanyilmaz.com\/index.php?rest_route=\/wp\/v2\/users\/1"}],"replies":[{"embeddable":true,"href":"http:\/\/www.korhanyilmaz.com\/index.php?rest_route=%2Fwp%2Fv2%2Fcomments&post=17439"}],"version-history":[{"count":0,"href":"http:\/\/www.korhanyilmaz.com\/index.php?rest_route=\/wp\/v2\/posts\/17439\/revisions"}],"wp:attachment":[{"href":"http:\/\/www.korhanyilmaz.com\/index.php?rest_route=%2Fwp%2Fv2%2Fmedia&parent=17439"}],"wp:term":[{"taxonomy":"category","embeddable":true,"href":"http:\/\/www.korhanyilmaz.com\/index.php?rest_route=%2Fwp%2Fv2%2Fcategories&post=17439"},{"taxonomy":"post_tag","embeddable":true,"href":"http:\/\/www.korhanyilmaz.com\/index.php?rest_route=%2Fwp%2Fv2%2Ftags&post=17439"}],"curies":[{"name":"wp","href":"https:\/\/api.w.org\/{rel}","templated":true}]}}