{"id":17431,"date":"2009-12-30T18:19:35","date_gmt":"2009-12-30T16:19:35","guid":{"rendered":"http:\/\/www.korhanyilmaz.com\/?p=17431"},"modified":"2009-12-30T18:19:35","modified_gmt":"2009-12-30T16:19:35","slug":"ilginc-cikisiyla-gundeme-geldi","status":"publish","type":"post","link":"http:\/\/www.korhanyilmaz.com\/?p=17431","title":{"rendered":"\u0130lgin\u00e7 \u00e7\u0131k\u0131\u015f\u0131yla g\u00fcndeme geldi"},"content":{"rendered":"<p style=\"text-align: center;\"><a href=\"http:\/\/www.korhanyilmaz.com\/wp-content\/uploads\/2009\/12\/ozcan1.jpg\"  class=\"lightview\"><img loading=\"lazy\" decoding=\"async\" class=\"aligncenter size-full wp-image-17432\" src=\"http:\/\/www.korhanyilmaz.com\/wp-content\/uploads\/2009\/12\/ozcan1.jpg\" alt=\"\" width=\"329\" height=\"210\" \/><\/a><\/p>\n<p style=\"text-align: justify;\">7 vatan evlad\u0131n\u0131 \u015fehit veriyoruz \u2018derin devlet mi\u2019 yapt\u0131 aymazl\u0131\u011f\u0131 i\u00e7indeyiz.<\/p>\n<p style=\"text-align: justify;\">Ak Parti Ankara Milletvekili Zekai \u00d6zcan, ilgin\u00e7 \u00e7\u0131k\u0131\u015f\u0131yla g\u00fcndeme geldi. \u201cKristal vazoyu \u00e7atlat\u0131rsan\u0131z sonra hi\u00e7bir a\u00e7\u0131l\u0131m bu \u00e7atla\u011f\u0131 birle\u015ftirmez\u201d diyen \u00d6zcan, bir\u00e7ok tebrik mesaj\u0131 ald\u0131. \u00d6zcan, buna \u00e7ok \u015fa\u015f\u0131rd\u0131\u011f\u0131n\u0131 belirterek, \u201cYapt\u0131\u011f\u0131m normal bir \u015fey. Partimizin politikas\u0131 da bu olmal\u0131\u201d dedi. Milletvekili maa\u015f zamm\u0131n\u0131 engelledi\u011fi i\u00e7in tepki g\u00f6ren, TBMM\u2019de milletvekillerinin y\u00fczde 90\u2019\u0131yla selamla\u015fmayan \u00d6zcan, VATAN\u2019a ilgin\u00e7 a\u00e7\u0131klamalar yapt\u0131.<!--more--><\/p>\n<p style=\"text-align: justify;\"><strong><em>\u00c7\u0131k\u0131\u015f\u0131n\u0131za nas\u0131l tepkiler geldi? <\/em><\/strong><\/p>\n<p style=\"text-align: justify;\">\u00c7ok telefon ald\u0131m. Tebrik edenler, \u2019Niye ge\u00e7 konu\u015ftun\u2019 diyenler oldu. Oysa yapt\u0131\u011f\u0131m \u00e7ok normal bir \u015fey. \u2019Bir yanl\u0131\u015fl\u0131\u011fa d\u00fc\u015f\u00fcl\u00fcyor ve d\u00fczeltilmesi gerek\u2019deniliyor. AKP\u2019nin de politikas\u0131 b\u00f6yledir ama kendini iyi ifade edemiyor diye d\u00fc\u015f\u00fcn\u00fcyorum. Asl\u0131nda hi\u00e7 susmad\u0131m. TRT \u015ee\u015f\u2019e tek \u201chay\u0131r\u201d diyen ki\u015fi benim. Genel anlamda K\u00fcrt k\u00f6kenli vatanda\u015flar\u0131m\u0131z\u0131n ana dilleriyle haber almalar\u0131na, film izlemelerine imkan tan\u0131nmas\u0131ndan yanay\u0131m. Ancak bunu devletin yapmamas\u0131 laz\u0131m. \u00d6zel televizyonlar yapabilir. Bana g\u00f6re devletin dili, e\u011fitim ve kamudaki dili T\u00fcrk\u00e7e\u2019dir.<\/p>\n<p style=\"text-align: justify;\"><strong><em>Milletvekili maa\u015flar\u0131 d\u00fczenlemesi sizi TBMM\u2019de, grubunuzda \u00e7ok s\u0131k\u0131nt\u0131ya soktu&#8230; <\/em><\/strong><\/p>\n<p style=\"text-align: justify;\">Soysal g\u00fcvenlik reformu yapmaya kalkt\u0131k. \u00c7\u00fcnk\u00fc 65 sene sonra T\u00fcrkiye\u2019nin a\u00e7\u0131\u011f\u0131 2007 rakamlar\u0131yla tam 2.2 trilyon TL olacak. \u00c7ocuklar\u0131m\u0131z\u0131 b\u00f6yle bir bor\u00e7 y\u00fck\u00fc b\u0131rakmaya hakk\u0131m\u0131z yok dedik. Komisyon ba\u015fkan\u0131 bendim. Amat\u00f6r bir grupla \u00e7al\u0131\u015ft\u0131k. Zor bir i\u015fti ve profesyonel olarak bilen de yoktu. Sabahlara kadar \u00e7al\u0131\u015ft\u0131m. S\u0131rt\u0131mda \u00e7\u0131banlar \u00e7\u0131kt\u0131. Amac\u0131m\u0131z a\u00e7\u0131klar\u0131 kontrol alt\u0131na almak ve yanl\u0131\u015f olan emekli maa\u015f\u0131 sistemini d\u00fczeltmekti. \u0130nsanlar ne kadar \u00e7al\u0131\u015f\u0131yor ve ne kadar prim \u00f6d\u00fcyorlarsa o kadar emekli maa\u015f\u0131 als\u0131nlar istedik. Ama hedeflerin i\u00e7inde kimsenin maa\u015f\u0131n\u0131 y\u00fckseltmek veya al\u00e7altmak yoktu. \u00dczerimize \u00e7ok gelindi.<\/p>\n<p style=\"text-align: justify;\"><strong><em>Kendi grubunuzun milletvekilleri de mi? <\/em><\/strong><\/p>\n<p style=\"text-align: justify;\">Evet onlar da dahil. Halbuki Say\u0131n Ba\u015fbakan\u2019a neler yapaca\u011f\u0131m\u0131 anlatt\u0131m ve olurunu alm\u0131\u015ft\u0131m. Bu \u015fekilde \u00e7\u0131kmas\u0131n\u0131 benim zaten millete anlatmam m\u00fcmk\u00fcn de\u011fildi. Samimi s\u00f6yl\u00fcyorum o yasa \u00e7\u0131ksayd\u0131 oyumuz y\u00fczde 10-15 d\u00fc\u015ferdi. Ekonomik krizde izah edemezdik. Sonra aleyhime yay\u0131nlar yap\u0131ld\u0131. Haz\u0131rlad\u0131\u011f\u0131m sosyal g\u00fcvenlik yasas\u0131 delik de\u015fik oldu. Bug\u00fcn milletin problemi var. \u0130lki faiz \u00f6demeleri. \u0130kincisi sosyal g\u00fcvenlik \u00f6demeleri. Bu sene 2010 b\u00fct\u00e7esinde ilk defa sosyal g\u00fcvenlik a\u00e7\u0131\u011f\u0131 faiz \u00f6demelerinin \u00fczerine \u00e7\u0131kt\u0131. 60 milyar TL civar\u0131nda bir sosyal g\u00fcvenlik a\u00e7\u0131\u011f\u0131 oluyor. Halbuki Say\u0131n Ba\u015fbakan orada siyasi irade g\u00f6stermi\u015fti. Hi\u00e7 m\u00fcdahale etmedi. \u015eartlar ne gerekiyorsa onu yap\u0131n dedi. Ne yaz\u0131k ki ilgili bakanlar ve parti grubu, di\u011fer muhaliefet partileri siyaset yapma u\u011fruna bu yasay\u0131 delik de\u015fik ettiler.<\/p>\n<p style=\"text-align: justify;\"><strong><em>Milletvekilleri size h\u00e2l\u00e2 tepkili mi? <\/em><\/strong><\/p>\n<p style=\"text-align: justify;\">Hayat\u0131m boyunca inan\u00e7lar\u0131m ve yeti\u015fme tarz\u0131m\u0131n gere\u011fi selams\u0131z bir yere gitmedim. D\u00fc\u015f\u00fcnebiliyor musunuz bug\u00fcn y\u00fczde 90\u2019\u0131yla selamla\u015fmakta s\u0131k\u0131nt\u0131 \u00e7ekiyorum. \u00c7ok zor bir \u015fey. Yapt\u0131\u011f\u0131m hem do\u011fruyu s\u00f6ylemek hem de AKP\u2019nin oylar\u0131n\u0131n d\u00fc\u015fme ihtimali olan bir \u015feyi engellemek.<\/p>\n<p style=\"text-align: justify;\"><strong><em>Say\u0131n Ba\u015fbakan\u2019a bunlar\u0131 iletmediniz mi? <\/em><\/strong><\/p>\n<p style=\"text-align: justify;\">\u0130lettim. \u2019Merak etme. Bu i\u015fi en do\u011fru \u015fekilde yap\u2019 dedi, sa\u011folsun. Ama tam o s\u0131rada kapatma davas\u0131 g\u00fcndeme geldi. Kendisi pek zaman ay\u0131ramay\u0131nca ba\u015fkalar\u0131 herkese \u2019Merak etmeyin Zekai beyin ipini \u00e7ektik\u2019 demeye ba\u015flad\u0131. \u015e\u0131k ve do\u011fru olmad\u0131.<\/p>\n<p style=\"text-align: justify;\"><strong><em>Kim bunu s\u00f6yleyenler? <\/em><\/strong><\/p>\n<p style=\"text-align: justify;\">Onlar biliniyor. Ben do\u011fru bildi\u011fimi yapt\u0131m ve yapmaya devam edece\u011fim.<\/p>\n<p style=\"text-align: justify;\"><strong><em>Fevzi \u0130\u015fba\u015faran\u2019\u0131n istifas\u0131yla sizin a\u00e7\u0131klamalar\u0131n\u0131z \u00fcst \u00fcste geldi&#8230; <\/em><\/strong><\/p>\n<p style=\"text-align: justify;\">Buna \u00fcz\u00fcl\u00fcyorum. Kendisini pek tan\u0131mam. Onun yapt\u0131\u011f\u0131yla veya ba\u015f\u0131na gelenlerle benim durumum aras\u0131nda bir benzerlik yok. Benzerlik kurmaya \u00e7al\u0131\u015f\u0131lmas\u0131 yanl\u0131\u015f.<\/p>\n<p style=\"text-align: justify;\"><strong><em>Baz\u0131 milletvekillerinin Barzani\u2019yle g\u00f6r\u00fc\u015fmesine de grupta tepkiler oldu\u011fu s\u00f6yleniyor&#8230; <\/em><\/strong><\/p>\n<p style=\"text-align: justify;\">\u015eah\u0131slara girmek istemiyorum. Kuzey Irak\u2019taki geli\u015fmeler beni rahats\u0131z ediyor. Barzani ge\u00e7mi\u015fte T\u00fcrkiye\u2019den beslendi. Sonra \u2019kedi bile vermem\u2019 \u015feklinde tahrik eden s\u00f6zler s\u00f6yledi. Barzani\u2019nin T\u00fcrkiye\u2019ye o b\u00f6lgede iyi niyetle bakt\u0131\u011f\u0131na inanm\u0131yorum. Onunla konu\u015fan olabilir. Devletimizin, h\u00fck\u00fcmetimizin politikas\u0131ysa sayg\u0131 duyar\u0131m. Ama \u015fahsen Barzani\u2019nin iyi niyetli oldu\u011funa inanm\u0131yorum. Bize tavsiyesi \u015fu: \u2019Ter\u00f6r \u00f6rg\u00fct\u00fcyle demokratik olarak uzla\u015f\u0131n\u2019. B\u00f6yle bir \u015fey olabilir mi? Erbil ve Kandil aras\u0131nda bir asfalt yol var. Kesse ve biraz zorlasa adamlar birka\u00e7 ay sonra tasfiye olmak zorundad\u0131r. En az\u0131ndan Kandil\u2019den kurtuluruz. Bir de gelir da\u011f\u0131l\u0131m\u0131ndaki adaletsizlik bu i\u015fi etkiledi deniyor. Ben buna bir noktada kat\u0131l\u0131r\u0131m ama temelinde asla kat\u0131lm\u0131yorum. Gelir da\u011f\u0131l\u0131m\u0131ndaki noksanl\u0131k hi\u00e7bir zaman etnik yap\u0131y\u0131 k\u00f6r\u00fcklemez. Mesela \u0130spanya\u2019da bug\u00fcn milli gelir ortalamas\u0131 31 bin 200 dolar. Ama en \u00e7ok ayr\u0131mc\u0131 \u00f6rg\u00fct\u00fcn bulundu\u011fu BASK b\u00f6lgesinde 33 bin dolar. Problem etnik yap\u0131dan kaynaklanm\u0131yor. \u0130spanyal\u0131lara asla ter\u00f6re evet demedikleir i\u00e7in sayg\u0131 duymak laz\u0131m. Orada ETA bir jandarma \u00f6ld\u00fcrse t\u00fcm \u0130spanya 5 dakika sessiz bir \u015fekilde protesto eder. En \u00e7ok da BASK b\u00f6lgesi bunu yapar ve lanetledi\u011fini s\u00f6yler.<\/p>\n<p style=\"text-align: justify;\">T\u00fcrkiye\u2019de 7 \u015fehit verdi\u011fimiz Re\u015fadiye\u2019ye bak\u0131n. 7 vatan evlad\u0131m\u0131z\u0131 \u015fehit veriyoruz ve biz aymazl\u0131k i\u00e7inde seyrediyoruz. \u201cAcaba bunu kim yapt\u0131, derin devlet mi yapt\u0131\u2019 noktas\u0131na bile geldik. Bu aymazl\u0131k ger\u00e7ekten \u00e7ok \u00e7irkin bir \u015fey. Bunu diyenler, hatta PKK \u00fcstlenmesine ra\u011fmen hala \u015f\u00fcphesi olanlar oldu. B\u00f6yle bir \u015fey olabilir mi Kendi askerini vurabilecek bir derin devlet olabilir mi? Bunlar do\u011fru \u015feyler de\u011fil.<\/p>\n<p style=\"text-align: justify;\">Eve D\u00f6n\u00fc\u015f\u2019e \u2018Evet\u2019 dedi\u011fim i\u00e7in pi\u015fman\u0131m<\/p>\n<p style=\"text-align: justify;\"><strong><em>Parti i\u00e7inde a\u00e7\u0131l\u0131mla ilgili iki farkl\u0131 g\u00f6r\u00fc\u015f var gibi alg\u0131lan\u0131yor. Bir ayr\u0131l\u0131k var m\u0131? <\/em><\/strong><\/p>\n<p style=\"text-align: justify;\">Ben AKP\u2019nin, devletin \u00fcniter yap\u0131s\u0131ndan, milli birlikten yana oldu\u011funu en az\u0131ndan felsefesi oldu\u011funu biliyordum. E\u011fer ayr\u0131\u015fma noktas\u0131na geldiyse i\u00e7erdeki baz\u0131lar\u0131 bu i\u015fi k\u00f6r\u00fckl\u00fcyor demektir. \u2019Parti i\u00e7inde ittihat\u00e7\u0131lar var\u2019 diyorsunuz. \u2019T\u00fcrk ismini de\u011fi\u015ftirece\u011fiz\u2019 diyorsunuz. S\u00f6ylendiyse bunlar yanl\u0131\u015ft\u0131r. T\u00fcrkiye\u2019de Alevilerin sorunlar\u0131 var. Bunlar demokratik taleptir. Fakat demokratik a\u00e7\u0131l\u0131m dendikten sonra art\u0131k hepsi b\u0131rak\u0131l\u0131r, herkes kendi adamlar\u0131yla toplan\u0131r. Demokratik pakette bireysel haklarla ilgili ne verilecekse bir b\u00fct\u00fcn olarak d\u00fc\u015f\u00fcn\u00fcl\u00fcr. Ayr\u0131 bir kompartmanda \u00e7al\u0131\u015fma yap\u0131lmaz.<\/p>\n<p style=\"text-align: justify;\"><strong><em>A\u00e7\u0131l\u0131m devam eder mi, bitmi\u015f midir? <\/em><\/strong><\/p>\n<p style=\"text-align: justify;\">H\u00fck\u00fcmetimizin yapacaklar\u0131n\u0131 daha a\u00e7\u0131k ve net s\u00f6ylemesi laz\u0131m. Zaman zaman s\u00f6yl\u00fcyor ama netle\u015femiyor. \u2019Biz demokrasi eksi\u011fimizi tamamlamak i\u00e7in ne gerekiyorsa yapaca\u011f\u0131z. Etnik ve mezhep vurgusu yapmadan bunu tamamlamak zorunday\u0131z. Bu s\u00fcre\u00e7te bir problem yok\u2019denmeli. Tuza\u011fa d\u00fc\u015fmemek laz\u0131m ancak bu tuzak devam ediyor. ABD Kuzey Irak\u2019ta bir devlet kurmak isteyebilir. Bence bu tuza\u011fa d\u00fc\u015fmemeliyiz. Ben Eve D\u00f6n\u00fc\u015f projesinde ilk oylamaya anlamad\u0131\u011f\u0131m i\u00e7in gitmedim. Sonra Adalet ve Savunma Bakan\u0131\u2019yla konu\u015ftum ve ne oldu\u011funu sordum. Bana, \u2019Bunu yapaca\u011f\u0131z. E\u011fer hala PKK da\u011fdan inmezse ABD ile beraber operasyon yap\u0131p onlar\u0131 tasfiye edece\u011fiz\u2019 dediler. T\u00fcrk ordusu da bu i\u015fe evet dedi\u011fini s\u00f6ylediler. O zaman oy verdim. Ama sonradan \u00e7ok pi\u015fman oldum. \u00c7\u00fcnk\u00fc s\u00f6yledikleri maalesef olmad\u0131. B\u00fcy\u00fck devletlere \u00e7ok fazla g\u00fcvenip ter\u00f6r \u00f6rg\u00fct\u00fcn\u00fc yok edece\u011fiz d\u00fc\u015f\u00fcncesine kap\u0131lmamak laz\u0131m.<\/p>\n<p style=\"text-align: justify;\"><span style=\"color: #888888;\">Deniz G\u00fc\u00e7er &#8211; VATAN<\/span><\/p>\n","protected":false},"excerpt":{"rendered":"<p style=\"text-align: center;\">\n<p style=\"text-align: justify;\">7 vatan evlad\u0131n\u0131 \u015fehit veriyoruz \u2018derin devlet mi\u2019 yapt\u0131 aymazl\u0131\u011f\u0131 i\u00e7indeyiz.<\/p>\n<p style=\"text-align: justify;\">Ak Parti Ankara Milletvekili Zekai \u00d6zcan, ilgin\u00e7 \u00e7\u0131k\u0131\u015f\u0131yla g\u00fcndeme geldi. \u201cKristal vazoyu \u00e7atlat\u0131rsan\u0131z sonra hi\u00e7bir a\u00e7\u0131l\u0131m bu \u00e7atla\u011f\u0131 birle\u015ftirmez\u201d diyen \u00d6zcan, bir\u00e7ok tebrik mesaj\u0131 ald\u0131. \u00d6zcan, buna \u00e7ok \u015fa\u015f\u0131rd\u0131\u011f\u0131n\u0131 belirterek, \u201cYapt\u0131\u011f\u0131m normal bir \u015fey. Partimizin politikas\u0131 da <\/p>\n","protected":false},"author":1,"featured_media":0,"comment_status":"open","ping_status":"closed","sticky":false,"template":"","format":"standard","meta":{"footnotes":""},"categories":[105],"tags":[],"class_list":["post-17431","post","type-post","status-publish","format-standard","hentry","category-gundem","odd"],"_links":{"self":[{"href":"http:\/\/www.korhanyilmaz.com\/index.php?rest_route=\/wp\/v2\/posts\/17431","targetHints":{"allow":["GET"]}}],"collection":[{"href":"http:\/\/www.korhanyilmaz.com\/index.php?rest_route=\/wp\/v2\/posts"}],"about":[{"href":"http:\/\/www.korhanyilmaz.com\/index.php?rest_route=\/wp\/v2\/types\/post"}],"author":[{"embeddable":true,"href":"http:\/\/www.korhanyilmaz.com\/index.php?rest_route=\/wp\/v2\/users\/1"}],"replies":[{"embeddable":true,"href":"http:\/\/www.korhanyilmaz.com\/index.php?rest_route=%2Fwp%2Fv2%2Fcomments&post=17431"}],"version-history":[{"count":0,"href":"http:\/\/www.korhanyilmaz.com\/index.php?rest_route=\/wp\/v2\/posts\/17431\/revisions"}],"wp:attachment":[{"href":"http:\/\/www.korhanyilmaz.com\/index.php?rest_route=%2Fwp%2Fv2%2Fmedia&parent=17431"}],"wp:term":[{"taxonomy":"category","embeddable":true,"href":"http:\/\/www.korhanyilmaz.com\/index.php?rest_route=%2Fwp%2Fv2%2Fcategories&post=17431"},{"taxonomy":"post_tag","embeddable":true,"href":"http:\/\/www.korhanyilmaz.com\/index.php?rest_route=%2Fwp%2Fv2%2Ftags&post=17431"}],"curies":[{"name":"wp","href":"https:\/\/api.w.org\/{rel}","templated":true}]}}