{"id":17427,"date":"2009-12-30T12:51:33","date_gmt":"2009-12-30T10:51:33","guid":{"rendered":"http:\/\/www.korhanyilmaz.com\/?p=17427"},"modified":"2009-12-30T12:51:33","modified_gmt":"2009-12-30T10:51:33","slug":"sebahat-tuncel-hakkinda-da-yakalama-karari","status":"publish","type":"post","link":"http:\/\/www.korhanyilmaz.com\/?p=17427","title":{"rendered":"Sebahat Tuncel hakk\u0131nda da yakalama karar\u0131"},"content":{"rendered":"<p><a href=\"http:\/\/www.korhanyilmaz.com\/wp-content\/uploads\/2009\/12\/TUNCEL.jpg\"  class=\"lightview\"><img loading=\"lazy\" decoding=\"async\" class=\"aligncenter size-full wp-image-17428\" src=\"http:\/\/www.korhanyilmaz.com\/wp-content\/uploads\/2009\/12\/TUNCEL.jpg\" alt=\"\" width=\"292\" height=\"201\" \/><\/a><\/p>\n<p style=\"text-align: justify;\">Ankara 11. A\u011f\u0131r Ceza Mahkemesi, BDP \u0130stanbul Milletvekili Sebahat Tuncel&#8217;in &#8220;su\u00e7u ve su\u00e7luyu \u00f6vd\u00fc\u011f\u00fc&#8221; iddias\u0131yla yarg\u0131land\u0131\u011f\u0131 davada, ifadesinin al\u0131nmas\u0131 i\u00e7in &#8220;g\u00fcns\u00fcz olarak zorla haz\u0131r edilmesine&#8221; karar verdi. Tuncel ifade vermeye gitmeyeceklerini s\u00f6yledi.<\/p>\n<p style=\"text-align: justify;\">Kapat\u0131lan DTP milletvekilleri Aysel Tu\u011fluk ve BDP&#8217;li Sabahat Tuncel&#8217;den &#8220;zorla ifadeye g\u00f6t\u00fcr\u00fclme krizi&#8221; ile ilgili a\u00e7\u0131klama geldi. <!--more--><\/p>\n<p style=\"text-align: justify;\">Tu\u011fluk gerek\u00e7eli karar yay\u0131nland\u0131ktan sonra ifade vereceklerini s\u00f6yledi. Tuncel ise ifade vermeye gitmeyeceklerini s\u00f6yledi.<\/p>\n<p style=\"text-align: justify;\">Tuncel&#8217;in de aras\u0131nda bulundu\u011fu, kapat\u0131lan DTP&#8217;nin Kad\u0131n Meclisi \u00fcyesi 23 ki\u015finin &#8220;su\u00e7u ve su\u00e7luyu \u00f6vd\u00fckleri&#8221; gerek\u00e7esiyle yarg\u0131lanmalar\u0131na devam edildi.<\/p>\n<p style=\"text-align: justify;\">Duru\u015fmaya, tutuksuz san\u0131klar Meryem Demir ve Hacer Karaka\u015f ile baz\u0131 san\u0131k avukatlar\u0131 kat\u0131ld\u0131. Mahkeme Ba\u015fkan\u0131 Hasan \u015eat\u0131r, Tuncel&#8217;in \u00f6nceki celse zorla haz\u0131r edilmesi i\u00e7in yaz\u0131lan m\u00fczekkereye cevap verildi\u011fini belirtti.<\/p>\n<p style=\"text-align: justify;\">\u015eat\u0131r, Tuncel&#8217;e eski DTP yeni BDP Genel Merkezi&#8217;nde bulunmamas\u0131 nedeniyle ula\u015f\u0131lamad\u0131\u011f\u0131n\u0131n tutanak alt\u0131na al\u0131nd\u0131\u011f\u0131n\u0131 ifade etti.<\/p>\n<p style=\"text-align: justify;\">Cumhuriyet Savc\u0131s\u0131 Kubilay Ta\u015ftan savunmas\u0131 al\u0131namayan Tuncel&#8217;in savunmas\u0131n\u0131n al\u0131nabilmesi i\u00e7in &#8220;g\u00fcns\u00fcz olarak zorla haz\u0131r edilmesini&#8221; istedi.<\/p>\n<p style=\"text-align: justify;\">Tuncel&#8217;in avukat\u0131 Mehmet Nuri \u00d6zmen, m\u00fcvekkili hakk\u0131ndaki zorla getirilme m\u00fczekkeresine &#8220;g\u00fcns\u00fcz&#8221; ifadesinin konulmamas\u0131n\u0131 talep ederek, &#8220;Bu durum spek\u00fclasyonlara yol a\u00e7\u0131yor. &#8216;Duru\u015fma g\u00fcn\u00fcnde haz\u0131r bulundurulmas\u0131&#8217; diye yaz\u0131l\u0131rsa daha iyi olur&#8221; dedi.<\/p>\n<p style=\"text-align: justify;\">Mahkeme heyeti, Tuncel hakk\u0131ndaki iddianamenin i\u00e7eri\u011fi, Yarg\u0131tay 9. Ceza Dairesi&#8217;nin konuyla ilgili i\u00e7tihatlar\u0131, usulen yap\u0131lan tebli\u011fe ra\u011fmen duru\u015fmaya gelmemesi, g\u00f6revi nedeniyle s\u0131k s\u0131k adresinden ayr\u0131lmas\u0131, il d\u0131\u015f\u0131nda olmas\u0131, bu sebeple belirli bir g\u00fcnde haz\u0131r edilememesi ihtimalini de dikkate alarak CMK&#8217;n\u0131n 146. ve 199. maddeleri uyar\u0131nca savunmas\u0131n\u0131n al\u0131nmas\u0131 i\u00e7in &#8220;g\u00fcns\u00fcz olarak zorla haz\u0131r edilmesi&#8221; konusunda Cumhuriyet Ba\u015fsavc\u0131vekilli\u011fi&#8217;ne m\u00fczekkere yaz\u0131lmas\u0131na karar verdi. Duru\u015fma bir ba\u015fka g\u00fcne b\u0131rak\u0131ld\u0131.<\/p>\n<p style=\"text-align: justify;\"><strong><em>\u0130fade krizinde kritik g\u00fcn <\/em><\/strong><\/p>\n<p style=\"text-align: justify;\">D\u00fcn eski DTP&#8217;lilerin ifade krizinde kritik bir g\u00fcn ya\u015fanm\u0131\u015f ve Ahmet T\u00fcrk, Aysel Tu\u011fluk, Selahattin Demirta\u015f ve Emine Ayna hakk\u0131nda g\u00f6r\u00fcld\u00fc\u011f\u00fc yerde yakalama karar\u0131 \u00e7\u0131kar\u0131lm\u0131\u015ft\u0131.<\/p>\n<p style=\"text-align: justify;\">Polis, zorla g\u00f6t\u00fcrme karar\u0131 nedeniyle BDP Genel Merkezi&#8217;ne gitmi\u015f, milletvekillerinin genel merkezde olmamas\u0131 \u00fczerine,  15 dakika merkezde kald\u0131ktan sonra &#8221;BDP&#8217;liler merkezde yok&#8221; diye tutanak tutmu\u015f ve ayr\u0131lm\u0131\u015ft\u0131.<\/p>\n<p style=\"text-align: justify;\"><span style=\"color: #888888;\">CNN TR\u00dcK<\/span><\/p>\n","protected":false},"excerpt":{"rendered":"<\/p>\n<p style=\"text-align: justify;\">Ankara 11. A\u011f\u0131r Ceza Mahkemesi, BDP \u0130stanbul Milletvekili Sebahat Tuncel&#8217;in &#8220;su\u00e7u ve su\u00e7luyu \u00f6vd\u00fc\u011f\u00fc&#8221; iddias\u0131yla yarg\u0131land\u0131\u011f\u0131 davada, ifadesinin al\u0131nmas\u0131 i\u00e7in &#8220;g\u00fcns\u00fcz olarak zorla haz\u0131r edilmesine&#8221; karar verdi. Tuncel ifade vermeye gitmeyeceklerini s\u00f6yledi.<\/p>\n<p style=\"text-align: justify;\">Kapat\u0131lan DTP milletvekilleri Aysel Tu\u011fluk ve BDP&#8217;li Sabahat Tuncel&#8217;den &#8220;zorla ifadeye g\u00f6t\u00fcr\u00fclme krizi&#8221; ile ilgili a\u00e7\u0131klama geldi. <\/p>\n","protected":false},"author":1,"featured_media":0,"comment_status":"open","ping_status":"closed","sticky":false,"template":"","format":"standard","meta":{"footnotes":""},"categories":[105],"tags":[],"class_list":["post-17427","post","type-post","status-publish","format-standard","hentry","category-gundem","odd"],"_links":{"self":[{"href":"http:\/\/www.korhanyilmaz.com\/index.php?rest_route=\/wp\/v2\/posts\/17427","targetHints":{"allow":["GET"]}}],"collection":[{"href":"http:\/\/www.korhanyilmaz.com\/index.php?rest_route=\/wp\/v2\/posts"}],"about":[{"href":"http:\/\/www.korhanyilmaz.com\/index.php?rest_route=\/wp\/v2\/types\/post"}],"author":[{"embeddable":true,"href":"http:\/\/www.korhanyilmaz.com\/index.php?rest_route=\/wp\/v2\/users\/1"}],"replies":[{"embeddable":true,"href":"http:\/\/www.korhanyilmaz.com\/index.php?rest_route=%2Fwp%2Fv2%2Fcomments&post=17427"}],"version-history":[{"count":0,"href":"http:\/\/www.korhanyilmaz.com\/index.php?rest_route=\/wp\/v2\/posts\/17427\/revisions"}],"wp:attachment":[{"href":"http:\/\/www.korhanyilmaz.com\/index.php?rest_route=%2Fwp%2Fv2%2Fmedia&parent=17427"}],"wp:term":[{"taxonomy":"category","embeddable":true,"href":"http:\/\/www.korhanyilmaz.com\/index.php?rest_route=%2Fwp%2Fv2%2Fcategories&post=17427"},{"taxonomy":"post_tag","embeddable":true,"href":"http:\/\/www.korhanyilmaz.com\/index.php?rest_route=%2Fwp%2Fv2%2Ftags&post=17427"}],"curies":[{"name":"wp","href":"https:\/\/api.w.org\/{rel}","templated":true}]}}