{"id":17424,"date":"2009-12-30T12:52:26","date_gmt":"2009-12-30T10:52:26","guid":{"rendered":"http:\/\/www.korhanyilmaz.com\/?p=17424"},"modified":"2009-12-30T12:52:26","modified_gmt":"2009-12-30T10:52:26","slug":"tokattaki-pusu-gozaltindaki-muhtar-tutuklandi","status":"publish","type":"post","link":"http:\/\/www.korhanyilmaz.com\/?p=17424","title":{"rendered":"Tokat&#039;taki pusu: G\u00f6zalt\u0131ndaki muhtar tutukland\u0131"},"content":{"rendered":"<p><a href=\"http:\/\/www.korhanyilmaz.com\/wp-content\/uploads\/2009\/12\/RESAD\u0130YE.jpg\"  class=\"lightview\"><img loading=\"lazy\" decoding=\"async\" class=\"aligncenter size-full wp-image-17423\" src=\"http:\/\/www.korhanyilmaz.com\/wp-content\/uploads\/2009\/12\/RESAD\u0130YE.jpg\" alt=\"\" width=\"292\" height=\"242\" \/><\/a><\/p>\n<p style=\"text-align: justify;\">Tokat&#8217;\u0131n Re\u015fadiye il\u00e7esindeki ter\u00f6rist sald\u0131r\u0131yla ilgili soru\u015fturma kapsam\u0131nda g\u00f6zalt\u0131nda bulunan k\u00f6y muhtar\u0131 tutukland\u0131.<\/p>\n<p style=\"text-align: justify;\">Ter\u00f6rist sald\u0131r\u0131ya y\u00f6nelik y\u00fcr\u00fct\u00fclen soru\u015fturma kapsam\u0131nda g\u00f6zalt\u0131na al\u0131nan ve il\u00e7edeki bir k\u00f6y\u00fcn muhtar\u0131 oldu\u011fu bildirilen zanl\u0131 H.\u0130, jandarmadaki sorgu ve i\u015flemlerinin ard\u0131ndan Re\u015fadiye Cumhuriyet Savc\u0131l\u0131\u011f\u0131&#8217;na sevk edildi. <!--more--><\/p>\n<p style=\"text-align: justify;\">Burada savc\u0131 taraf\u0131ndan ifadesi al\u0131nan zanl\u0131 H.\u0130., sevk edildi\u011fi N\u00f6bet\u00e7i Mahkemece tutukland\u0131.<\/p>\n<p style=\"text-align: justify;\">Devletin birli\u011fi ve \u00fclke b\u00fct\u00fcnl\u00fc\u011f\u00fcne sald\u0131r\u0131 ile ter\u00f6r \u00f6rg\u00fct\u00fcne yard\u0131m ve yatakl\u0131k su\u00e7lamas\u0131 ile tutuklanan muhtar H.\u0130. \u00c7aml\u0131bel F Tipi Cezaevi&#8217;ne g\u00f6nderildi.<\/p>\n<p style=\"text-align: justify;\">\u0130.H. kendisine y\u00f6nelik su\u00e7lamalar\u0131 kabul etmedi.<\/p>\n<p style=\"text-align: justify;\"><strong><em>Daha \u00f6nce DHKP- C&#8217;ye yard\u0131mdan sorgulanm\u0131\u015f <\/em><\/strong><\/p>\n<p style=\"text-align: justify;\">Bu arada, tutuklanan G\u00f6kk\u00f6y muhtar\u0131 H.\u0130. ile ilgili ayr\u0131nt\u0131lar ortaya \u00e7\u0131kmaya ba\u015flad\u0131.<\/p>\n<p style=\"text-align: justify;\">B\u00f6lgedeki istihbarat \u00e7al\u0131\u015fmalar\u0131 sonucunda g\u00f6zalt\u0131na al\u0131narak sorgulanan muhtar H.\u0130.&#8217;nin 1993 y\u0131l\u0131nda da b\u00f6lgede faaliyet g\u00f6steren ter\u00f6r \u00f6rg\u00fct\u00fc DHKP-C&#8217;ye yard\u0131m ve yatakl\u0131k iddias\u0131 ile g\u00f6zalt\u0131na al\u0131n\u0131p sorguland\u0131\u011f\u0131 belirtildi.<\/p>\n<p style=\"text-align: justify;\">7 Aral\u0131k&#8217;ta yap\u0131lan ter\u00f6r sald\u0131r\u0131s\u0131nda muhtar\u0131n askerlerin il\u00e7eye geli\u015f gidi\u015f saatleri ile ilgili olarak PKK&#8217;l\u0131 gruba bilgi verdi\u011fi, bu nedenle sorguland\u0131\u011f\u0131 bildirildi.<\/p>\n<p style=\"text-align: justify;\">Muhtar\u0131n g\u00f6zalt\u0131na al\u0131nd\u0131ktan sonra olay \u00f6ncesi ve sonras\u0131nda bulundu\u011fu yerler ile ilgili verdi\u011fi \u00e7eli\u015fkili yan\u0131tlarda ger\u00e7e\u011fi s\u00f6ylemedi\u011finin ortaya \u00e7\u0131kmas\u0131 \u00fczerine \u015f\u00fcphelerin artt\u0131\u011f\u0131 bildirildi.<\/p>\n<p style=\"text-align: justify;\">Olay s\u0131ras\u0131nda bir kahvede oldu\u011funu s\u00f6yleyen muhtar\u0131n, yan\u0131nda oldu\u011funu s\u00f6yledi\u011fi arkada\u015flar\u0131 bu bilgileri do\u011frulamad\u0131.<\/p>\n<p style=\"text-align: justify;\"><strong><em>Daha b\u00fcy\u00fck sald\u0131r\u0131 hedefleniyordu <\/em><\/strong><\/p>\n<p style=\"text-align: justify;\">Bu arada, b\u00f6lgede eylem yapmak i\u00e7in bulunan PKK&#8217;l\u0131lar\u0131n daha b\u00fcy\u00fck eylem plan\u0131 yapt\u0131\u011f\u0131 ancak bunu ger\u00e7ekle\u015ftiremedikleri bildirildi.<\/p>\n<p style=\"text-align: justify;\">Ter\u00f6ristlerin Jandarma B\u00f6lge Komutan\u0131 veya Alay komutan\u0131na y\u00f6nelik suikast planlad\u0131klar\u0131 ancak bunda ba\u015far\u0131l\u0131 olamad\u0131klar\u0131 \u00f6ne s\u00fcr\u00fcld\u00fc.<\/p>\n<p style=\"text-align: justify;\"><strong><em>G\u00f6zalt\u0131na al\u0131nan 6 ki\u015fiden 5&#8217;i serbest kalm\u0131\u015ft\u0131 <\/em><\/strong><\/p>\n<p style=\"text-align: justify;\">Re\u015fadiye&#8217;de 7 askerin \u015fehit oldu\u011fu, 3 askerin yaraland\u0131\u011f\u0131 ter\u00f6rist sald\u0131r\u0131yla ilgili olarak, aralar\u0131nda b\u00f6lgede faaliyet g\u00f6steren \u00f6zel bir \u015firketin \u00e7al\u0131\u015fanlar\u0131n\u0131n da bulundu\u011fu 6 ki\u015fi g\u00f6zalt\u0131na al\u0131nm\u0131\u015f, bu ki\u015filerden 5&#8217;i ifadelerinin al\u0131nmas\u0131n\u0131n ard\u0131ndan serbest b\u0131rak\u0131lm\u0131\u015ft\u0131.<\/p>\n<p style=\"text-align: justify;\"><strong><em>7 asker \u015fehit olmu\u015ftu <\/em><\/strong><\/p>\n<p style=\"text-align: justify;\">Ter\u00f6ristler 7 Aral\u0131k&#8217;ta Tokat&#8217;\u0131n Re\u015fadiye il\u00e7esi Sazak K\u00f6y\u00fc yak\u0131nlar\u0131nda devriye g\u00f6revi yapan jandarma ekiplerine ate\u015f a\u00e7m\u0131\u015f; olayda 1&#8217;i uzman \u00e7avu\u015f 7 asker \u015fehit olmu\u015f, 3 asker yaralanm\u0131\u015ft\u0131.<\/p>\n<p style=\"text-align: justify;\">Sald\u0131r\u0131y\u0131 ter\u00f6r \u00f6rg\u00fct\u00fc PKK \u00fcstlenmi\u015fti.,<\/p>\n<p style=\"text-align: justify;\"><span style=\"color: #888888;\">CNN T\u00dcRK<\/span><\/p>\n","protected":false},"excerpt":{"rendered":"<\/p>\n<p style=\"text-align: justify;\">Tokat&#8217;\u0131n Re\u015fadiye il\u00e7esindeki ter\u00f6rist sald\u0131r\u0131yla ilgili soru\u015fturma kapsam\u0131nda g\u00f6zalt\u0131nda bulunan k\u00f6y muhtar\u0131 tutukland\u0131.<\/p>\n<p style=\"text-align: justify;\">Ter\u00f6rist sald\u0131r\u0131ya y\u00f6nelik y\u00fcr\u00fct\u00fclen soru\u015fturma kapsam\u0131nda g\u00f6zalt\u0131na al\u0131nan ve il\u00e7edeki bir k\u00f6y\u00fcn muhtar\u0131 oldu\u011fu bildirilen zanl\u0131 H.\u0130, jandarmadaki sorgu ve i\u015flemlerinin ard\u0131ndan Re\u015fadiye Cumhuriyet Savc\u0131l\u0131\u011f\u0131&#8217;na sevk edildi. <\/p>\n","protected":false},"author":1,"featured_media":0,"comment_status":"open","ping_status":"closed","sticky":false,"template":"","format":"standard","meta":{"footnotes":""},"categories":[105],"tags":[],"class_list":["post-17424","post","type-post","status-publish","format-standard","hentry","category-gundem","odd"],"_links":{"self":[{"href":"http:\/\/www.korhanyilmaz.com\/index.php?rest_route=\/wp\/v2\/posts\/17424","targetHints":{"allow":["GET"]}}],"collection":[{"href":"http:\/\/www.korhanyilmaz.com\/index.php?rest_route=\/wp\/v2\/posts"}],"about":[{"href":"http:\/\/www.korhanyilmaz.com\/index.php?rest_route=\/wp\/v2\/types\/post"}],"author":[{"embeddable":true,"href":"http:\/\/www.korhanyilmaz.com\/index.php?rest_route=\/wp\/v2\/users\/1"}],"replies":[{"embeddable":true,"href":"http:\/\/www.korhanyilmaz.com\/index.php?rest_route=%2Fwp%2Fv2%2Fcomments&post=17424"}],"version-history":[{"count":0,"href":"http:\/\/www.korhanyilmaz.com\/index.php?rest_route=\/wp\/v2\/posts\/17424\/revisions"}],"wp:attachment":[{"href":"http:\/\/www.korhanyilmaz.com\/index.php?rest_route=%2Fwp%2Fv2%2Fmedia&parent=17424"}],"wp:term":[{"taxonomy":"category","embeddable":true,"href":"http:\/\/www.korhanyilmaz.com\/index.php?rest_route=%2Fwp%2Fv2%2Fcategories&post=17424"},{"taxonomy":"post_tag","embeddable":true,"href":"http:\/\/www.korhanyilmaz.com\/index.php?rest_route=%2Fwp%2Fv2%2Ftags&post=17424"}],"curies":[{"name":"wp","href":"https:\/\/api.w.org\/{rel}","templated":true}]}}