{"id":17407,"date":"2008-11-20T21:51:13","date_gmt":"2008-11-20T19:51:13","guid":{"rendered":"http:\/\/www.korhanyilmaz.com\/?p=17407"},"modified":"2008-11-20T21:51:13","modified_gmt":"2008-11-20T19:51:13","slug":"%e2%80%9cserefsiz%e2%80%9d","status":"publish","type":"post","link":"http:\/\/www.korhanyilmaz.com\/?p=17407","title":{"rendered":"\u201c\u015eerefsiz!\u201d"},"content":{"rendered":"<div id=\"attachment_17408\" style=\"width: 110px\" class=\"wp-caption alignleft\"><img loading=\"lazy\" decoding=\"async\" aria-describedby=\"caption-attachment-17408\" class=\"size-full wp-image-17408 \" style=\"margin-left: 10px; margin-right: 10px;\" src=\"http:\/\/www.korhanyilmaz.com\/wp-content\/uploads\/2009\/12\/unalbolat.jpg\" alt=\"\" width=\"100\" height=\"109\" \/><p id=\"caption-attachment-17408\" class=\"wp-caption-text\">\u00dcnal Bolat<\/p><\/div>\n<p style=\"text-align: justify;\">Sahi kimdi \u015ferefsiz?.. \u015eeref neydi? \u015eerefli olunmak ile \u015ferefsiz olmak aras\u0131ndaki kal\u0131n \u00e7izginin rengi nas\u0131ld\u0131? Bilen var m\u0131yd\u0131? D\u00fcn \u015ferefli olan, bug\u00fcn \u015ferefsiz olabiliyor muydu? Ya da d\u00fcne kadar herkesin \u015ferefsiz dedi\u011fi bug\u00fcn \u015ferefli kabul edilebilir miydi?<\/p>\n<p style=\"text-align: justify;\">Bu kelime u\u011fruna kim bilir ne kavgalar \u00e7\u0131kt\u0131&#8230; Ne cinayetler i\u015flendi?<\/p>\n<p style=\"text-align: justify;\">Kimse \u00fcst\u00fcne al\u0131nmad\u0131 ortaya konu\u015fuldu\u011funda. Ama g\u0131yabi olarak kimlerin arkas\u0131ndan s\u00f6ylendi hem de pervas\u0131zca:<\/p>\n<p style=\"text-align: justify;\">\u201c-B\u0131rak o \u015ferefsizi!\u201d<!--more--><\/p>\n<p style=\"text-align: justify;\">***<\/p>\n<p style=\"text-align: justify;\">Sahi kimdi \u015ferefsiz?.. \u015eeref neydi? \u015eerefli olunmak ile \u015ferefsiz olmak aras\u0131ndaki kal\u0131n \u00e7izginin rengi nas\u0131ld\u0131?<\/p>\n<p style=\"text-align: justify;\">Bilen var m\u0131yd\u0131?<\/p>\n<p style=\"text-align: justify;\">D\u00fcn \u015ferefli olan, bug\u00fcn \u015ferefsiz olabiliyor muydu? Ya da d\u00fcne kadar herkesin \u015ferefsiz dedi\u011fi bug\u00fcn \u015ferefli kabul edilebilir miydi?<\/p>\n<p style=\"text-align: justify;\">\u015eerefsizlik anadan do\u011fma m\u0131 oluyordu? Ya da zamanla \u015ferefini kaybede kaybede mi \u015ferefsiz olunuyordu?<\/p>\n<p style=\"text-align: justify;\">\u015eeref parayla pulla al\u0131nan bir \u015fey miydi? Makam mevki sahibi olmak \u015ferefsizli\u011fi affettirebiliyor muydu?<\/p>\n<p style=\"text-align: justify;\">Son olarak \u201c\u015feref\u201din halk nezdinde k\u0131ymeti neydi?<\/p>\n<p style=\"text-align: justify;\">***<\/p>\n<p style=\"text-align: justify;\">\u0130kisi de ayn\u0131 meslekte \u00e7al\u0131\u015f\u0131yordu&#8230; Birine, tutum ve davran\u0131\u015flar\u0131ndan dolay\u0131 \u201c\u015ferefsiz\u201d diyorlard\u0131&#8230; Ama y\u00fcz\u00fcne kar\u015f\u0131 de\u011fil arkas\u0131ndan&#8230;<\/p>\n<p style=\"text-align: justify;\">Di\u011feri ise herkes taraf\u0131ndan \u015ferefli olarak biliniyor kabul g\u00f6r\u00fcyordu&#8230; Ger\u00e7ekten de \u015ferefliydi&#8230;<\/p>\n<p style=\"text-align: justify;\">\u015eerefsiz bilinen, bilgisi k\u00fclt\u00fcr\u00fc meziyeti kapasitesi olmad\u0131\u011f\u0131 halde, ger\u00e7ekten her t\u00fcrl\u00fc \u015ferefsizli\u011fi yaparak, kendini bulundu\u011fu konumdan y\u00fckse\u011fe do\u011fru bir kriko gibi basamak basamak ta\u015f\u0131mas\u0131n\u0131 bildi. Sonunda y\u00fckseklere de \u00e7\u0131kt\u0131&#8230;<\/p>\n<p style=\"text-align: justify;\">\u00d6nce ad\u0131na m\u00fcd\u00fcr dedikleri makamlara geldi&#8230; Bu kez etraf\u0131nda halkalar olu\u015ftu dalkavuklardan&#8230;<\/p>\n<p style=\"text-align: justify;\">Derken Genel M\u00fcd\u00fcr oldu&#8230; Sonra da \u015firkette pay sahibi&#8230;<\/p>\n<p style=\"text-align: justify;\">Arkas\u0131ndan yine \u015ferefsiz diyorlard\u0131 ama, art\u0131k y\u00fcz\u00fcne kar\u015f\u0131 insanlar sayg\u0131da kusur etmiyor, gerekti\u011finde \u201cemredersin, ba\u015f \u00fcst\u00fcne\u201d demek mecburiyeti hissediyorlard\u0131&#8230;<\/p>\n<p style=\"text-align: justify;\">***<\/p>\n<p style=\"text-align: justify;\">Ya herkes taraf\u0131ndan \u015ferefli bilinen?<\/p>\n<p style=\"text-align: justify;\">Ha, o mu?<\/p>\n<p style=\"text-align: justify;\">O bilgisi birikimiyle, \u00e7al\u0131\u015fkanl\u0131\u011f\u0131 d\u00fcr\u00fcstl\u00fc\u011f\u00fcyle, namusuyla \u015ferefiyle mesle\u011fine devam etti&#8230; Ama y\u0131llar hep aleyhine i\u015fliyordu. \u00c7\u00fcnk\u00fc meslekte riyakar insanlar taraf\u0131ndan s\u00fcrekli aldat\u0131l\u0131yor, iyi niyeti suiistimal ediliyor, yalan bilmedi\u011fi i\u00e7in yalanc\u0131y\u0131 ay\u0131ram\u0131yor ve hep kand\u0131r\u0131l\u0131yordu.<\/p>\n<p style=\"text-align: justify;\">O, insanlara inand\u0131k\u00e7a, riyakarlar onun inanc\u0131n\u0131 s\u00f6m\u00fcr\u00fcyordu. Hem de her \u015fekilde&#8230;<\/p>\n<p style=\"text-align: justify;\">Derken sosyal hayatta bir mum gibi eridik\u00e7e eridi&#8230;<\/p>\n<p style=\"text-align: justify;\">Ve nihayet hayatta kalabilmek i\u00e7in etraftan \u015ferefiyle yard\u0131m istedi&#8230;<\/p>\n<p style=\"text-align: justify;\">Sonra&#8230;<\/p>\n<p style=\"text-align: justify;\">Bu yard\u0131mlar\u0131 geri \u00f6demekte zorlanmaya ba\u015flad\u0131&#8230; \u00c7\u00fcnk\u00fc yard\u0131ma muhta\u00e7 halden bir t\u00fcrl\u00fc kurtulam\u0131yordu&#8230; Verdi\u011fi s\u00f6zleri yerine getiremez hale gelmi\u015fti&#8230;<\/p>\n<p style=\"text-align: justify;\">Sonunda ard\u0131ndan s\u00f6ylenmeye ba\u015flad\u0131lar&#8230;<\/p>\n<p style=\"text-align: justify;\">\u201cB\u0131rak o \u015ferefsizi&#8230; S\u00f6z\u00fcnde durmuyor!\u201d<\/p>\n<p style=\"text-align: justify;\">Elin a\u011fz\u0131 ne kadar kolay s\u00f6yl\u00fcyordu her \u015feyi&#8230;<\/p>\n<p style=\"text-align: justify;\">Ve bir iki derken, insanlar y\u00fcz\u00fcne kar\u015f\u0131 da konu\u015fmaya c\u00fcr\u2019et ettiler:<\/p>\n<p style=\"text-align: justify;\">\u201cBor\u00e7 namustur. \u0130nsanda biraz \u015feref haysiyet olur!\u201d<\/p>\n<p style=\"text-align: justify;\">***<\/p>\n<p style=\"text-align: justify;\">E peki sonu\u00e7 ne oldu?<\/p>\n<p style=\"text-align: justify;\">Biri \u015ferefsizce hareket etti&#8230; Sonunda \u015ferefli bir mevkie \u00fcstelik \u015ferefsizce geldi&#8230; Ama ard\u0131ndan \u015ferefsiz diyenlerin bile y\u00fcz\u00fcne kar\u015f\u0131 \u201cbeyefendi\u201d demelerini sa\u011flad\u0131&#8230;<\/p>\n<p style=\"text-align: justify;\">Ard\u0131ndan \u015ferefsiz de deseler, y\u00fcz\u00fcne kar\u015f\u0131 kimsenin \u015ferefsiz diyemeyece\u011fi bir konuma getirdi kendini&#8230;<\/p>\n<p style=\"text-align: justify;\">Di\u011feri?<\/p>\n<p style=\"text-align: justify;\">O ise, \u015ferefiyle ya\u015famak i\u00e7in direndi her t\u00fcrl\u00fc \u015ferefsizli\u011fe&#8230; Sonunda \u015ferefsizliklere kar\u015f\u0131 duramad\u0131&#8230; Y\u0131k\u0131ld\u0131&#8230; Ezildi&#8230;<\/p>\n<p style=\"text-align: justify;\">Ve&#8230;<\/p>\n<p style=\"text-align: justify;\">\u00d6nce arkas\u0131ndan sonra da y\u00fcz\u00fcne kar\u015f\u0131 \u201c\u015ferefsiz\u201d dediler&#8230;<\/p>\n<p style=\"text-align: justify;\">Bu \u015feref nas\u0131l bir \u015feydi sizce? \u015eerefsizlik neydi?<\/p>\n<p style=\"text-align: justify;\">\u015eerefli olmakla \u015ferefsiz olmak aras\u0131ndaki fark acaba nas\u0131l izah edilecekti?<\/p>\n<p style=\"text-align: justify;\"><span style=\"color: #888888;\">Kaynak : \u00dcnal Bolat &#8211; Kas\u0131m 2008 &#8211;<a href=\"http:\/\/www.ufukotesi.com\/yazigoster.asp?yazi_no=20040965\" target=\"_blank\"> ufukotesi.com<\/a><\/span><\/p>\n","protected":false},"excerpt":{"rendered":"<p id=\"caption-attachment-17408\" class=\"wp-caption-text\">\u00dcnal Bolat<\/p>\n<p style=\"text-align: justify;\">Sahi kimdi \u015ferefsiz?.. \u015eeref neydi? \u015eerefli olunmak ile \u015ferefsiz olmak aras\u0131ndaki kal\u0131n \u00e7izginin rengi nas\u0131ld\u0131? Bilen var m\u0131yd\u0131? D\u00fcn \u015ferefli olan, bug\u00fcn \u015ferefsiz olabiliyor muydu? Ya da d\u00fcne kadar herkesin \u015ferefsiz dedi\u011fi bug\u00fcn \u015ferefli kabul edilebilir miydi?<\/p>\n<p style=\"text-align: justify;\">Bu kelime u\u011fruna kim bilir ne kavgalar \u00e7\u0131kt\u0131&#8230; Ne cinayetler <\/p>\n","protected":false},"author":1,"featured_media":0,"comment_status":"open","ping_status":"closed","sticky":false,"template":"","format":"standard","meta":{"footnotes":""},"categories":[16],"tags":[25],"class_list":["post-17407","post","type-post","status-publish","format-standard","hentry","category-kose-yazilari","tag-unal-bolat","odd"],"_links":{"self":[{"href":"http:\/\/www.korhanyilmaz.com\/index.php?rest_route=\/wp\/v2\/posts\/17407","targetHints":{"allow":["GET"]}}],"collection":[{"href":"http:\/\/www.korhanyilmaz.com\/index.php?rest_route=\/wp\/v2\/posts"}],"about":[{"href":"http:\/\/www.korhanyilmaz.com\/index.php?rest_route=\/wp\/v2\/types\/post"}],"author":[{"embeddable":true,"href":"http:\/\/www.korhanyilmaz.com\/index.php?rest_route=\/wp\/v2\/users\/1"}],"replies":[{"embeddable":true,"href":"http:\/\/www.korhanyilmaz.com\/index.php?rest_route=%2Fwp%2Fv2%2Fcomments&post=17407"}],"version-history":[{"count":0,"href":"http:\/\/www.korhanyilmaz.com\/index.php?rest_route=\/wp\/v2\/posts\/17407\/revisions"}],"wp:attachment":[{"href":"http:\/\/www.korhanyilmaz.com\/index.php?rest_route=%2Fwp%2Fv2%2Fmedia&parent=17407"}],"wp:term":[{"taxonomy":"category","embeddable":true,"href":"http:\/\/www.korhanyilmaz.com\/index.php?rest_route=%2Fwp%2Fv2%2Fcategories&post=17407"},{"taxonomy":"post_tag","embeddable":true,"href":"http:\/\/www.korhanyilmaz.com\/index.php?rest_route=%2Fwp%2Fv2%2Ftags&post=17407"}],"curies":[{"name":"wp","href":"https:\/\/api.w.org\/{rel}","templated":true}]}}