{"id":17399,"date":"2009-12-29T14:35:44","date_gmt":"2009-12-29T12:35:44","guid":{"rendered":"http:\/\/www.korhanyilmaz.com\/?p=17399"},"modified":"2026-01-10T16:32:28","modified_gmt":"2026-01-10T13:32:28","slug":"mit-askeri-dinlemedik-sorusturmada-olmadik","status":"publish","type":"post","link":"http:\/\/www.korhanyilmaz.com\/?p=17399","title":{"rendered":"M\u0130T:  Askeri dinlemedik, soru\u015fturmada olmad\u0131k"},"content":{"rendered":"<p><a href=\"http:\/\/www.korhanyilmaz.com\/wp-content\/uploads\/2009\/12\/527d1e57992df10d94c200b7.jpg\"  class=\"lightview\"><img loading=\"lazy\" decoding=\"async\" class=\"size-full wp-image-1934463 aligncenter\" src=\"http:\/\/www.korhanyilmaz.com\/wp-content\/uploads\/2009\/12\/527d1e57992df10d94c200b7.jpg\" alt=\"\" width=\"400\" height=\"259\" \/><\/a><\/p>\n<p style=\"text-align: justify;\">Milli \u0130stihbarat Te\u015fkilat\u0131 (M\u0130T) M\u00fcste\u015farl\u0131\u011f\u0131ndan, Seferberlik B\u00f6lge Ba\u015fkanl\u0131\u011f\u0131&#8217;nda arama yap\u0131lmas\u0131na ili\u015fkin s\u00fcrecin hi\u00e7bir evresinde M\u0130T&#8217;in yer almad\u0131\u011f\u0131 belirtilerek, &#8220;Bu itibarla herhangi bir dinleme karar\u0131n\u0131n istihsali s\u00f6z konusu de\u011fildir&#8221; denildi. <!--more--><\/p>\n<p style=\"text-align: justify;\"><strong><em>M\u0130T M\u00fcste\u015farl\u0131\u011f\u0131&#8217;ndan yap\u0131lan yaz\u0131l\u0131 a\u00e7\u0131klama: <\/em><\/strong><\/p>\n<p style=\"text-align: justify;\">&#8220;29.12.2009 tarihli Vatan Gazetesi ile \u00e7e\u015fitli internet sitelerinde, Ankara Seferberlik B\u00f6lge Ba\u015fkanl\u0131\u011f\u0131&#8217;nda arama yap\u0131lmas\u0131n\u0131 sa\u011flayan telefon dinlemesinin, ilgili ba\u015fkanl\u0131kta g\u00f6revli bir\u00e7ok asker i\u00e7in M\u0130T Ankara B\u00f6lge \u00fcnitemizce \u00e7\u0131kar\u0131lan istihbari dinleme karar\u0131 sonucu yap\u0131ld\u0131\u011f\u0131 yolunda ger\u00e7ek d\u0131\u015f\u0131 haberler yay\u0131mlanm\u0131\u015ft\u0131r.<\/p>\n<p style=\"text-align: justify;\">Te\u015fkilat\u0131m\u0131zca bahse konu soru\u015fturman\u0131n hi\u00e7bir evresinde yer al\u0131nmam\u0131\u015f olup, bu itibarla herhangi bir dinleme karar\u0131n\u0131n istihsali s\u00f6z konusu de\u011fildir. Kamuoyuna sayg\u0131 ile duyurulur.&#8221;<\/p>\n<p style=\"text-align: justify;\">29 Aral\u0131k 2009 tarihli Vatan gazetesinde yer alan s\u00f6z konusu haber:<\/p>\n<p style=\"text-align: justify;\"><strong><em>Bask\u0131n\u0131 ba\u015flatan &#8216;dinlemeyi&#8217; M\u0130T yapm\u0131\u015f<\/em><\/strong><\/p>\n<p style=\"text-align: justify;\">ANKARA Seferberlik B\u00f6lge Ba\u015fkanl\u0131\u011f\u0131&#8217;nda arama yap\u0131lmas\u0131n\u0131 sa\u011flayan telefon dinlemesinin M\u0130T taraf\u0131ndan yap\u0131ld\u0131\u011f\u0131 ortaya \u00e7\u0131kt\u0131.<\/p>\n<p style=\"text-align: justify;\">Edinilen bilgiye g\u00f6re, Ar\u0131n\u00e7&#8217;a suikast iddias\u0131yla \u00f6nceki hafta bir albay ve bir binba\u015f\u0131n\u0131n g\u00f6zalt\u0131na al\u0131n\u0131p serbest b\u0131rak\u0131lmas\u0131n\u0131n ard\u0131ndan M\u0130T de bu konuda istihbarat \u00e7al\u0131\u015fmas\u0131na ba\u015flad\u0131.<\/p>\n<p style=\"text-align: justify;\">M\u0130T Ankara B\u00f6lge Ba\u015fkanl\u0131\u011f\u0131, iki subay\u0131n g\u00f6rev yapt\u0131\u011f\u0131 Ankara Seferberlik B\u00f6lge Ba\u015fkanl\u0131\u011f\u0131&#8217;nda g\u00f6revli bir\u00e7ok asker i\u00e7in istihbari dinleme karar\u0131 \u00e7\u0131kard\u0131. Bu kapsamda Ar\u0131n\u00e7&#8217;a suikast iddias\u0131yla g\u00f6zalt\u0131na al\u0131nan albay E.Y.B ile binba\u015f\u0131 \u0130.G&#8217;nin \u015fof\u00f6r\u00fc er S.T&#8217;nin babas\u0131yla yapt\u0131\u011f\u0131 telefon g\u00f6r\u00fc\u015fmesi de kayda al\u0131nd\u0131.<\/p>\n<p style=\"text-align: justify;\">S.T olaydan 5 g\u00fcn sonra 24 Aral\u0131k Per\u015fembe ak\u015fam\u0131 babas\u0131 R.T.&#8217;yi telefonla arad\u0131 ve aralar\u0131nda \u015fu konu\u015fma ge\u00e7ti:<\/p>\n<p style=\"text-align: justify;\">Asker S.T.: Alo baba&#8230;<\/p>\n<p style=\"text-align: justify;\">Baba R.T.: Nas\u0131ls\u0131n iyi misin?<\/p>\n<p style=\"text-align: justify;\">Er: \u0130yi, biz de evrak yak\u0131yoruz.<\/p>\n<p style=\"text-align: justify;\">Baba: Neden?<\/p>\n<p style=\"text-align: justify;\">Er: Delilleri&#8230;<\/p>\n<p style=\"text-align: justify;\">Baba: Talimat m\u0131 var?<\/p>\n<p style=\"text-align: justify;\">Er: Ya var i\u015fte, bir s\u00fcr\u00fc \u015feyler var onlar\u0131 falan yak\u0131yoruz.<\/p>\n<p style=\"text-align: justify;\">Baba: Bak sen telefonda b\u00f6yle \u015feyler s\u00f6yleme bize tamam m\u0131?<\/p>\n<p style=\"text-align: justify;\">Er: Yok ya&#8230;<\/p>\n<p style=\"text-align: justify;\">Baba: Telefonunu dinlerler&#8230;<\/p>\n<p style=\"text-align: justify;\"><a href=\"https:\/\/www.cnnturk.com\/turkiye\/mit-askeri-dinlemedik-sorusturmada-olmadik-135462\" target=\"_blank\" rel=\"noopener\"><span style=\"color: #888888;\">CNN T\u00dcRK<\/span><\/a><\/p>\n","protected":false},"excerpt":{"rendered":"<\/p>\n<p style=\"text-align: justify;\">Milli \u0130stihbarat Te\u015fkilat\u0131 (M\u0130T) M\u00fcste\u015farl\u0131\u011f\u0131ndan, Seferberlik B\u00f6lge Ba\u015fkanl\u0131\u011f\u0131&#8217;nda arama yap\u0131lmas\u0131na ili\u015fkin s\u00fcrecin hi\u00e7bir evresinde M\u0130T&#8217;in yer almad\u0131\u011f\u0131 belirtilerek, &#8220;Bu itibarla herhangi bir dinleme karar\u0131n\u0131n istihsali s\u00f6z konusu de\u011fildir&#8221; denildi. <\/p>\n","protected":false},"author":1,"featured_media":0,"comment_status":"open","ping_status":"closed","sticky":false,"template":"","format":"standard","meta":{"footnotes":""},"categories":[105],"tags":[],"class_list":["post-17399","post","type-post","status-publish","format-standard","hentry","category-gundem","odd"],"_links":{"self":[{"href":"http:\/\/www.korhanyilmaz.com\/index.php?rest_route=\/wp\/v2\/posts\/17399","targetHints":{"allow":["GET"]}}],"collection":[{"href":"http:\/\/www.korhanyilmaz.com\/index.php?rest_route=\/wp\/v2\/posts"}],"about":[{"href":"http:\/\/www.korhanyilmaz.com\/index.php?rest_route=\/wp\/v2\/types\/post"}],"author":[{"embeddable":true,"href":"http:\/\/www.korhanyilmaz.com\/index.php?rest_route=\/wp\/v2\/users\/1"}],"replies":[{"embeddable":true,"href":"http:\/\/www.korhanyilmaz.com\/index.php?rest_route=%2Fwp%2Fv2%2Fcomments&post=17399"}],"version-history":[{"count":0,"href":"http:\/\/www.korhanyilmaz.com\/index.php?rest_route=\/wp\/v2\/posts\/17399\/revisions"}],"wp:attachment":[{"href":"http:\/\/www.korhanyilmaz.com\/index.php?rest_route=%2Fwp%2Fv2%2Fmedia&parent=17399"}],"wp:term":[{"taxonomy":"category","embeddable":true,"href":"http:\/\/www.korhanyilmaz.com\/index.php?rest_route=%2Fwp%2Fv2%2Fcategories&post=17399"},{"taxonomy":"post_tag","embeddable":true,"href":"http:\/\/www.korhanyilmaz.com\/index.php?rest_route=%2Fwp%2Fv2%2Ftags&post=17399"}],"curies":[{"name":"wp","href":"https:\/\/api.w.org\/{rel}","templated":true}]}}