{"id":17396,"date":"2009-12-29T13:19:45","date_gmt":"2009-12-29T11:19:45","guid":{"rendered":"http:\/\/www.korhanyilmaz.com\/?p=17396"},"modified":"2009-12-29T13:19:45","modified_gmt":"2009-12-29T11:19:45","slug":"mufettis-karariyla-hakim-dinlemeye-son","status":"publish","type":"post","link":"http:\/\/www.korhanyilmaz.com\/?p=17396","title":{"rendered":"M\u00fcfetti\u015f karar\u0131yla hakim dinlemeye son"},"content":{"rendered":"<p><a href=\"http:\/\/www.korhanyilmaz.com\/wp-content\/uploads\/2009\/12\/dinleme.jpg\"  class=\"lightview\"><img loading=\"lazy\" decoding=\"async\" class=\"aligncenter size-full wp-image-17395\" src=\"http:\/\/www.korhanyilmaz.com\/wp-content\/uploads\/2009\/12\/dinleme.jpg\" alt=\"\" width=\"292\" height=\"203\" \/><\/a><\/p>\n<p style=\"text-align: justify;\">Dan\u0131\u015ftay 5. Dairesi, Adalet Bakanl\u0131\u011f\u0131 m\u00fcfetti\u015flerine hakim ve savc\u0131lar hakk\u0131nda dinleme ve teknik takip yapma olana\u011f\u0131 tan\u0131yan d\u00fczenlemenin y\u00fcr\u00fctmesini durdurdu.<\/p>\n<p style=\"text-align: justify;\">Daire, Adalet Bakanl\u0131\u011f\u0131&#8217;n\u0131n bu konuda y\u00f6netmelikle d\u00fczenleme yapma yetkisi bulunmad\u0131\u011f\u0131na, bu konularda yasayla d\u00fczenleme yap\u0131lmas\u0131 gerekti\u011fine i\u015faret etti. Zira, s\u00f6z konusu d\u00fczenleme Adalet Bakanl\u0131\u011f\u0131 Tefti\u015f Kurulu Y\u00f6netmeli\u011fi&#8217;nde bulunuyordu. <!--more--><\/p>\n<p style=\"text-align: justify;\"><strong><em>Davay\u0131 YARSAV a\u00e7m\u0131\u015ft\u0131 <\/em><\/strong><\/p>\n<p style=\"text-align: justify;\">Yarg\u0131\u00e7lar ve Savc\u0131lar Birli\u011fi (YARSAV), 24 Ocak 2007 tarihli Adalet Bakanl\u0131\u011f\u0131 Tefti\u015f Kurulu Y\u00f6netmeli\u011finin &#8220;\u0130nceleme ve soru\u015fturman\u0131n yap\u0131l\u0131\u015f\u0131&#8221; ba\u015fl\u0131kl\u0131 98. maddesinin (\u00e7) bendinin iptali ve y\u00fcr\u00fctmesinin durdurulmas\u0131 istemiyle Dan\u0131\u015ftay&#8217;da dava a\u00e7m\u0131\u015ft\u0131.<\/p>\n<p style=\"text-align: justify;\">Davayla ilgili ilk incelemesini tamamlayan Dan\u0131\u015ftay 5. Dairesi, Adalet Bakanl\u0131\u011f\u0131 m\u00fcfetti\u015flerine, hakim ve savc\u0131lar hakk\u0131nda dinleme ve teknik takip yapma olana\u011f\u0131 tan\u0131yan Adalet Bakanl\u0131\u011f\u0131 Tefti\u015f Kurulu Y\u00f6netmeli\u011finin 98. maddesinin (\u00e7) bendinin oy birli\u011fiyle y\u00fcr\u00fctmesini durdurdu.<\/p>\n<p style=\"text-align: justify;\">Daire&#8217;nin gerek\u00e7esinde, &#8220;Adalet m\u00fcfetti\u015flerinin kanun ve t\u00fcz\u00fck ile verilen yetkilerini, mevzuat\u0131n \u00f6n g\u00f6rd\u00fc\u011f\u00fc s\u0131n\u0131rlar\u0131n d\u0131\u015f\u0131na \u00e7\u0131kacak \u015fekilde geni\u015fleten ve onlara haberle\u015fmenin tespiti ve dinlenmesi ad\u0131 alt\u0131nda yeni bir delil toplama yetkisi tan\u0131yan dava konusu y\u00f6netmelik h\u00fckm\u00fcnde mevzuata uyarl\u0131k bulunmam\u0131\u015ft\u0131r&#8221; denildi.<\/p>\n<p style=\"text-align: justify;\"><strong><em>Bakanl\u0131k itiraz edebilir <\/em><\/strong><\/p>\n<p style=\"text-align: justify;\">Daval\u0131 Adalet Bakanl\u0131\u011f\u0131&#8217;n\u0131n bu karara kar\u015f\u0131 itiraz hakk\u0131 bulunuyor. \u0130tiraz\u0131 Dan\u0131\u015ftay \u0130dari Dava Daireleri Kurulu g\u00f6r\u00fc\u015fecek.<\/p>\n<p style=\"text-align: justify;\">Y\u00f6netmeli\u011fin y\u00fcr\u00fctmesi durdurulan (\u00e7) bendi, adalet m\u00fcfetti\u015flerine, hakim ve savc\u0131lar hakk\u0131nda inceleme ve soru\u015fturma yaparken, &#8220;haberle\u015fmenin tespiti ve dinlenmesi gibi delil toplama i\u015flemleri s\u0131ras\u0131nda Ceza Muhakemesi Kanununun h\u00fck\u00fcmleri ile birlikte 2802 say\u0131l\u0131 Kanunun 101. maddesindeki yetkileri kullanma&#8221; olana\u011f\u0131 veriyordu.<\/p>\n<p style=\"text-align: justify;\">Davac\u0131 YARSAV, adalet m\u00fcfetti\u015flerine tan\u0131nan bu yetkiyle \u00e7ok say\u0131da hakim ve savc\u0131n\u0131n teknik takibe al\u0131nd\u0131\u011f\u0131n\u0131 iddia etmi\u015fti.<\/p>\n<p style=\"text-align: justify;\">Adalet Bakanl\u0131\u011f\u0131 a\u00e7\u0131klamas\u0131nda, \u0130stanbul Cumhuriyet Ba\u015fsavc\u0131l\u0131\u011f\u0131n\u0131n y\u00fcr\u00fctt\u00fc\u011f\u00fc bir soru\u015fturma s\u0131ras\u0131nda baz\u0131 hakim ve Cumhuriyet savc\u0131lar\u0131n\u0131n da isimlerinin ge\u00e7mesi \u00fczerine konunun Bakanl\u0131\u011fa intikal ettirildi\u011fi, bu evrakta ad\u0131 ge\u00e7enler hakk\u0131ndaki iddialar\u0131n a\u00e7\u0131kl\u0131\u011fa kavu\u015fturulmas\u0131 bak\u0131m\u0131ndan, inceleme yap\u0131lmas\u0131 ve delil elde edilmesi halinde soru\u015fturmaya ge\u00e7ilmesi i\u00e7in 15 Nisan 2008 ve 5 Eyl\u00fcl 2008 tarihli onaylar ile Bakanl\u0131k taraf\u0131ndan izin verildi\u011fi belirtilmi\u015fti.<\/p>\n<p style=\"text-align: justify;\">A\u00e7\u0131klamada, &#8220;Bu \u00e7er\u00e7evede g\u00f6revlendirilen adalet m\u00fcfetti\u015fleri, kendilerine tevdi edilen belgelerde yapt\u0131klar\u0131 incelemeler sonucunda, ilgili 56 hakim ve Cumhuriyet savc\u0131s\u0131 hakk\u0131nda delillerin toplanmas\u0131 amac\u0131yla bu ki\u015filerin telefonlar\u0131n\u0131n dinlenmesini mahkemeden talep etmi\u015flerdir. Bu talep \u00fczerine g\u00f6revli ve yetkili mahkeme taraf\u0131ndan ilgili hakim ve Cumhuriyet savc\u0131lar\u0131 hakk\u0131nda dinleme karar\u0131 verilmi\u015ftir. Tefti\u015f Kurulu Ba\u015fkanl\u0131\u011f\u0131 taraf\u0131ndan yap\u0131lan inceleme sonucunda aralar\u0131nda \u0130stanbul Cumhuriyet Ba\u015fsavc\u0131s\u0131n\u0131n da bulundu\u011fu 46 hakim ve Cumhuriyet savc\u0131s\u0131 hakk\u0131nda 16 Eyl\u00fcl 2009 tarihli rapor ile soru\u015fturmaya ge\u00e7ilmesine yer olmad\u0131\u011f\u0131 teklif edilmi\u015ftir&#8221; denilmi\u015fti.<\/p>\n<p style=\"text-align: justify;\"><span style=\"color: #888888;\">CNN T\u00dcRK<\/span><\/p>\n","protected":false},"excerpt":{"rendered":"<\/p>\n<p style=\"text-align: justify;\">Dan\u0131\u015ftay 5. Dairesi, Adalet Bakanl\u0131\u011f\u0131 m\u00fcfetti\u015flerine hakim ve savc\u0131lar hakk\u0131nda dinleme ve teknik takip yapma olana\u011f\u0131 tan\u0131yan d\u00fczenlemenin y\u00fcr\u00fctmesini durdurdu.<\/p>\n<p style=\"text-align: justify;\">Daire, Adalet Bakanl\u0131\u011f\u0131&#8217;n\u0131n bu konuda y\u00f6netmelikle d\u00fczenleme yapma yetkisi bulunmad\u0131\u011f\u0131na, bu konularda yasayla d\u00fczenleme yap\u0131lmas\u0131 gerekti\u011fine i\u015faret etti. Zira, s\u00f6z konusu d\u00fczenleme Adalet Bakanl\u0131\u011f\u0131 Tefti\u015f Kurulu Y\u00f6netmeli\u011fi&#8217;nde bulunuyordu. <\/p>\n","protected":false},"author":1,"featured_media":0,"comment_status":"open","ping_status":"closed","sticky":false,"template":"","format":"standard","meta":{"footnotes":""},"categories":[105],"tags":[],"class_list":["post-17396","post","type-post","status-publish","format-standard","hentry","category-gundem","odd"],"_links":{"self":[{"href":"http:\/\/www.korhanyilmaz.com\/index.php?rest_route=\/wp\/v2\/posts\/17396","targetHints":{"allow":["GET"]}}],"collection":[{"href":"http:\/\/www.korhanyilmaz.com\/index.php?rest_route=\/wp\/v2\/posts"}],"about":[{"href":"http:\/\/www.korhanyilmaz.com\/index.php?rest_route=\/wp\/v2\/types\/post"}],"author":[{"embeddable":true,"href":"http:\/\/www.korhanyilmaz.com\/index.php?rest_route=\/wp\/v2\/users\/1"}],"replies":[{"embeddable":true,"href":"http:\/\/www.korhanyilmaz.com\/index.php?rest_route=%2Fwp%2Fv2%2Fcomments&post=17396"}],"version-history":[{"count":0,"href":"http:\/\/www.korhanyilmaz.com\/index.php?rest_route=\/wp\/v2\/posts\/17396\/revisions"}],"wp:attachment":[{"href":"http:\/\/www.korhanyilmaz.com\/index.php?rest_route=%2Fwp%2Fv2%2Fmedia&parent=17396"}],"wp:term":[{"taxonomy":"category","embeddable":true,"href":"http:\/\/www.korhanyilmaz.com\/index.php?rest_route=%2Fwp%2Fv2%2Fcategories&post=17396"},{"taxonomy":"post_tag","embeddable":true,"href":"http:\/\/www.korhanyilmaz.com\/index.php?rest_route=%2Fwp%2Fv2%2Ftags&post=17396"}],"curies":[{"name":"wp","href":"https:\/\/api.w.org\/{rel}","templated":true}]}}