{"id":17391,"date":"2009-12-29T12:18:02","date_gmt":"2009-12-29T10:18:02","guid":{"rendered":"http:\/\/www.korhanyilmaz.com\/?p=17391"},"modified":"2009-12-29T12:18:02","modified_gmt":"2009-12-29T10:18:02","slug":"cicek-neden-aradi","status":"publish","type":"post","link":"http:\/\/www.korhanyilmaz.com\/?p=17391","title":{"rendered":"\u00c7i\u00e7ek neden arad\u0131?"},"content":{"rendered":"<p style=\"text-align: justify;\"><a href=\"http:\/\/www.korhanyilmaz.com\/wp-content\/uploads\/2009\/12\/ilhan_cihaner.jpg\"  class=\"lightview\"><img loading=\"lazy\" decoding=\"async\" class=\"aligncenter size-full wp-image-17392\" src=\"http:\/\/www.korhanyilmaz.com\/wp-content\/uploads\/2009\/12\/ilhan_cihaner.jpg\" alt=\"\" width=\"299\" height=\"204\" \/><\/a><\/p>\n<p style=\"text-align: justify;\">Hakk\u0131nda ba\u015flat\u0131lan soru\u015fturma sonucunda Erzincan Ba\u015fsacv\u0131s\u0131 Cihaner&#8217;in yarg\u0131lanmas\u0131na karar verildi.<\/p>\n<p style=\"text-align: justify;\">Tunceli A\u011f\u0131r Ceza Mahkemesi, Erzincan Cumhuriyet Ba\u015fsavc\u0131s\u0131 \u0130lhan Cihaner&#8217;in yarg\u0131lanmas\u0131na karar verdi.<\/p>\n<p style=\"text-align: justify;\"><strong><em>CHP Soru \u00d6nergesi Verdi <\/em><\/strong><\/p>\n<p style=\"text-align: justify;\">CHP K\u0131rklareli Milletvekili Turgut Dibek, Ba\u015fbakan Recep Tayyip Erdo\u011fan\u2019a y\u00f6neltti\u011fi soru \u00f6nergesinde &#8220;Devlet Bakan\u0131 ve Ba\u015fbakan Yard\u0131mc\u0131s\u0131 Cemil \u00c7i\u00e7ek, Erzincan Cumhuriyet Ba\u015fsavc\u0131s\u0131n\u0131 hangi gerek\u00e7elerle aram\u0131\u015ft\u0131r?&#8221; diye sordu. <!--more--><\/p>\n<p style=\"text-align: justify;\">Dibek, Meclis Ba\u015fkanl\u0131\u011f\u0131\u2019na sundu\u011fu soru \u00f6nergesinde, Erzincan Cumhuriyet Ba\u015fsavc\u0131s\u0131 \u0130lhan Cihaner\u2019in Devlet Bakan\u0131 ve Ba\u015fbakan Yard\u0131mc\u0131s\u0131 Cemil \u00c7i\u00e7ek\u2019in \u0130smaila\u011fa Cemaatinden g\u00f6zalt\u0131na al\u0131nanlar\u0131n serbest b\u0131rak\u0131lmas\u0131n\u0131 istedi\u011fini ifade etti\u011fini hat\u0131rlatt\u0131. Dibek Ba\u015fbakan Recep Tayyip Erdo\u011fan\u2019a \u015fu sorular\u0131 y\u00f6neltti: &#8220;Devlet Bakan\u0131 ve Ba\u015fbakan Yard\u0131mc\u0131s\u0131 Cemil \u00c7i\u00e7ek, Erzincan Cumhuriyet Ba\u015fsavc\u0131s\u0131n\u0131 hangi gerek\u00e7elerle aram\u0131\u015ft\u0131r? \u00c7i\u00e7ek\u2019in savc\u0131y\u0131 arayarak yarg\u0131ya m\u00fcdahale etmeye \u00e7al\u0131\u015fmas\u0131 hukuk devleti ve g\u00fc\u00e7ler ayr\u0131l\u0131\u011f\u0131 ilkelerine ayk\u0131r\u0131 de\u011fil midir? Say\u0131n \u00c7i\u00e7ek, Ba\u015fsavc\u0131 d\u0131\u015f\u0131nda ba\u015fka savc\u0131lar\u0131 da aram\u0131\u015f m\u0131d\u0131r? Say\u0131n \u00c7i\u00e7ek d\u0131\u015f\u0131nda devam eden soru\u015fturmalar nedeniyle hakim ve savc\u0131lar\u0131 arayan ba\u015fka bakan var m\u0131d\u0131r? Bir Adalet bakanl\u0131\u011f\u0131 Genel M\u00fcd\u00fcr Yard\u0131mc\u0131s\u0131n\u0131n savc\u0131y\u0131 arayarak tehdit eder gibi uyar\u0131larda bulunmas\u0131 s\u0131k s\u0131k kar\u015f\u0131la\u015f\u0131lan bir durum mudur? Olayda ad\u0131 ge\u00e7en genel m\u00fcd\u00fcr yard\u0131mc\u0131s\u0131 hakk\u0131nda bir soru\u015fturma a\u00e7\u0131lm\u0131\u015f m\u0131d\u0131r? A\u00e7\u0131lmad\u0131ysa a\u00e7may\u0131 d\u00fc\u015f\u00fcn\u00fcyor musunuz?&#8221;<\/p>\n<p style=\"text-align: justify;\"><span style=\"color: #888888;\">Milliyet<\/span><\/p>\n","protected":false},"excerpt":{"rendered":"<p style=\"text-align: justify;\">\n<p style=\"text-align: justify;\">Hakk\u0131nda ba\u015flat\u0131lan soru\u015fturma sonucunda Erzincan Ba\u015fsacv\u0131s\u0131 Cihaner&#8217;in yarg\u0131lanmas\u0131na karar verildi.<\/p>\n<p style=\"text-align: justify;\">Tunceli A\u011f\u0131r Ceza Mahkemesi, Erzincan Cumhuriyet Ba\u015fsavc\u0131s\u0131 \u0130lhan Cihaner&#8217;in yarg\u0131lanmas\u0131na karar verdi.<\/p>\n<p style=\"text-align: justify;\">CHP Soru \u00d6nergesi Verdi <\/p>\n<p style=\"text-align: justify;\">CHP K\u0131rklareli Milletvekili Turgut Dibek, Ba\u015fbakan Recep Tayyip Erdo\u011fan\u2019a y\u00f6neltti\u011fi soru \u00f6nergesinde &#8220;Devlet Bakan\u0131 ve Ba\u015fbakan Yard\u0131mc\u0131s\u0131 <\/p>\n","protected":false},"author":1,"featured_media":0,"comment_status":"open","ping_status":"closed","sticky":false,"template":"","format":"standard","meta":{"footnotes":""},"categories":[105],"tags":[],"class_list":["post-17391","post","type-post","status-publish","format-standard","hentry","category-gundem","odd"],"_links":{"self":[{"href":"http:\/\/www.korhanyilmaz.com\/index.php?rest_route=\/wp\/v2\/posts\/17391","targetHints":{"allow":["GET"]}}],"collection":[{"href":"http:\/\/www.korhanyilmaz.com\/index.php?rest_route=\/wp\/v2\/posts"}],"about":[{"href":"http:\/\/www.korhanyilmaz.com\/index.php?rest_route=\/wp\/v2\/types\/post"}],"author":[{"embeddable":true,"href":"http:\/\/www.korhanyilmaz.com\/index.php?rest_route=\/wp\/v2\/users\/1"}],"replies":[{"embeddable":true,"href":"http:\/\/www.korhanyilmaz.com\/index.php?rest_route=%2Fwp%2Fv2%2Fcomments&post=17391"}],"version-history":[{"count":0,"href":"http:\/\/www.korhanyilmaz.com\/index.php?rest_route=\/wp\/v2\/posts\/17391\/revisions"}],"wp:attachment":[{"href":"http:\/\/www.korhanyilmaz.com\/index.php?rest_route=%2Fwp%2Fv2%2Fmedia&parent=17391"}],"wp:term":[{"taxonomy":"category","embeddable":true,"href":"http:\/\/www.korhanyilmaz.com\/index.php?rest_route=%2Fwp%2Fv2%2Fcategories&post=17391"},{"taxonomy":"post_tag","embeddable":true,"href":"http:\/\/www.korhanyilmaz.com\/index.php?rest_route=%2Fwp%2Fv2%2Ftags&post=17391"}],"curies":[{"name":"wp","href":"https:\/\/api.w.org\/{rel}","templated":true}]}}