{"id":17385,"date":"2009-12-29T11:49:17","date_gmt":"2009-12-29T09:49:17","guid":{"rendered":"http:\/\/www.korhanyilmaz.com\/?p=17385"},"modified":"2009-12-29T11:49:17","modified_gmt":"2009-12-29T09:49:17","slug":"4-eski-dtpli-hakkinda-yakalama-karari","status":"publish","type":"post","link":"http:\/\/www.korhanyilmaz.com\/?p=17385","title":{"rendered":"4 eski DTP&#039;li hakk\u0131nda yakalama karar\u0131"},"content":{"rendered":"<p style=\"text-align: center;\"><a href=\"http:\/\/www.korhanyilmaz.com\/wp-content\/uploads\/2009\/12\/yakalama.jpg\"  class=\"lightview\"><img loading=\"lazy\" decoding=\"async\" class=\"aligncenter size-full wp-image-17386\" src=\"http:\/\/www.korhanyilmaz.com\/wp-content\/uploads\/2009\/12\/yakalama.jpg\" alt=\"\" width=\"307\" height=\"236\" \/><\/a><\/p>\n<p style=\"text-align: justify;\">Eski DTP&#8217;li milletvekillerinin ifade krizinde kritik bir g\u00fcn ya\u015fan\u0131yor. Ahmet T\u00fcrk, Aysel Tu\u011fluk, Selahattin Demirta\u015f ve Emine Ayna hakk\u0131nda g\u00f6r\u00fcld\u00fc\u011f\u00fc yerde yakalama karar\u0131 \u00e7\u0131kar\u0131ld\u0131. Polis, zorla g\u00f6t\u00fcrme karar\u0131 nedeniyle bu sabah BDP Genel Merkezi&#8217;ne geldi. Ancak milletvekilleri genel merkezde de\u011fildi. Polis 15 dakika merkezde kald\u0131ktan sonra ayr\u0131ld\u0131; &#8221;BDP&#8217;liler merkezde yok&#8221; diye tutanak tuttu. <!--more--><\/p>\n<p style=\"text-align: justify;\">4 eski DTP&#8217;linin haklar\u0131nda devam eden davalar kapsam\u0131nda ifadelerinin al\u0131nmas\u0131 i\u00e7in &#8220;g\u00fcns\u00fcz zorla mahkemeye getirilmelerine&#8221; karar verildi.<\/p>\n<p style=\"text-align: justify;\">Ba\u015fka illerde yarg\u0131land\u0131klar\u0131 davalar kapsam\u0131nda Ankara 11. A\u011f\u0131r Ceza Mahkemesi&#8217;nde g\u00f6r\u00fclen talimat duru\u015fmalar\u0131na T\u00fcrk, Ayna ve Demirta\u015f kat\u0131lmad\u0131.<\/p>\n<div id=\"attachment_17387\" style=\"width: 210px\" class=\"wp-caption alignleft\"><img loading=\"lazy\" decoding=\"async\" aria-describedby=\"caption-attachment-17387\" class=\"size-full wp-image-17387 \" style=\"margin-left: 10px; margin-right: 10px;\" src=\"http:\/\/www.korhanyilmaz.com\/wp-content\/uploads\/2009\/12\/sirri_sakik.jpg\" alt=\"\" width=\"200\" height=\"120\" \/><p id=\"caption-attachment-17387\" class=\"wp-caption-text\">Eski DTP Mu\u015f Milletvekili S\u0131rr\u0131 Sak\u0131k: &quot;Ger\u00e7ekten dokunulmazl\u0131k s\u00f6z\u00fc varsa hepimizi kapsamal\u0131. A\u00e7\u0131l\u0131m diyor AK Parti... Sorunlar \u00e7\u00f6z\u00fclm\u00fcyor, kangren haline d\u00f6n\u00fc\u015ft\u00fc. \u00dclkenin b\u00fct\u00fcnl\u00fc\u011f\u00fc i\u00e7inde \u00e7\u00f6z\u00fcm arad\u0131k. Hepimiz buraday\u0131z. Hi\u00e7bir yere ka\u00e7m\u0131yoruz. Hepimizin eline kelep\u00e7e vurabilirler. \u0130fade vermeyece\u011fiz. Bu yarg\u0131n\u0131n siyasalla\u015fmas\u0131d\u0131r.&quot;<\/p><\/div>\n<p style=\"text-align: justify;\">Mahkeme Ba\u015fkan\u0131 Hasan \u015eat\u0131r, san\u0131k T\u00fcrk hakk\u0131nda \u00e7\u0131kart\u0131lan duru\u015fma g\u00fcn\u00fcn\u00fc bildirir \u00e7a\u011fr\u0131 ka\u011f\u0131d\u0131n\u0131n sekreterine tebli\u011f edildi\u011fini belirterek, T\u00fcrk&#8217;\u00fcn duru\u015fmaya gelmedi\u011fi gibi mazeret de bildirmedi\u011fini ifade etti.<\/p>\n<p style=\"text-align: justify;\">\u015eat\u0131r, di\u011fer talimat duru\u015fmalar\u0131nda ise BDP Milletvekilleri Ayna ve Demirta\u015f&#8217;\u0131n duru\u015fmada haz\u0131r edilmesi i\u00e7in yaz\u0131lan m\u00fczekkereye verilen cevapta eski DTP, yeni BDP binas\u0131na gidildi\u011fi, ancak bahsi ge\u00e7en ki\u015filerin parti binas\u0131nda olmamas\u0131 nedeniyle bu ki\u015filere ula\u015f\u0131lamad\u0131\u011f\u0131n\u0131n bildirildi\u011fini aktard\u0131.<\/p>\n<p style=\"text-align: justify;\">Cumhuriyet Savc\u0131s\u0131 Halil Ac\u0131o\u011flu, mahkemede ifadelerinin al\u0131nmas\u0131 i\u00e7in san\u0131klar hakk\u0131nda zorla getirme karar\u0131 verilmesini talep etti.<\/p>\n<p style=\"text-align: justify;\">Mahkeme heyeti, iddianame i\u00e7eri\u011fi, Yarg\u0131tay 9. Ceza Dairesi&#8217;nin konuyla ilgili i\u00e7tihatlar\u0131, usulen yap\u0131lan tebligata ra\u011fmen duru\u015fmaya gelmemeleri kar\u015f\u0131s\u0131nda Ceza Muhakemesi Kanunu&#8217;nun 146. ve 199. maddeleri uyar\u0131nca, savunmalar\u0131n\u0131n al\u0131nmas\u0131 i\u00e7in g\u00fcns\u00fcz olarak zorla haz\u0131r edilmeleri konusunda Ankara Cumhuriyet Ba\u015fsavc\u0131l\u0131\u011f\u0131&#8217;na m\u00fczekkere yaz\u0131lmas\u0131na karar verdi.<\/p>\n<p style=\"text-align: justify;\"><strong><em>Mahkeme, duru\u015fmalar\u0131 13 Nisan 2010&#8217;a erteledi.<\/em><\/strong><\/p>\n<p style=\"text-align: justify;\">Ankara 11. A\u011f\u0131r Ceza Mahkemesi, \u00f6nceki celselerde Demirta\u015f ve Ayna&#8217;n\u0131n &#8220;duru\u015fma g\u00fcn\u00fc&#8221; savunmalar\u0131n\u0131n al\u0131nabilmesi amac\u0131yla haklar\u0131nda zorla getirme m\u00fczekkeresi d\u00fczenlerken, T\u00fcrk&#8217;e, ikamet adresinin de\u011fi\u015fmesi sebebiyle yeniden tebligat \u00e7\u0131kar\u0131lmas\u0131na karar vermi\u015fti.<\/p>\n<p style=\"text-align: justify;\">&#8220;Ter\u00f6r \u00f6rg\u00fct\u00fcn\u00fcn propagandas\u0131n\u0131 yapt\u0131klar\u0131&#8221; iddias\u0131yla Demirta\u015f Diyarbak\u0131r 5. A\u011f\u0131r Ceza Mahkemesinde, Ayna Adana 8. A\u011f\u0131r Ceza Mahkemesinde, T\u00fcrk ise \u0130stanbul 9. A\u011f\u0131r Ceza Mahkemesi&#8217;nde yarg\u0131lan\u0131yor.<\/p>\n<p style=\"text-align: justify;\">&#8220;Su\u00e7u ve su\u00e7luyu \u00f6vmek&#8221;, &#8220;PKK-Kongra\/Gel ter\u00f6r \u00f6rg\u00fct\u00fcn\u00fcn propagandas\u0131n\u0131 yapmak&#8221; iddias\u0131yla yarg\u0131lanan Aysel Tu\u011fluk hakk\u0131nda da, g\u00fcns\u00fcz olarak zorla getirme karar\u0131 al\u0131nd\u0131.<\/p>\n<p style=\"text-align: justify;\"><strong><em>BDP genel merkezine polis bask\u0131n\u0131<\/em><\/strong><\/p>\n<p style=\"text-align: justify;\">Aysel Tu\u011fluk, Emine Ayna, Sabahat Tuncel ve Selahattin Demirta\u015f hakk\u0131ndaki duru\u015fmaya zorla getirilme karar\u0131 nedeniyle bu sabah BDP Genel Merkezi binas\u0131na bu sabah polisler geldi.<\/p>\n<p style=\"text-align: justify;\">Polisler, kapat\u0131lan DTP&#8217;nin eski milletvekilleri Ahmet T\u00fcrk ve Aysel Tu\u011fluk ile BDP milletvekilleri Emine Ayna ve Selahattin Demirta\u015f ile g\u00f6r\u00fc\u015fmek istedi.<\/p>\n<p style=\"text-align: justify;\">Polis ekibi, s\u00f6z konusu milletvekillerinin parti genel merkezinde bulunmad\u0131\u011f\u0131n\u0131 tutanakla tespit ederek BDP&#8217;den ayr\u0131ld\u0131.<\/p>\n<p style=\"text-align: justify;\">Bu arada, T\u00fcrk ve Tu\u011fluk, DTP&#8217;nin kapat\u0131lmas\u0131 ile siyasi yasakl\u0131lar listesine girdi. Ancak hen\u00fcz karar Resmi Gazete&#8217;de yay\u0131mlanmad\u0131\u011f\u0131 i\u00e7in milletvekillikleri d\u00fc\u015fmedi. Yani hala onlar da dokunulmazl\u0131k kapsam\u0131nda.<\/p>\n<p style=\"text-align: justify;\">5 milletvekili dokunulmazl\u0131klar\u0131n herkes i\u00e7in ayn\u0131 \u015fartlarda uygulanmas\u0131 talebi ile ifade vermeye gitmemekte kararl\u0131.<\/p>\n<p style=\"text-align: justify;\"><span style=\"color: #888888;\">CNN T\u00dcRK<\/span><\/p>\n","protected":false},"excerpt":{"rendered":"<p style=\"text-align: center;\">\n<p style=\"text-align: justify;\">Eski DTP&#8217;li milletvekillerinin ifade krizinde kritik bir g\u00fcn ya\u015fan\u0131yor. Ahmet T\u00fcrk, Aysel Tu\u011fluk, Selahattin Demirta\u015f ve Emine Ayna hakk\u0131nda g\u00f6r\u00fcld\u00fc\u011f\u00fc yerde yakalama karar\u0131 \u00e7\u0131kar\u0131ld\u0131. Polis, zorla g\u00f6t\u00fcrme karar\u0131 nedeniyle bu sabah BDP Genel Merkezi&#8217;ne geldi. Ancak milletvekilleri genel merkezde de\u011fildi. Polis 15 dakika merkezde kald\u0131ktan sonra ayr\u0131ld\u0131; &#8221;BDP&#8217;liler merkezde yok&#8221; <\/p>\n","protected":false},"author":1,"featured_media":0,"comment_status":"open","ping_status":"closed","sticky":false,"template":"","format":"standard","meta":{"footnotes":""},"categories":[105],"tags":[],"class_list":["post-17385","post","type-post","status-publish","format-standard","hentry","category-gundem","odd"],"_links":{"self":[{"href":"http:\/\/www.korhanyilmaz.com\/index.php?rest_route=\/wp\/v2\/posts\/17385","targetHints":{"allow":["GET"]}}],"collection":[{"href":"http:\/\/www.korhanyilmaz.com\/index.php?rest_route=\/wp\/v2\/posts"}],"about":[{"href":"http:\/\/www.korhanyilmaz.com\/index.php?rest_route=\/wp\/v2\/types\/post"}],"author":[{"embeddable":true,"href":"http:\/\/www.korhanyilmaz.com\/index.php?rest_route=\/wp\/v2\/users\/1"}],"replies":[{"embeddable":true,"href":"http:\/\/www.korhanyilmaz.com\/index.php?rest_route=%2Fwp%2Fv2%2Fcomments&post=17385"}],"version-history":[{"count":0,"href":"http:\/\/www.korhanyilmaz.com\/index.php?rest_route=\/wp\/v2\/posts\/17385\/revisions"}],"wp:attachment":[{"href":"http:\/\/www.korhanyilmaz.com\/index.php?rest_route=%2Fwp%2Fv2%2Fmedia&parent=17385"}],"wp:term":[{"taxonomy":"category","embeddable":true,"href":"http:\/\/www.korhanyilmaz.com\/index.php?rest_route=%2Fwp%2Fv2%2Fcategories&post=17385"},{"taxonomy":"post_tag","embeddable":true,"href":"http:\/\/www.korhanyilmaz.com\/index.php?rest_route=%2Fwp%2Fv2%2Ftags&post=17385"}],"curies":[{"name":"wp","href":"https:\/\/api.w.org\/{rel}","templated":true}]}}