{"id":1738,"date":"2008-10-10T21:11:15","date_gmt":"2008-10-10T18:11:15","guid":{"rendered":"http:\/\/www.korhanyilmaz.com\/?p=1738"},"modified":"2008-10-10T21:11:15","modified_gmt":"2008-10-10T18:11:15","slug":"turkiye-formasi-giymeyin","status":"publish","type":"post","link":"http:\/\/www.korhanyilmaz.com\/?p=1738","title":{"rendered":"T\u00fcrkiye formas\u0131 giymeyin !.."},"content":{"rendered":"<p style=\"text-align: center;\"><img loading=\"lazy\" decoding=\"async\" class=\"size-full wp-image-1739 aligncenter\" title=\"T\u00fcrkiye formas\u0131 giymeyin !..\" src=\"http:\/\/www.korhanyilmaz.com\/wp-content\/uploads\/2008\/10\/fft5_mf115493.jpg\" alt=\"\" width=\"396\" height=\"105\" \/><\/p>\n<p style=\"text-align: justify;\">Bu \u00e7a\u011fr\u0131y\u0131 kendi taraftarlar\u0131na yapan, rakiplerimizden birisinin teknik direkt\u00f6r\u00fc !.. T\u00fcrkiye&#8217;nin ve Avrupa kupalar\u0131nda ba\u015far\u0131 kazanan T\u00fcrk tak\u0131mlar\u0131n\u0131n zaferlerini kutlamay\u0131 al\u0131\u015fkanl\u0131k haline getiren, Bo\u015fnak taraftarlara Bosna-Hersek Milli tak\u0131m\u0131n\u0131n hocas\u0131 Blazevi\u00e7&#8217;ten \u00e7a\u011fr\u0131 geldi: &#8220;T\u00fcrkiye formas\u0131 giymeyin !..&#8221;<!--more-->T\u00fcrkiye&#8217;nin her \u00f6nemli zaferi sonras\u0131 Saraybosna&#8217;n\u0131n merkez mahallesi Ba\u015f\u00e7ar\u015f\u0131&#8217;y\u0131 adeta T\u00fcrkiye&#8217;deki kutlama alanlar\u0131na \u00e7eviren, kendi milli tak\u0131mlar\u0131n\u0131n ma\u00e7lar\u0131na dahi ay-y\u0131ld\u0131zl\u0131 forma ve ka\u015fkollarla giden Bo\u015fnak taraftarlara \u015fok eden uyar\u0131 Bosna-Hersek&#8217;in H\u0131rvat teknik direkt\u00f6r\u00fc Miroslav Blazevi\u00e7&#8217;ten geldi: &#8220;T\u00fcrkiye&#8217;yle ma\u00e7 yap\u0131yoruz, bizi Bosna&#8217;n\u0131n renkleriyle destekleyin&#8221;<\/p>\n<p>\u0130stanbul&#8217;daki ma\u00e7a gelmesi beklenen Bo\u015fnak taraftarlar\u0131n bu \u00e7a\u011fr\u0131ya nas\u0131l cevap verecekleri merak konusu olurken Bosna Futbol K\u00fclt\u00fcr\u00fc sitesindeki yoruma g\u00f6re Bosna ulusal tak\u0131m\u0131n\u0131n ate\u015fli taraftar grubundan yakla\u015f\u0131k 50 ki\u015filik bir grup da ma\u00e7\u0131 izlemek i\u00e7in \u0130stanbul&#8217;a gelecek.\n<\/p>\n<p style=\"text-align: justify;\">&#8220;T\u00dcRK\u0130YE KARDE\u015e\u0130M\u0130Z AMA B\u0130Z KAZANACA\u011eIZ&#8221;<br \/>\n\u0130stanbul&#8217;daki ma\u00e7\u0131n onlar i\u00e7in \u00f6nemli oldu\u011funu, ikinci vatanlar\u0131na gelmi\u015f gibi kendilerini hissedeceklerini belirten taraftarlar &#8220;T\u00fcrkiye bizim ikinci evimiz. Dolay\u0131s\u0131yla T\u00fcrkiye-Bosna ma\u00e7\u0131 iki karde\u015f aras\u0131nda oynanan bir ma\u00e7 olacak. Ama biz kazanaca\u011f\u0131z!&#8221; diyerek durumu \u00f6zetliyorlar.<br \/>\n(Ligtv.com.tr)<\/p>\n","protected":false},"excerpt":{"rendered":"<p style=\"text-align: center;\">\n<p style=\"text-align: justify;\">Bu \u00e7a\u011fr\u0131y\u0131 kendi taraftarlar\u0131na yapan, rakiplerimizden birisinin teknik direkt\u00f6r\u00fc !.. T\u00fcrkiye&#8217;nin ve Avrupa kupalar\u0131nda ba\u015far\u0131 kazanan T\u00fcrk tak\u0131mlar\u0131n\u0131n zaferlerini kutlamay\u0131 al\u0131\u015fkanl\u0131k haline getiren, Bo\u015fnak taraftarlara Bosna-Hersek Milli tak\u0131m\u0131n\u0131n hocas\u0131 Blazevi\u00e7&#8217;ten \u00e7a\u011fr\u0131 geldi: &#8220;T\u00fcrkiye formas\u0131 giymeyin !..&#8221;<\/p>\n","protected":false},"author":1,"featured_media":0,"comment_status":"open","ping_status":"open","sticky":false,"template":"","format":"standard","meta":{"footnotes":""},"categories":[42],"tags":[],"class_list":["post-1738","post","type-post","status-publish","format-standard","hentry","category-spor","odd"],"_links":{"self":[{"href":"http:\/\/www.korhanyilmaz.com\/index.php?rest_route=\/wp\/v2\/posts\/1738","targetHints":{"allow":["GET"]}}],"collection":[{"href":"http:\/\/www.korhanyilmaz.com\/index.php?rest_route=\/wp\/v2\/posts"}],"about":[{"href":"http:\/\/www.korhanyilmaz.com\/index.php?rest_route=\/wp\/v2\/types\/post"}],"author":[{"embeddable":true,"href":"http:\/\/www.korhanyilmaz.com\/index.php?rest_route=\/wp\/v2\/users\/1"}],"replies":[{"embeddable":true,"href":"http:\/\/www.korhanyilmaz.com\/index.php?rest_route=%2Fwp%2Fv2%2Fcomments&post=1738"}],"version-history":[{"count":0,"href":"http:\/\/www.korhanyilmaz.com\/index.php?rest_route=\/wp\/v2\/posts\/1738\/revisions"}],"wp:attachment":[{"href":"http:\/\/www.korhanyilmaz.com\/index.php?rest_route=%2Fwp%2Fv2%2Fmedia&parent=1738"}],"wp:term":[{"taxonomy":"category","embeddable":true,"href":"http:\/\/www.korhanyilmaz.com\/index.php?rest_route=%2Fwp%2Fv2%2Fcategories&post=1738"},{"taxonomy":"post_tag","embeddable":true,"href":"http:\/\/www.korhanyilmaz.com\/index.php?rest_route=%2Fwp%2Fv2%2Ftags&post=1738"}],"curies":[{"name":"wp","href":"https:\/\/api.w.org\/{rel}","templated":true}]}}