{"id":17377,"date":"2009-12-29T10:53:27","date_gmt":"2009-12-29T08:53:27","guid":{"rendered":"http:\/\/www.korhanyilmaz.com\/?p=17377"},"modified":"2009-12-29T10:53:27","modified_gmt":"2009-12-29T08:53:27","slug":"yargitay-baskaninin-dilinde-tuy-bitti","status":"publish","type":"post","link":"http:\/\/www.korhanyilmaz.com\/?p=17377","title":{"rendered":"Yarg\u0131tay Ba\u015fkan\u0131&#039;n\u0131n dilinde t\u00fcy bitti&#8230;"},"content":{"rendered":"<p style=\"text-align: center;\"><a href=\"http:\/\/www.korhanyilmaz.com\/wp-content\/uploads\/2009\/12\/yarg\u0131tay.jpg\"  class=\"lightview\"><img loading=\"lazy\" decoding=\"async\" class=\"size-full wp-image-17378 aligncenter\" src=\"http:\/\/www.korhanyilmaz.com\/wp-content\/uploads\/2009\/12\/yarg\u0131tay.jpg\" alt=\"\" width=\"307\" height=\"236\" \/><\/a><\/p>\n<p style=\"text-align: justify;\">Yarg\u0131tay Ba\u015fkan\u0131 Hasan Ger\u00e7eker, yeni y\u0131lla ilgili karamsar bir mesaj verdi. Ger\u00e7eker, altyap\u0131 sorunlar\u0131, fiziki ko\u015fullar halledilmeden ve yarg\u0131n\u0131n sayg\u0131nl\u0131\u011f\u0131na dair ko\u015fullar olu\u015fmadan, en iyi sistem de getirilse de\u011fi\u015fen bir\u015fey olmayaca\u011f\u0131n\u0131 s\u00f6yledi.<\/p>\n<p style=\"text-align: justify;\">Ger\u00e7eker, Yarg\u0131tay&#8217;da \u015fu anda 1 milyon 600 bin dosya bulundu\u011funu, bunlar\u0131n 800 bine yak\u0131n\u0131n y\u0131l i\u00e7inde sonu\u00e7land\u0131\u011f\u0131n\u0131, 800 bine yak\u0131n dosyan\u0131n ise 2010 y\u0131l\u0131na devredece\u011fini s\u00f6yledi. <!--more--><\/p>\n<p style=\"text-align: justify;\">Ger\u00e7eker, &#8220;Bu kadar dosya aras\u0131nda \u00f6n\u00fcm\u00fcz\u00fc g\u00f6remedi\u011fimiz i\u00e7in yeni y\u0131lla ilgili \u00e7ok umutlu bir \u015fey s\u00f6yleyemeyece\u011fim&#8221; diye konu\u015ftu.<\/p>\n<p style=\"text-align: justify;\">Yeni y\u0131lda istinaf mahkemelerinin kurulmas\u0131n\u0131 beklediklerini s\u00f6yleyen Ger\u00e7eker, istinaf mahkemeleri kuruldu\u011funda belki uzun vadede dosya say\u0131s\u0131 bak\u0131m\u0131ndan Yarg\u0131tay&#8217;\u0131n y\u00fck\u00fcn\u00fcn hafifleyebilece\u011fini s\u00f6yledi.<\/p>\n<p style=\"text-align: justify;\"><strong><em>Zamana\u015f\u0131m\u0131 <\/em><\/strong><\/p>\n<p style=\"text-align: justify;\">Baz\u0131 dosyalar\u0131n s\u0131ra gelmedi\u011fi i\u00e7in zamana\u015f\u0131m\u0131na u\u011frad\u0131\u011f\u0131n\u0131, bunun yarg\u0131n\u0131n sorunu oldu\u011fu kadar toplumu da ilgilendirdi\u011fini ifade eden Ger\u00e7eker, &#8220;\u00c7\u00fcnk\u00fc herkes zamana\u015f\u0131m\u0131ndan \u015fikayet\u00e7i. \u00c7\u00fcnk\u00fc toplum hakl\u0131 olarak davas\u0131n\u0131n zaman\u0131nda sonu\u00e7lanmas\u0131n\u0131, hak kayb\u0131na u\u011framamay\u0131 istiyor&#8221; dedi.<\/p>\n<p style=\"text-align: justify;\"><strong><em>Hakim say\u0131s\u0131 az <\/em><\/strong><\/p>\n<p style=\"text-align: justify;\">Hasan Ger\u00e7eker, dosya say\u0131s\u0131n\u0131n fazlal\u0131\u011f\u0131n\u0131n yan\u0131 s\u0131ra hakim say\u0131s\u0131nda eksiklik bulundu\u011funu ifade ederek, yarg\u0131n\u0131n i\u015f a\u011f\u0131rl\u0131\u011f\u0131na g\u00f6re personel takviyesi yap\u0131lmas\u0131 gerekti\u011fini belirtti.<\/p>\n<p style=\"text-align: justify;\">Yarg\u0131tay i\u00e7in hala se\u00e7im yap\u0131lm\u0131yor<\/p>\n<p style=\"text-align: justify;\">Yarg\u0131tay&#8217;da \u015fu anda 33 \u00fcyeli\u011fin de bo\u015f oldu\u011funu, Hakimler ve Savc\u0131lar Y\u00fcksek Kurulu&#8217;nca (HSYK) bo\u015f \u00fcyelikler i\u00e7in hala se\u00e7im yap\u0131lmad\u0131\u011f\u0131n\u0131 kaydeden Ger\u00e7eker, yasa gere\u011fi Yarg\u0131tay&#8217;da 10 \u00fcyelik bo\u015fald\u0131\u011f\u0131nda zorunluluk olarak HSYK taraf\u0131ndan se\u00e7im yap\u0131lmas\u0131 gerekti\u011fini hat\u0131rlatt\u0131.<\/p>\n<p style=\"text-align: justify;\">Hasan Ger\u00e7eker, &#8220;Yasal zorunluluk olmas\u0131na ra\u011fmen, \u015fu anda 33 \u00fcyeli\u011fimiz bo\u015f ve HSYK taraf\u0131ndan se\u00e7im hala yap\u0131lmad\u0131&#8221; dedi.<\/p>\n<p style=\"text-align: justify;\">Eksik kadro ve bu i\u015f y\u00fck\u00fcyle hizmet vermeye \u00e7al\u0131\u015ft\u0131klar\u0131n\u0131 anlatan Ger\u00e7eker, hakim kadrosu tamamlansa bile bo\u015f \u00fcyeliklere se\u00e7im yap\u0131lmad\u0131ktan sonra m\u00fczakerelerin yap\u0131lamayaca\u011f\u0131n\u0131, i\u015f y\u00fck\u00fcn\u00fcn devam edece\u011fini s\u00f6yledi.<\/p>\n<p style=\"text-align: justify;\"><strong><em>Fiziki ko\u015fullar <\/em><\/strong><\/p>\n<p style=\"text-align: justify;\">T\u00fcm bu sorunlar\u0131n yan\u0131 s\u0131ra Yarg\u0131tay&#8217;\u0131n fiziki ko\u015fullar\u0131n\u0131n da yetersiz oldu\u011funa i\u015faret eden Ger\u00e7eker, tetkik hakimi, savc\u0131lar, idari personelin kalabal\u0131k odalarda hizmet verdi\u011fini, dosyalar\u0131n saklanma ko\u015fullar\u0131n\u0131n da yetersiz oldu\u011funu ifade etti.<\/p>\n<p style=\"text-align: justify;\">Yarg\u0131tay&#8217;\u0131n Ahlatl\u0131bel&#8217;de yap\u0131lmas\u0131 planlanan yeni hizmet binas\u0131n\u0131n proje ihalesinin yap\u0131laca\u011f\u0131n\u0131 bildiren Ger\u00e7eker, 2010 y\u0131l\u0131 i\u00e7inde binan\u0131n temelini atmay\u0131 umut ettiklerini dile getirdi.<\/p>\n<p style=\"text-align: justify;\">Ger\u00e7eker, yeni y\u0131lda topluma en iyi \u015fekilde adalet hizmetini sunabilecek, tam ba\u011f\u0131ms\u0131z bir yarg\u0131 sisteminin hayata ge\u00e7irilmesini diledi.<\/p>\n<p style=\"text-align: justify;\"><span style=\"color: #888888;\">CNN T\u00dcRK<\/span><\/p>\n","protected":false},"excerpt":{"rendered":"<p style=\"text-align: center;\">\n<p style=\"text-align: justify;\">Yarg\u0131tay Ba\u015fkan\u0131 Hasan Ger\u00e7eker, yeni y\u0131lla ilgili karamsar bir mesaj verdi. Ger\u00e7eker, altyap\u0131 sorunlar\u0131, fiziki ko\u015fullar halledilmeden ve yarg\u0131n\u0131n sayg\u0131nl\u0131\u011f\u0131na dair ko\u015fullar olu\u015fmadan, en iyi sistem de getirilse de\u011fi\u015fen bir\u015fey olmayaca\u011f\u0131n\u0131 s\u00f6yledi.<\/p>\n<p style=\"text-align: justify;\">Ger\u00e7eker, Yarg\u0131tay&#8217;da \u015fu anda 1 milyon 600 bin dosya bulundu\u011funu, bunlar\u0131n 800 bine yak\u0131n\u0131n y\u0131l i\u00e7inde <\/p>\n","protected":false},"author":1,"featured_media":0,"comment_status":"open","ping_status":"closed","sticky":false,"template":"","format":"standard","meta":{"footnotes":""},"categories":[105],"tags":[],"class_list":["post-17377","post","type-post","status-publish","format-standard","hentry","category-gundem","odd"],"_links":{"self":[{"href":"http:\/\/www.korhanyilmaz.com\/index.php?rest_route=\/wp\/v2\/posts\/17377","targetHints":{"allow":["GET"]}}],"collection":[{"href":"http:\/\/www.korhanyilmaz.com\/index.php?rest_route=\/wp\/v2\/posts"}],"about":[{"href":"http:\/\/www.korhanyilmaz.com\/index.php?rest_route=\/wp\/v2\/types\/post"}],"author":[{"embeddable":true,"href":"http:\/\/www.korhanyilmaz.com\/index.php?rest_route=\/wp\/v2\/users\/1"}],"replies":[{"embeddable":true,"href":"http:\/\/www.korhanyilmaz.com\/index.php?rest_route=%2Fwp%2Fv2%2Fcomments&post=17377"}],"version-history":[{"count":0,"href":"http:\/\/www.korhanyilmaz.com\/index.php?rest_route=\/wp\/v2\/posts\/17377\/revisions"}],"wp:attachment":[{"href":"http:\/\/www.korhanyilmaz.com\/index.php?rest_route=%2Fwp%2Fv2%2Fmedia&parent=17377"}],"wp:term":[{"taxonomy":"category","embeddable":true,"href":"http:\/\/www.korhanyilmaz.com\/index.php?rest_route=%2Fwp%2Fv2%2Fcategories&post=17377"},{"taxonomy":"post_tag","embeddable":true,"href":"http:\/\/www.korhanyilmaz.com\/index.php?rest_route=%2Fwp%2Fv2%2Ftags&post=17377"}],"curies":[{"name":"wp","href":"https:\/\/api.w.org\/{rel}","templated":true}]}}