{"id":17372,"date":"2009-12-29T07:19:51","date_gmt":"2009-12-29T05:19:51","guid":{"rendered":"http:\/\/www.korhanyilmaz.com\/?p=17372"},"modified":"2009-12-29T07:19:51","modified_gmt":"2009-12-29T05:19:51","slug":"seferberlik-bolge-baskanligi%e2%80%99nda-neler-oluyor","status":"publish","type":"post","link":"http:\/\/www.korhanyilmaz.com\/?p=17372","title":{"rendered":"Seferberlik B\u00f6lge Ba\u015fkanl\u0131\u011f\u0131\u2019nda neler oluyor?"},"content":{"rendered":"<div id=\"attachment_17373\" style=\"width: 130px\" class=\"wp-caption alignleft\"><a href=\"http:\/\/www.korhanyilmaz.com\/wp-content\/uploads\/2009\/12\/fikret_bila.jpg\"  class=\"lightview\"><img loading=\"lazy\" decoding=\"async\" aria-describedby=\"caption-attachment-17373\" class=\"size-full wp-image-17373\" style=\"margin-left: 10px; margin-right: 10px;\" title=\"Fikret Bila\" src=\"http:\/\/www.korhanyilmaz.com\/wp-content\/uploads\/2009\/12\/fikret_bila.jpg\" alt=\"\" width=\"120\" height=\"128\" \/><\/a><p id=\"caption-attachment-17373\" class=\"wp-caption-text\">Fikret Bila<\/p><\/div>\n<p style=\"text-align: justify;\">\u00d6zel Kuvvetler\u2019e ba\u011fl\u0131 Seferberlik Ankara B\u00f6lge Ba\u015fkanl\u0131\u011f\u0131\u2019nda, Ankara 11. A\u011f\u0131r Ceza H\u00e2kimi Kadir Kayan\u2019\u0131n y\u00fcr\u00fctt\u00fc\u011f\u00fc \u00e7al\u0131\u015fma g\u00fcnlerdir g\u00fcndemin ilk s\u0131ras\u0131nda yer al\u0131yor.<\/p>\n<p style=\"text-align: justify;\">Bu \u00e7al\u0131\u015fma nedeniyle \u00e7ok \u00e7e\u015fitli iddialar g\u00fcndeme getirildi. TSK&#8217;n\u0131n kalbine girildi\u011fi, kozmik bilgi ve belgelere ula\u015f\u0131ld\u0131\u011f\u0131, bilgi ve belgelerden \u00f6rnekler al\u0131nd\u0131\u011f\u0131, t\u00fcm belgelerin tutana\u011fa ge\u00e7irildi\u011fi, Seferberlik B\u00f6lge Ba\u015fkanl\u0131\u011f\u0131&#8217;na giren h\u00e2kim, savc\u0131 ve ter\u00f6rle m\u00fccadele uzman\u0131 polislerin kozmik odalar dahil her yeri arad\u0131klar\u0131, Genelkurmay \u0130kinci Ba\u015fkan\u0131 Orgeneral Arslan G\u00fcner&#8217;in B\u00f6lge Ba\u015fkanl\u0131\u011f\u0131&#8217;na gitti\u011fi, h\u00e2kim ve savc\u0131larla g\u00f6r\u00fc\u015ft\u00fc\u011f\u00fc gibi&#8230;<!--more--><\/p>\n<p style=\"text-align: justify;\">Kamuoyuna yans\u0131t\u0131lan bu bilgilerin b\u00fcy\u00fck \u00e7o\u011funlu\u011funun abart\u0131l\u0131 oldu\u011funu s\u00f6yleyebiliriz. Kamuoyuna yans\u0131yanla Seferberlik B\u00f6lge Ba\u015fkanl\u0131\u011f\u0131&#8217;nda y\u00fcr\u00fct\u00fclen \u00e7al\u0131\u015fman\u0131n ger\u00e7ek boyutlar\u0131 aras\u0131nda \u00e7ok b\u00fcy\u00fck farklar var.<\/p>\n<p style=\"text-align: justify;\"><strong><em>H\u00e2kim var, savc\u0131 yok<\/em><\/strong><\/p>\n<p style=\"text-align: justify;\">Seferberlik B\u00f6lge Ba\u015fkanl\u0131\u011f\u0131&#8217;ndaki \u00e7al\u0131\u015fmay\u0131 tek bir h\u00e2kimin y\u00fcr\u00fctt\u00fc\u011f\u00fcn\u00fc s\u00f6ylemekle ba\u015flayal\u0131m. Ankara 11. A\u011f\u0131r Ceza Mahkemesi H\u00e2kimi Kadir Kayan, Seferberlik B\u00f6lge Ba\u015fkanl\u0131\u011f\u0131&#8217;nda tek ba\u015f\u0131na \u00e7al\u0131\u015f\u0131yor. Kayan&#8217;\u0131n y\u00fcr\u00fctt\u00fc\u011f\u00fc \u00e7al\u0131\u015fmaya savc\u0131 veya polisler kat\u0131lm\u0131yor.<\/p>\n<p style=\"text-align: justify;\">&#8220;\u00c7ok gizli&#8221; gizlilik derecesine sahip veya kamuoyunun &#8220;devlet s\u0131rr\u0131&#8221; diye bildi\u011fi, bilgi ve belgeleri g\u00f6rme ve inceleme yetkisi sadece h\u00e2kime ait. Ceza Muhakemesi Kanunu&#8217;nun 125. maddesi, &#8220;Devlet s\u0131rr\u0131 niteli\u011findeki bilgileri i\u00e7eren belgeler, ancak mahkeme h\u00e2kimi veya heyeti taraf\u0131ndan incelenebilir. Bu belgelerde yer alan ve sadece y\u00fcklenen su\u00e7u a\u00e7\u0131kl\u0131\u011fa kavu\u015fturabilecek nitelikte olan bilgiler h\u00e2kim veya mahkeme ba\u015fkan\u0131 taraf\u0131ndan tutana\u011fa kaydettirilir.&#8221;<\/p>\n<p style=\"text-align: justify;\">Seferberlik B\u00f6lge Ba\u015fkanl\u0131\u011f\u0131&#8217;nda \u015fu anda harfiyen bu kanun h\u00fckm\u00fc uygulan\u0131yor.<\/p>\n<p style=\"text-align: justify;\"><strong><em>Her evrak de\u011fil<\/em><\/strong><\/p>\n<p style=\"text-align: justify;\">Ba\u015fkanl\u0131kta her evrak\u0131n tutana\u011fa ge\u00e7irildi\u011fi bilgisi bu nedenle do\u011fru de\u011fil. Sadece soru\u015fturma kapsam\u0131yla ilgili g\u00f6r\u00fclen evrak inceleniyor ve gerekli g\u00f6r\u00fclenler h\u00e2kim taraf\u0131ndan tutana\u011fa ge\u00e7iriliyor.<\/p>\n<p style=\"text-align: justify;\">\u00c7al\u0131\u015fmay\u0131 y\u00fcr\u00fcten h\u00e2kim, T\u00fcrkiye&#8217;nin sava\u015f halinde uygulayaca\u011f\u0131 seferberlik planlar\u0131 ve bu planlar\u0131n par\u00e7as\u0131 niteli\u011findeki evrakla da ilgili de\u011fil. H\u00e2kim, kanunda da belirtildi\u011fi gibi y\u00fcr\u00fct\u00fclen soru\u015fturma kapsam\u0131yla s\u0131n\u0131rl\u0131 olarak ilgili g\u00f6rd\u00fc\u011f\u00fc bilgi ve belgeleri inceliyor.<\/p>\n<p style=\"text-align: justify;\">Seferberlik B\u00f6lge Ba\u015fkanl\u0131\u011f\u0131&#8217;nda \u00fc\u00e7 g\u00fcn \u00fcst \u00fcste bask\u0131n veya arama yap\u0131ld\u0131\u011f\u0131ndan s\u00f6z etmek de m\u00fcmk\u00fcn de\u011fil. Birinci g\u00fcn ba\u015flat\u0131lan soru\u015fturmayla ilgili evrak inceleme mesaisi yap\u0131l\u0131yor. H\u00e2kim Kayan, ilgili g\u00f6rd\u00fc\u011f\u00fc evrak\u0131 inceliyor. \u00dc\u00e7 g\u00fcnd\u00fcr devam etmesinin nedeni, yap\u0131lan \u00e7al\u0131\u015fman\u0131n inceleme olmas\u0131ndan kaynaklan\u0131yor. H\u00e2kim, evraklar\u0131 veya \u00f6rnekleri sonradan incelemek \u00fczere d\u0131\u015far\u0131 \u00e7\u0131karm\u0131yor. \u0130ncelemesini orada yap\u0131yor. Yan\u0131nda savc\u0131 veya polis olmaks\u0131z\u0131n tek ba\u015f\u0131na bu incelemeyi s\u00fcrd\u00fcr\u00fcyor. Uzun s\u00fcrmesinin nedeni de tek ba\u015f\u0131na \u00e7al\u0131\u015fmas\u0131. Savc\u0131lar\u0131n y\u00fcr\u00fctt\u00fc\u011f\u00fc \u00e7al\u0131\u015fma ise devlet s\u0131rr\u0131 niteli\u011fi ta\u015f\u0131mayan CMK&#8217;n\u0131n 125. maddesinin d\u0131\u015f\u0131nda kalan bilgi ve belgelerle s\u0131n\u0131rl\u0131 olan bir \u00f6nceki a\u015famayla ilgiliydi.<\/p>\n<p style=\"text-align: justify;\"><strong><em>G\u00f6zalt\u0131na al\u0131nan personelle ilgili<\/em><\/strong><\/p>\n<p style=\"text-align: justify;\">Ba\u015fbakan Yard\u0131mc\u0131s\u0131 B\u00fclent Ar\u0131n\u00e7&#8217;\u0131n evinin yak\u0131n\u0131nda iki subay g\u00f6zalt\u0131na al\u0131nm\u0131\u015ft\u0131. Seferberlik B\u00f6lge Ba\u015fkanl\u0131\u011f\u0131&#8217;ndaki incelemenin ilk g\u00fcn\u00fcnde ise 8 askeri personel g\u00f6zalt\u0131na al\u0131nm\u0131\u015ft\u0131. Bu personel i\u00e7inde s\u00f6z konusu iki subay\u0131n da bulundu\u011fu gelen haberler aras\u0131nda.<\/p>\n<p style=\"text-align: justify;\">Bu \u00e7er\u00e7evede Seferberlik B\u00f6lge Ba\u015fkanl\u0131\u011f\u0131&#8217;nda y\u00fcr\u00fct\u00fclen incelemenin s\u00f6z konusu askeri personelle ilgili oldu\u011fu s\u00f6ylenebilir. Soru\u015fturma kapsam\u0131na girmeyen personel veya evrakla ilgili bir inceleme s\u00f6z konusu de\u011fil.<\/p>\n<p style=\"text-align: justify;\"><strong><em>Gerginlik yok<\/em><\/strong><\/p>\n<p style=\"text-align: justify;\">Seferberlik B\u00f6lge Ba\u015fkanl\u0131\u011f\u0131&#8217;nda y\u00fcr\u00fct\u00fclen inceleme nedeniyle askerle, h\u00e2kim ve savc\u0131lar veya polis aras\u0131nda bir gerginli\u011fin olmad\u0131\u011f\u0131n\u0131 da belirtebiliriz. CMK 125. madde kapsam\u0131nda \u00e7al\u0131\u015fma normal ko\u015fullarda y\u00fcr\u00fct\u00fcl\u00fcyor. \u0130ncelemeyi s\u00fcrd\u00fcren h\u00e2kim, mesaisini B\u00f6lge Ba\u015fkanl\u0131\u011f\u0131&#8217;nda yap\u0131yor. Sadece h\u00e2kimin incelemeye yetkili oldu\u011fu bilgi ve belgeler konusunda savc\u0131lar\u0131n veya polislerin bir \u0131srar\u0131 ve buna kar\u015f\u0131 askeri yetkililerin direnmesi gibi bir durum da s\u00f6z konusu de\u011fil. Taraflar, kanunun \u00e7izdi\u011fi s\u0131n\u0131rlar i\u00e7inde davran\u0131yor.<\/p>\n<p><span style=\"color: #888888;\">Milliyet<\/span><\/p>\n","protected":false},"excerpt":{"rendered":"<p id=\"caption-attachment-17373\" class=\"wp-caption-text\">Fikret Bila<\/p>\n<p style=\"text-align: justify;\">\u00d6zel Kuvvetler\u2019e ba\u011fl\u0131 Seferberlik Ankara B\u00f6lge Ba\u015fkanl\u0131\u011f\u0131\u2019nda, Ankara 11. A\u011f\u0131r Ceza H\u00e2kimi Kadir Kayan\u2019\u0131n y\u00fcr\u00fctt\u00fc\u011f\u00fc \u00e7al\u0131\u015fma g\u00fcnlerdir g\u00fcndemin ilk s\u0131ras\u0131nda yer al\u0131yor.<\/p>\n<p style=\"text-align: justify;\">Bu \u00e7al\u0131\u015fma nedeniyle \u00e7ok \u00e7e\u015fitli iddialar g\u00fcndeme getirildi. TSK&#8217;n\u0131n kalbine girildi\u011fi, kozmik bilgi ve belgelere ula\u015f\u0131ld\u0131\u011f\u0131, bilgi ve belgelerden \u00f6rnekler al\u0131nd\u0131\u011f\u0131, t\u00fcm belgelerin tutana\u011fa ge\u00e7irildi\u011fi, <\/p>\n","protected":false},"author":1,"featured_media":0,"comment_status":"open","ping_status":"closed","sticky":false,"template":"","format":"standard","meta":{"footnotes":""},"categories":[16],"tags":[],"class_list":["post-17372","post","type-post","status-publish","format-standard","hentry","category-kose-yazilari","odd"],"_links":{"self":[{"href":"http:\/\/www.korhanyilmaz.com\/index.php?rest_route=\/wp\/v2\/posts\/17372","targetHints":{"allow":["GET"]}}],"collection":[{"href":"http:\/\/www.korhanyilmaz.com\/index.php?rest_route=\/wp\/v2\/posts"}],"about":[{"href":"http:\/\/www.korhanyilmaz.com\/index.php?rest_route=\/wp\/v2\/types\/post"}],"author":[{"embeddable":true,"href":"http:\/\/www.korhanyilmaz.com\/index.php?rest_route=\/wp\/v2\/users\/1"}],"replies":[{"embeddable":true,"href":"http:\/\/www.korhanyilmaz.com\/index.php?rest_route=%2Fwp%2Fv2%2Fcomments&post=17372"}],"version-history":[{"count":0,"href":"http:\/\/www.korhanyilmaz.com\/index.php?rest_route=\/wp\/v2\/posts\/17372\/revisions"}],"wp:attachment":[{"href":"http:\/\/www.korhanyilmaz.com\/index.php?rest_route=%2Fwp%2Fv2%2Fmedia&parent=17372"}],"wp:term":[{"taxonomy":"category","embeddable":true,"href":"http:\/\/www.korhanyilmaz.com\/index.php?rest_route=%2Fwp%2Fv2%2Fcategories&post=17372"},{"taxonomy":"post_tag","embeddable":true,"href":"http:\/\/www.korhanyilmaz.com\/index.php?rest_route=%2Fwp%2Fv2%2Ftags&post=17372"}],"curies":[{"name":"wp","href":"https:\/\/api.w.org\/{rel}","templated":true}]}}