{"id":17369,"date":"2009-12-28T14:40:44","date_gmt":"2009-12-28T12:40:44","guid":{"rendered":"http:\/\/www.korhanyilmaz.com\/?p=17369"},"modified":"2009-12-28T14:40:44","modified_gmt":"2009-12-28T12:40:44","slug":"yetim-hakkini-kimler-yiyor","status":"publish","type":"post","link":"http:\/\/www.korhanyilmaz.com\/?p=17369","title":{"rendered":"Yetim hakk\u0131n\u0131 kimler yiyor!"},"content":{"rendered":"<p style=\"text-align: center;\"><a href=\"http:\/\/www.korhanyilmaz.com\/wp-content\/uploads\/2009\/12\/evrensel.jpg\"  class=\"lightview\"><img loading=\"lazy\" decoding=\"async\" class=\"size-full wp-image-17368 aligncenter\" src=\"http:\/\/www.korhanyilmaz.com\/wp-content\/uploads\/2009\/12\/evrensel.jpg\" alt=\"\" width=\"232\" height=\"174\" \/><\/a><\/p>\n<p style=\"text-align: justify;\">Bir yanda onlarca y\u0131l \u00fcreterek kazanan TEKEL i\u015f\u00e7ileri, di\u011fer yanda milyonluk yolsuzluk dosyalar\u0131. Ama Ba\u015fbakan Erdo\u011fan\u2019a g\u00f6re yetim hakk\u0131 yiyen i\u015f\u00e7iler.<\/p>\n<p style=\"text-align: justify;\">Tekel i\u015f\u00e7ileri, erken saatlerden itibaren T\u00fcrk-\u0130\u015f \u00f6n\u00fcndeki \u201cn\u00f6bet\u201dlerini s\u00fcrd\u00fcrd\u00fcler. \u0130\u015f\u00e7ilerin sabah \u00e7orbas\u0131 bu kez Divri\u011fi K\u00fclt\u00fcr Derne\u011fi\u2019nden geldi. Dernek y\u00f6netici ve \u00fcyeleri, i\u015f\u00e7ilere \u00e7orba ve ekmeklerini da\u011f\u0131tt\u0131lar.<!--more--><\/p>\n<p style=\"text-align: justify;\">T\u00fcrk-\u0130\u015f \u00f6n\u00fcndeki bekleyi\u015flerine ili\u015fkin rakam\u0131 \u201c13\u201d olarak de\u011fi\u015ftiren i\u015f\u00e7iler, halaylarla co\u015ftu, sloganlarla kararl\u0131l\u0131klar\u0131n\u0131 dile getirdiler. \u0130\u015f\u00e7iler bir yandan da kendi aralar\u0131nda, bug\u00fcn yap\u0131lacak eylemi ve sonras\u0131nda ne yapacaklar\u0131n\u0131, T\u00fcrk-\u0130\u015f Ba\u015fkanlar Kurulu\u2019nun \u00e7ar\u015famba g\u00fcn\u00fc yap\u0131lacak toplant\u0131s\u0131n\u0131 da konu\u015ftular. Gerginlik ya da sald\u0131r\u0131 anlar\u0131 d\u0131\u015f\u0131nda kendilerinden bahsetmeyen \u201cb\u00fcy\u00fck\u201d medyadan yak\u0131nan i\u015f\u00e7iler, Hayat Televizyonu ve Evrensel gazetesine ilk g\u00fcnden beri yanlar\u0131nda oldu\u011fu i\u00e7in te\u015fekk\u00fcr ettiler.<\/p>\n<p style=\"text-align: justify;\">\u00c7ekti\u011fi halayla \u00e7evredekilerin alk\u0131\u015flar\u0131n\u0131 toplayan Batman Yaprak T\u00fct\u00fcn \u0130\u015fletmesi\u2019nden Cemal \u00c7\u0131dam, 3 \u00e7ocuk babas\u0131 oldu\u011funu ve annesiyle birlikte alt\u0131 ki\u015fiye bakmak zorunda oldu\u011funu s\u00f6yledi. \u00c7\u0131dam\u2019\u0131n, \u201cBiz ekme\u011fimizin pe\u015findeyiz, almadan da gitmeyece\u011fiz. D\u00fcnyalar duysun: \u00d6lmek var d\u00f6nmek yok\u201d s\u00f6zleri, arkada\u015flar\u0131 taraf\u0131ndan alk\u0131\u015flarla kar\u015f\u0131land\u0131. 12 y\u0131ll\u0131k i\u015f\u00e7i oldu\u011funu, \u015fimdi 600 liraya mahkum edilmek istendi\u011fini belirten \u00c7\u0131dam, 300 lira ev kiras\u0131 verdi\u011fini de hat\u0131rlatarak, \u201c\u00c7ocuklar\u0131m\u0131 m\u0131 okutaca\u011f\u0131m, aileme mi bakaca\u011f\u0131m, kendimi mi besleyece\u011fim bu parayla?\u201d dedi.<\/p>\n<p style=\"text-align: justify;\"><strong><em>Evimiz Buras\u0131 Oldu<\/em><\/strong><\/p>\n<p style=\"text-align: justify;\">Yine Batman Yaprak T\u00fct\u00fcn \u0130\u015fletmesi\u2019nden Ferzande Ya\u015fatan, d\u00f6rt \u00e7ocuk babas\u0131 oldu\u011funu ve 13 g\u00fcnd\u00fcr onlar\u0131 g\u00f6remedi\u011fini belirterek, gazetemiz arac\u0131l\u0131\u011f\u0131yla \u00e7ocuklar\u0131na selamlar\u0131n\u0131 iletti. En k\u00fc\u00e7\u00fck \u00e7ocu\u011funun d\u00f6rt ya\u015f\u0131nda oldu\u011funu ifade eden Ya\u015fatan, \u201cD\u00f6rt ya\u015f\u0131ndaki \u00e7ocu\u011fum beni \u015fu anda askerde biliyor. Muhammet Sefa ad\u0131. Onu \u00e7ok seviyorum. Hakk\u0131m\u0131z\u0131 almadan \u00f6lmek var, geri d\u00f6nmek yok\u201d diye konu\u015ftu.<\/p>\n<p style=\"text-align: justify;\">Elindeki limonu ba\u015fka bir kad\u0131n arkada\u015f\u0131na uzatan Emine \u00c7ezik, \u201cLimon bizim simgemiz oldu\u201d dedi. Gaz bombalar\u0131n\u0131 kastederek, \u201cHerhangi bir kazaya kar\u015f\u0131 hep yan\u0131m\u0131zda bulundurmak zorunda kal\u0131yoruz\u201d diyen \u00c7ezik, \u0130zmir Balat\u00e7\u0131k\u2019tan gelmi\u015f. 20 y\u0131ll\u0131k i\u015f\u00e7i olan \u00c7ezik, iki \u00e7ocu\u011funu b\u0131rak\u0131p geldi\u011fini belirterek, \u201cGe\u00e7en hafta evim yanm\u0131\u015f, ona bile gidip bakamad\u0131m. Art\u0131k evimiz buras\u0131 oldu\u201d diye konu\u015ftu.<\/p>\n<p style=\"text-align: justify;\"><strong><em>Karde\u015f Gibi Payla\u015ft\u0131k<\/em><\/strong><\/p>\n<p style=\"text-align: justify;\">Egeli oldu\u011funu ve halay \u00e7ekmesini burada \u00f6\u011frendi\u011fini anlatan \u00c7ezik, kararl\u0131l\u0131\u011f\u0131n\u0131 \u015fu s\u00f6zlerle ifade etti: \u201c\u00c7erkez arkada\u015flarla \u00c7erkezceyi bile \u00f6\u011frendim. \u00c7o\u011fu \u015feyi karde\u015f gibi payla\u015ft\u0131k. Ba\u015fbakan\u0131m\u0131z bizi par\u00e7alamaya \u00e7al\u0131\u015f\u0131yor. Ama \u015fu g\u00fcn \u015furdaysak, bunu biz birlikte verdi\u011fimiz ekmek kavgas\u0131yla ba\u015fard\u0131k. Y\u0131k\u0131lmayaca\u011f\u0131z, \u00e7olu\u011fumuza \u00e7ocu\u011fumuza ekmek g\u00f6t\u00fcrmek i\u00e7in sonuna kadar buraday\u0131z.\u201d<\/p>\n<p style=\"text-align: justify;\"><strong><em>TKP\u2019 den Destek<\/em><\/strong><\/p>\n<p style=\"text-align: justify;\">TKP de \u00f6nceki g\u00fcn ak\u015fam saatlerinde Sakarya Caddesi\u2019nde TEKEL i\u015f\u00e7ileriyle dayan\u0131\u015fma eylemi yapt\u0131. TKP Genel Ba\u015fkan\u0131 Erkan Ba\u015f TEKEL i\u015f\u00e7ilerinin m\u00fccadelesinin bir k\u0131v\u0131lc\u0131m oldu\u011funu ve bunu b\u00fcy\u00fctmek gerekti\u011fini s\u00f6yledi. (Ankara\/EVRENSEL)<\/p>\n<p style=\"text-align: justify;\"><strong><em>AKP D\u00f6nemindeki Yolsuzluklar<\/em><\/strong><\/p>\n<p style=\"text-align: justify;\">* Maliye Bakan\u0131 Kemal Unak\u0131tan\u2019\u0131n o\u011flu, G\u00fcmr\u00fck Vergisi y\u00fczde 70\u2019e \u00e7\u0131kmadan hemen \u00f6nce, 4 bin ton \u00e7erezlik m\u0131s\u0131r ithal ediyor. Ve ithalden sonra, G\u00fcmr\u00fck Vergisi miktar\u0131 y\u00fckseltiliyor.<\/p>\n<p style=\"text-align: justify;\">O\u011ful Unak\u0131tan, past\u00f6rize yumurta ithalat\u0131 i\u015fine de giriyor. \u015eirketine \u00f6nce 2.5 milyon lira te\u015fvik belgesi veriliyor. \u0130\u015fe ba\u015flamadan \u00f6nce past\u00f6rize yumurtada KDV oranlar\u0131 y\u00fczde 18\u2019den y\u00fczde 8\u2019e iniyor.<\/p>\n<p style=\"text-align: justify;\">* TCDD\u2019den 10 istasyon yenileme ihalesi AKP Kad\u0131n Kollar\u0131 MKYK \u00dcyesi Emine Alio\u011flu\u2019na veriliyor. Bu AKP\u2019li m\u00fcteahhit han\u0131m, ayn\u0131 zamanda ye\u015fil kart sahibi. \u00d6nce devletten ye\u015fil kart\u0131 al\u0131yor, sonra da 10 istasyon yenileme ihalesini al\u0131yor.<\/p>\n<p style=\"text-align: justify;\">* TCDD \u0130zmir Liman\u0131, 15 y\u0131ll\u0131\u011f\u0131na Reha Denizcilik adl\u0131 \u015firkete (toplam 2 milyar 100 milyon dolarl\u0131k i\u015f) ihalesiz olarak bir s\u00f6zle\u015fmeyle verildi. Reha Denizcilik, s\u00f6zle\u015fme tarihinden sadece bir hafta \u00f6nce kuruldu. Bu ball\u0131 i\u015fi ihalesiz alan \u015firketin b\u00fcy\u00fck hisseli ortaklar\u0131ndan biri, AKP\u2019nin Bak\u0131rk\u00f6y \u0130l\u00e7e Ba\u015fkanl\u0131\u011f\u0131\u2019n\u0131 yapm\u0131\u015f olan Rahmi Gen\u00e7.<\/p>\n<p style=\"text-align: justify;\">* Tasarruf Mevduat\u0131 Sigorta Fonu, Ceylan Grubu\u2019ndan banka borcuna kar\u015f\u0131l\u0131k, 52 milyon dolara Antalya\u2019daki Deluxe Resort Otel\u2019i ald\u0131, kar\u015f\u0131l\u0131\u011f\u0131nda da Ceylan Grubu\u2019nun 52 milyon dolarl\u0131k borcu silindi. Devletin 52 milyon dolara ald\u0131\u011f\u0131 otel, bir s\u00fcre sonra 25 milyon dolara AKP yanda\u015f\u0131 bir \u015firkete sat\u0131ld\u0131.<\/p>\n<p style=\"text-align: justify;\">* Ger\u00e7ek de\u011feri 51 milyon dolar olan Bal\u0131kesir SEKA Ka\u011f\u0131t Fabrikas\u0131, 1.1 milyon dolara Albayraklar\u2019a sat\u0131ld\u0131.<\/p>\n<p style=\"text-align: justify;\">* Gemlik G\u00fcbre Sanayii A\u015e, 83.1 milyon dolara \u00f6zelle\u015ftirildi. Oysa bu fabrikan\u0131n sadece arsas\u0131, i\u00e7indeki 154 lojmanla birlikte 120 milyon dolar ediyordu.<\/p>\n<p style=\"text-align: justify;\">* 3 milyon 751 bin dolara \u00f6zelle\u015ftirilen S\u00fcmerbank\u2019\u0131n arsas\u0131n\u0131n sadece bir b\u00f6l\u00fcm\u00fc 13 milyon 750 bin dolara sat\u0131ld\u0131.<\/p>\n<p style=\"text-align: justify;\">* Ula\u015ft\u0131rma Bakan\u0131 Binali Y\u0131ld\u0131r\u0131m\u2019\u0131n o\u011flu Erkan Y\u0131ld\u0131r\u0131m, Almanya\u2019daki Santour GmbH firmas\u0131ndan ald\u0131\u011f\u0131 200 bin avro ile \u0130talya\u2019da bir gemi sat\u0131n ald\u0131. Binali Y\u0131ld\u0131r\u0131m, milletvekili olmadan \u00f6nce bu firman\u0131n genel m\u00fcd\u00fcr\u00fcyd\u00fc. T\u00fcrkiye Denizcilik \u0130\u015fletmesi\u2019ne ait bir gemi ihalesiz olarak, Santour GmbH firmas\u0131na kiraland\u0131.<\/p>\n<p style=\"text-align: justify;\">* AKP H\u00fck\u00fcmeti, yasalara ayk\u0131r\u0131 olarak \u0130srailli i\u015f adam\u0131na 6 ayda 755 milyon dolar kazand\u0131rd\u0131. T\u00dcPRA\u015e\u2019\u0131n y\u00fczde 14.76\u2019l\u0131k hissesi, kapal\u0131 kap\u0131lar ard\u0131nda yap\u0131lan pazarl\u0131klarla, yasad\u0131\u015f\u0131 olarak \u0130srailli i\u015f adam\u0131 Ofer\u2019e 446 milyon dolara sat\u0131ld\u0131. Ancak 6 ay sonra T\u00dcPRA\u015e\u2019\u0131n y\u00fczde 51\u2019lik hissesi ihaleyle sat\u0131ld\u0131\u011f\u0131nda, ger\u00e7ek fiyat\u0131n bu rakam\u0131n \u00e7ok \u00fcst\u00fcnde oldu\u011fu anla\u015f\u0131ld\u0131.<\/p>\n<p style=\"text-align: justify;\">* AKP Grup Ba\u015fkan Vekili Sadullah Ergin\u2019in de ad\u0131n\u0131n kar\u0131\u015ft\u0131\u011f\u0131 Hatay\u2019daki yolsuzluklar zinciri, halk taraf\u0131ndan \u2018AL\u0130 D\u0130BO\u2019 d\u00fczeni olarak adland\u0131r\u0131l\u0131yor. Yolsuzlu\u011fu ortaya \u00e7\u0131karansa bir ba\u015fka AKP milletvekili. AKP Grup Ba\u015fkan Vekili Sadullah Ergin\u2019in kendi el yaz\u0131s\u0131yla, ihalelerin AKP\u2019lilerce nas\u0131l payla\u015f\u0131ld\u0131\u011f\u0131 belgeleriyle ortaya kondu.<\/p>\n<p style=\"text-align: justify;\"><strong><em>Bug\u00fcn TEKEL Yar\u0131n \u015eEKER<\/em><\/strong><\/p>\n<p style=\"text-align: justify;\">T\u00fcrkiye Ziraat\u00e7\u0131lar Derne\u011fi (TZD) Genel Ba\u015fkan\u0131 \u0130brahim Yetkin, tar\u0131mda 2009 y\u0131l\u0131n\u0131 de\u011ferlendirdi. T\u00fct\u00fcn Kanunu\u2019nun \u00e7\u0131kar\u0131lmas\u0131 ile t\u00fct\u00fcn \u00fcretiminin tasfiye edildi\u011fini, sigara sanayisinin d\u0131\u015fa ba\u011f\u0131ml\u0131 hale getirildi\u011fini ve yerli t\u00fct\u00fcn i\u015fletmelerinin kapat\u0131ld\u0131\u011f\u0131n\u0131 hat\u0131rlatan Yetkin, \u015eeker Kanunu\u2019nun yol a\u00e7t\u0131\u011f\u0131 benzer sorunlar\u0131n \u015feker pancar\u0131 \u00fcretiminde de ya\u015fand\u0131\u011f\u0131n\u0131 belirtti. Yetkin, \u201c\u015eeker fabrikalar\u0131n\u0131n kapanmas\u0131n\u0131, pancar \u00fcreticilerinin ve fabrika \u00e7al\u0131\u015fanlar\u0131n\u0131n i\u015flerini kaybetmesini istemiyorsak, bu s\u00fcrece bir dur demek ve al\u0131nan kararlar\u0131 g\u00f6zden ge\u00e7irmek zorunday\u0131z\u201d dedi.<\/p>\n<p style=\"text-align: justify;\">Yetkin, T\u00dc\u0130K ara\u015ft\u0131rmas\u0131na g\u00f6re tah\u0131l \u00fcr\u00fcnleri \u00fcretiminde y\u00fczde 14.6, meyve \u00fcretiminde y\u00fczde 1.5 oran\u0131nda art\u0131\u015f, sebzelerde ise y\u00fczde 1.9 oran\u0131nda d\u00fc\u015f\u00fc\u015f \u00f6ng\u00f6r\u00fcld\u00fc\u011f\u00fcn\u00fc a\u00e7\u0131klad\u0131. Yetkin, bu\u011fdayda ise T\u00dc\u0130K\u2019in 20 milyon 600 bin ton \u00fcretim bekledi\u011fini kaydetti. Ekonomik krizin etkisi ile T\u00fcrkiye ekonomisinin rekor d\u00fczeyde k\u00fc\u00e7\u00fcld\u00fc\u011f\u00fcn\u00fc ifade eden Yetkin, tar\u0131mda ise y\u0131l\u0131n birinci \u00e7eyre\u011finde y\u00fczde 0.5 oran\u0131nda k\u00fc\u00e7\u00fclme g\u00f6r\u00fcl\u00fcrken, ikinci \u00e7eyrekte y\u00fczde 6.6 ve \u00fc\u00e7\u00fcnc\u00fc \u00e7eyrekte y\u00fczde 2.7 oran\u0131nda b\u00fcy\u00fcme ya\u015fand\u0131\u011f\u0131n\u0131 kaydetti. Bu b\u00fcy\u00fcmenin tar\u0131m sekt\u00f6r\u00fcnde \u00e7al\u0131\u015fan \u00fcreticilere refah ve kazan\u00e7 getirmedi\u011fini vurgulayan Yetkin, \u201cTar\u0131m \u00fcr\u00fcnleri fiyatlar\u0131 enflasyonun alt\u0131nda artt\u0131, hatta kimi \u00fcr\u00fcnlerin fiyatlar\u0131nda ge\u00e7en y\u0131la g\u00f6re d\u00fc\u015f\u00fc\u015f g\u00f6r\u00fcld\u00fc. Yap\u0131lan istatistikler de k\u0131rsal alanlarda yoksullu\u011fun artmakta oldu\u011funu ortaya koyuyor\u201d dedi.<\/p>\n<p style=\"text-align: justify;\">Yetkin, 2009 y\u0131l\u0131nda hayvanc\u0131l\u0131\u011f\u0131n sorunlar\u0131n\u0131n da artt\u0131\u011f\u0131n\u0131 ifade ederek bunun en a\u00e7\u0131k g\u00f6stergesinin k\u0131rm\u0131z\u0131 et fiyatlar\u0131nda g\u00f6r\u00fclen art\u0131\u015f oldu\u011funu belirtti. Et fiyatlar\u0131n\u0131n rekor d\u00fczeyde artmas\u0131n\u0131n gerek\u00e7esini, y\u0131llard\u0131r hayvanc\u0131l\u0131k politikalar\u0131ndaki yanl\u0131\u015fl\u0131klar nedeniyle \u00fcretimin d\u00fc\u015fmesi ve spek\u00fclatif kazan\u00e7 beklentilerinin artmas\u0131 olarak a\u00e7\u0131klayan Yetkin, kay\u0131t d\u0131\u015f\u0131 et \u00fcretiminin kay\u0131tl\u0131 et \u00fcretimini ge\u00e7ti\u011fini kaydetti. En \u00f6nemli yanl\u0131\u015f\u0131n \u00f6zelle\u015ftirilme oldu\u011funu ifade eden Yetkin, \u00f6zelle\u015ftirilen Et ve Bal\u0131k Kurumu\u2019nun ge\u00e7mi\u015fte et piyasas\u0131n\u0131 d\u00fczenleme g\u00fcc\u00fcne sahip bir kurum oldu\u011funu hat\u0131rlatt\u0131.<\/p>\n<p style=\"text-align: justify;\"><span style=\"color: #888888;\">Haber Kayna\u011f\u0131 :\u00a0 <a href=\"http:\/\/www.evrensel.net\/haber.php?haber_id=62936\" target=\"_blank\">Evrensel Gazetesi<\/a><\/span><\/p>\n","protected":false},"excerpt":{"rendered":"<p style=\"text-align: center;\">\n<p style=\"text-align: justify;\">Bir yanda onlarca y\u0131l \u00fcreterek kazanan TEKEL i\u015f\u00e7ileri, di\u011fer yanda milyonluk yolsuzluk dosyalar\u0131. Ama Ba\u015fbakan Erdo\u011fan\u2019a g\u00f6re yetim hakk\u0131 yiyen i\u015f\u00e7iler.<\/p>\n<p style=\"text-align: justify;\">Tekel i\u015f\u00e7ileri, erken saatlerden itibaren T\u00fcrk-\u0130\u015f \u00f6n\u00fcndeki \u201cn\u00f6bet\u201dlerini s\u00fcrd\u00fcrd\u00fcler. \u0130\u015f\u00e7ilerin sabah \u00e7orbas\u0131 bu kez Divri\u011fi K\u00fclt\u00fcr Derne\u011fi\u2019nden geldi. Dernek y\u00f6netici ve \u00fcyeleri, i\u015f\u00e7ilere \u00e7orba ve ekmeklerini da\u011f\u0131tt\u0131lar.<\/p>\n","protected":false},"author":1,"featured_media":0,"comment_status":"open","ping_status":"closed","sticky":false,"template":"","format":"standard","meta":{"footnotes":""},"categories":[105],"tags":[],"class_list":["post-17369","post","type-post","status-publish","format-standard","hentry","category-gundem","odd"],"_links":{"self":[{"href":"http:\/\/www.korhanyilmaz.com\/index.php?rest_route=\/wp\/v2\/posts\/17369","targetHints":{"allow":["GET"]}}],"collection":[{"href":"http:\/\/www.korhanyilmaz.com\/index.php?rest_route=\/wp\/v2\/posts"}],"about":[{"href":"http:\/\/www.korhanyilmaz.com\/index.php?rest_route=\/wp\/v2\/types\/post"}],"author":[{"embeddable":true,"href":"http:\/\/www.korhanyilmaz.com\/index.php?rest_route=\/wp\/v2\/users\/1"}],"replies":[{"embeddable":true,"href":"http:\/\/www.korhanyilmaz.com\/index.php?rest_route=%2Fwp%2Fv2%2Fcomments&post=17369"}],"version-history":[{"count":0,"href":"http:\/\/www.korhanyilmaz.com\/index.php?rest_route=\/wp\/v2\/posts\/17369\/revisions"}],"wp:attachment":[{"href":"http:\/\/www.korhanyilmaz.com\/index.php?rest_route=%2Fwp%2Fv2%2Fmedia&parent=17369"}],"wp:term":[{"taxonomy":"category","embeddable":true,"href":"http:\/\/www.korhanyilmaz.com\/index.php?rest_route=%2Fwp%2Fv2%2Fcategories&post=17369"},{"taxonomy":"post_tag","embeddable":true,"href":"http:\/\/www.korhanyilmaz.com\/index.php?rest_route=%2Fwp%2Fv2%2Ftags&post=17369"}],"curies":[{"name":"wp","href":"https:\/\/api.w.org\/{rel}","templated":true}]}}