{"id":17366,"date":"2009-12-28T13:26:51","date_gmt":"2009-12-28T11:26:51","guid":{"rendered":"http:\/\/www.korhanyilmaz.com\/?p=17366"},"modified":"2009-12-28T13:26:51","modified_gmt":"2009-12-28T11:26:51","slug":"amirallere-suikast-iddiasi-1-albay-ifade-verdi","status":"publish","type":"post","link":"http:\/\/www.korhanyilmaz.com\/?p=17366","title":{"rendered":"Amirallere suikast iddias\u0131: 1 albay ifade verdi"},"content":{"rendered":"<p style=\"text-align: justify;\">\u0130stanbul ve G\u00f6lc\u00fck&#8217;te e\u015fzamanl\u0131 d\u00fczenlenen &#8220;amirallere suikast plan\u0131&#8221; operasyonu kapsam\u0131nda bir askeri personelin &#8220;\u015f\u00fcpheli&#8221; s\u0131fat\u0131yla ifadesine ba\u015fvuruldu.<\/p>\n<p style=\"text-align: justify;\">\u0130stanbul Merkez Komutanl\u0131\u011f\u0131na ba\u011fl\u0131 ekiplerce sivil plakal\u0131 2 ara\u00e7la, Be\u015fikta\u015f&#8217;taki \u0130stanbul Adliyesine getirilen ve hakim ile savc\u0131lar\u0131n giri\u015f yapt\u0131\u011f\u0131 kap\u0131dan al\u0131nan ve albay oldu\u011fu belirtilen O.Y&#8217;nin, &#8220;\u015f\u00fcpheli&#8221; s\u0131fat\u0131yla Cumhuriyet Savc\u0131s\u0131 S\u00fcleyman Pehlivan taraf\u0131ndan ifadesi al\u0131nd\u0131. <!--more--><\/p>\n<p style=\"text-align: justify;\">O.Y, savc\u0131l\u0131k ifadesinin ard\u0131ndan serbest b\u0131rak\u0131ld\u0131.<\/p>\n<p style=\"text-align: justify;\">Soru\u015fturma, &#8220;Amirallere suikast&#8221; ile &#8220;Operasyon kapsam\u0131nda ele ge\u00e7irilen TNT kal\u0131plar\u0131 ve uyu\u015fturucu maddeleri bulundurma&#8221; y\u00f6n\u00fcndeki iddialar konusunda y\u00fcr\u00fct\u00fcl\u00fcyor.<\/p>\n<p style=\"text-align: justify;\"><span style=\"color: #888888;\">CNN T\u00dcRK<\/span><\/p>\n","protected":false},"excerpt":{"rendered":"<p style=\"text-align: justify;\">\u0130stanbul ve G\u00f6lc\u00fck&#8217;te e\u015fzamanl\u0131 d\u00fczenlenen &#8220;amirallere suikast plan\u0131&#8221; operasyonu kapsam\u0131nda bir askeri personelin &#8220;\u015f\u00fcpheli&#8221; s\u0131fat\u0131yla ifadesine ba\u015fvuruldu.<\/p>\n<p style=\"text-align: justify;\">\u0130stanbul Merkez Komutanl\u0131\u011f\u0131na ba\u011fl\u0131 ekiplerce sivil plakal\u0131 2 ara\u00e7la, Be\u015fikta\u015f&#8217;taki \u0130stanbul Adliyesine getirilen ve hakim ile savc\u0131lar\u0131n giri\u015f yapt\u0131\u011f\u0131 kap\u0131dan al\u0131nan ve albay oldu\u011fu belirtilen O.Y&#8217;nin, &#8220;\u015f\u00fcpheli&#8221; s\u0131fat\u0131yla Cumhuriyet Savc\u0131s\u0131 S\u00fcleyman Pehlivan taraf\u0131ndan ifadesi <\/p>\n","protected":false},"author":1,"featured_media":0,"comment_status":"open","ping_status":"closed","sticky":false,"template":"","format":"standard","meta":{"footnotes":""},"categories":[105],"tags":[],"class_list":["post-17366","post","type-post","status-publish","format-standard","hentry","category-gundem","odd"],"_links":{"self":[{"href":"http:\/\/www.korhanyilmaz.com\/index.php?rest_route=\/wp\/v2\/posts\/17366","targetHints":{"allow":["GET"]}}],"collection":[{"href":"http:\/\/www.korhanyilmaz.com\/index.php?rest_route=\/wp\/v2\/posts"}],"about":[{"href":"http:\/\/www.korhanyilmaz.com\/index.php?rest_route=\/wp\/v2\/types\/post"}],"author":[{"embeddable":true,"href":"http:\/\/www.korhanyilmaz.com\/index.php?rest_route=\/wp\/v2\/users\/1"}],"replies":[{"embeddable":true,"href":"http:\/\/www.korhanyilmaz.com\/index.php?rest_route=%2Fwp%2Fv2%2Fcomments&post=17366"}],"version-history":[{"count":0,"href":"http:\/\/www.korhanyilmaz.com\/index.php?rest_route=\/wp\/v2\/posts\/17366\/revisions"}],"wp:attachment":[{"href":"http:\/\/www.korhanyilmaz.com\/index.php?rest_route=%2Fwp%2Fv2%2Fmedia&parent=17366"}],"wp:term":[{"taxonomy":"category","embeddable":true,"href":"http:\/\/www.korhanyilmaz.com\/index.php?rest_route=%2Fwp%2Fv2%2Fcategories&post=17366"},{"taxonomy":"post_tag","embeddable":true,"href":"http:\/\/www.korhanyilmaz.com\/index.php?rest_route=%2Fwp%2Fv2%2Ftags&post=17366"}],"curies":[{"name":"wp","href":"https:\/\/api.w.org\/{rel}","templated":true}]}}