{"id":17362,"date":"2009-12-28T12:04:59","date_gmt":"2009-12-28T10:04:59","guid":{"rendered":"http:\/\/www.korhanyilmaz.com\/?p=17362"},"modified":"2009-12-28T12:04:59","modified_gmt":"2009-12-28T10:04:59","slug":"karargahta-3-arama-basladi","status":"publish","type":"post","link":"http:\/\/www.korhanyilmaz.com\/?p=17362","title":{"rendered":"Karargahta 3. arama ba\u015flad\u0131"},"content":{"rendered":"<p style=\"text-align: center;\"><a href=\"http:\/\/www.korhanyilmaz.com\/wp-content\/uploads\/2009\/12\/ARAMA.jpg\"  class=\"lightview\"><img loading=\"lazy\" decoding=\"async\" class=\"size-full wp-image-17363 aligncenter\" src=\"http:\/\/www.korhanyilmaz.com\/wp-content\/uploads\/2009\/12\/ARAMA.jpg\" alt=\"\" width=\"307\" height=\"236\" \/><\/a><\/p>\n<p style=\"text-align: justify;\">Ba\u015fbakan Yard\u0131mc\u0131s\u0131 B\u00fclent Ar\u0131n\u00e7&#8217;\u0131 takip ettikleri \u00f6ne s\u00fcr\u00fclen 2 subay\u0131n g\u00f6rev yapt\u0131\u011f\u0131 Ankara Seferberlik B\u00f6lge Ba\u015fkanl\u0131\u011f\u0131&#8217;nda d\u00fcn yap\u0131lan ikinci arama 28 saat s\u00fcrd\u00fc. \u00dc\u00e7\u00fcnc\u00fc arama bug\u00fcn tekrar ba\u015flad\u0131.<\/p>\n<p style=\"text-align: justify;\">Ter\u00f6r ve organize su\u00e7lara ili\u015fkin soru\u015fturmalara bakmakla g\u00f6revli Cumhuriyet Savc\u0131s\u0131, beraberindeki Ankara Emniyet M\u00fcd\u00fcrl\u00fc\u011f\u00fc Ter\u00f6rle M\u00fccadele \u015eube M\u00fcd\u00fcrl\u00fc\u011f\u00fc ekipleriyle Ankara Seferberlik B\u00f6lge Ba\u015fkanl\u0131\u011f\u0131&#8217;n\u0131n bulundu\u011fu Kirazl\u0131dere mevkindeki askeri b\u00f6lgeye geldi. <!--more--><\/p>\n<p style=\"text-align: justify;\">Savc\u0131 ve polisleri ta\u015f\u0131yan ara\u00e7lar, saat 11.40&#8217;da b\u00f6lgeye giri\u015f yapt\u0131.<\/p>\n<p style=\"text-align: justify;\">Soru\u015fturma kapsam\u0131nda, Ankara Seferberlik B\u00f6lge Ba\u015fkanl\u0131\u011f\u0131ndaki ikinci arama bug\u00fcn saat 00.45&#8217;te sona ermi\u015fti.<\/p>\n<p style=\"text-align: justify;\"><strong><em>D\u00fcnk\u00fc aramalar <\/em><\/strong><\/p>\n<p style=\"text-align: justify;\">Ter\u00f6r su\u00e7lar\u0131na bakmakla g\u00f6revli \u00f6zel yetkili cumhuriyet savc\u0131lar\u0131n\u0131n iste\u011fi \u00fczerine, Ankara 11. A\u011f\u0131r Ceza Mahkemesi yedek yarg\u0131\u00e7l\u0131\u011f\u0131n\u0131n verdi\u011fi arama izni do\u011frultusunda d\u00fcn ak\u015fam saatlerinde Balgat Kirazl\u0131dere mevkiinde bulunan Ankara Seferberlik B\u00f6lge Ba\u015fkanl\u0131\u011f\u0131&#8217;nda ikinci kez arama ba\u015flat\u0131lm\u0131\u015ft\u0131.<\/p>\n<p style=\"text-align: justify;\">Kirazl\u0131dere mevkindeki askeri b\u00f6lgeye saat 00.30 s\u0131ralar\u0131nda Cumhuriyet Savc\u0131s\u0131 ve polis ekiplerinin bulundu\u011fu 6 sivil ara\u00e7 geldi. Bu ara\u00e7lar bir s\u00fcre i\u00e7eri al\u0131nmad\u0131.<\/p>\n<p style=\"text-align: justify;\">Yap\u0131lan g\u00f6r\u00fc\u015fmelerin ard\u0131ndan i\u00e7inde ter\u00f6rle m\u00fccadele polislerinin bulundugu 1 ara\u00e7 geri \u00e7evrilirken savc\u0131 ve sivil polisleri ta\u015f\u0131yan Adalet Bakanl\u0131\u011f\u0131&#8217;na ait ara\u00e7lar arama yap\u0131lan komutanl\u0131\u011fa ge\u00e7ti.<\/p>\n<p style=\"text-align: justify;\">Bir g\u00fcn \u00f6nce izin verilmeyen m\u00fch\u00fcrlenen odalarda arama yap\u0131ld\u0131\u011f\u0131 belirtiliyor. Aramaya askeri savc\u0131lar da kat\u0131ld\u0131.<\/p>\n<p style=\"text-align: justify;\">Soru\u015fturmay\u0131 y\u00fcr\u00fcten savc\u0131lar ile arama karar\u0131n\u0131 veren yedek yarg\u0131c\u0131n kat\u0131ld\u0131\u011f\u0131 \u00e7al\u0131\u015fmalar, saat 00.45&#8217;te sona erdi. Aramalarda, merkez komutanl\u0131\u011f\u0131 g\u00f6revlileri de bulundu.<\/p>\n<p style=\"text-align: justify;\"><strong><em>Devlet s\u0131rlar\u0131 <\/em><\/strong><\/p>\n<p style=\"text-align: justify;\">Bu kez aralar\u0131nda devlet s\u0131rlar\u0131 olarak bilinen belgelerin bulundu\u011fu ar\u015fiv odas\u0131 da arand\u0131. \u0130kinci arama da bu nedenle ilkine g\u00f6re daha uzun s\u00fcrd\u00fc. \u00c7\u00fcnk\u00fc Ceza Muhakemeleri Kanunu&#8217;nun 125. maddesine g\u00f6re, bu ar\u015fiv odas\u0131ndaki aramay\u0131 sadece yetkili hakim yapabiliyor.<\/p>\n<p style=\"text-align: justify;\">Bu nedenle 11. A\u011f\u0131r Ceza Mahkemesi N\u00f6bet\u00e7i hakimi Kadir Kayhan, o evraklar\u0131 tek ba\u015f\u0131na inceledi.<\/p>\n<p style=\"text-align: justify;\">8 askeri personel g\u00f6zalt\u0131na al\u0131nm\u0131\u015ft\u0131<\/p>\n<p style=\"text-align: justify;\">Ankara&#8217;da, 19 Aral\u0131k&#8217;ta 2 askeri personelin ku\u015fku \u00fczerine yakalan\u0131p daha sonra serbest b\u0131rak\u0131lmas\u0131 ve Ankara Seferberlik B\u00f6lge Ba\u015fkanl\u0131\u011f\u0131&#8217;nda ilk yap\u0131lan araman\u0131n ard\u0131ndan Genelkurmay Ba\u015fkanl\u0131\u011f\u0131nca yap\u0131lan a\u00e7\u0131klamada, 8 askeri personelin g\u00f6zalt\u0131na al\u0131nd\u0131\u011f\u0131 a\u00e7\u0131klanm\u0131\u015ft\u0131.<\/p>\n<p style=\"text-align: justify;\"><span style=\"color: #888888;\">CNN T\u00dcRK<\/span><\/p>\n","protected":false},"excerpt":{"rendered":"<p style=\"text-align: center;\">\n<p style=\"text-align: justify;\">Ba\u015fbakan Yard\u0131mc\u0131s\u0131 B\u00fclent Ar\u0131n\u00e7&#8217;\u0131 takip ettikleri \u00f6ne s\u00fcr\u00fclen 2 subay\u0131n g\u00f6rev yapt\u0131\u011f\u0131 Ankara Seferberlik B\u00f6lge Ba\u015fkanl\u0131\u011f\u0131&#8217;nda d\u00fcn yap\u0131lan ikinci arama 28 saat s\u00fcrd\u00fc. \u00dc\u00e7\u00fcnc\u00fc arama bug\u00fcn tekrar ba\u015flad\u0131.<\/p>\n<p style=\"text-align: justify;\">Ter\u00f6r ve organize su\u00e7lara ili\u015fkin soru\u015fturmalara bakmakla g\u00f6revli Cumhuriyet Savc\u0131s\u0131, beraberindeki Ankara Emniyet M\u00fcd\u00fcrl\u00fc\u011f\u00fc Ter\u00f6rle M\u00fccadele \u015eube M\u00fcd\u00fcrl\u00fc\u011f\u00fc ekipleriyle Ankara <\/p>\n","protected":false},"author":1,"featured_media":0,"comment_status":"open","ping_status":"closed","sticky":false,"template":"","format":"standard","meta":{"footnotes":""},"categories":[105],"tags":[],"class_list":["post-17362","post","type-post","status-publish","format-standard","hentry","category-gundem","odd"],"_links":{"self":[{"href":"http:\/\/www.korhanyilmaz.com\/index.php?rest_route=\/wp\/v2\/posts\/17362","targetHints":{"allow":["GET"]}}],"collection":[{"href":"http:\/\/www.korhanyilmaz.com\/index.php?rest_route=\/wp\/v2\/posts"}],"about":[{"href":"http:\/\/www.korhanyilmaz.com\/index.php?rest_route=\/wp\/v2\/types\/post"}],"author":[{"embeddable":true,"href":"http:\/\/www.korhanyilmaz.com\/index.php?rest_route=\/wp\/v2\/users\/1"}],"replies":[{"embeddable":true,"href":"http:\/\/www.korhanyilmaz.com\/index.php?rest_route=%2Fwp%2Fv2%2Fcomments&post=17362"}],"version-history":[{"count":0,"href":"http:\/\/www.korhanyilmaz.com\/index.php?rest_route=\/wp\/v2\/posts\/17362\/revisions"}],"wp:attachment":[{"href":"http:\/\/www.korhanyilmaz.com\/index.php?rest_route=%2Fwp%2Fv2%2Fmedia&parent=17362"}],"wp:term":[{"taxonomy":"category","embeddable":true,"href":"http:\/\/www.korhanyilmaz.com\/index.php?rest_route=%2Fwp%2Fv2%2Fcategories&post=17362"},{"taxonomy":"post_tag","embeddable":true,"href":"http:\/\/www.korhanyilmaz.com\/index.php?rest_route=%2Fwp%2Fv2%2Ftags&post=17362"}],"curies":[{"name":"wp","href":"https:\/\/api.w.org\/{rel}","templated":true}]}}