{"id":17358,"date":"2009-12-28T13:22:29","date_gmt":"2009-12-28T11:22:29","guid":{"rendered":"http:\/\/www.korhanyilmaz.com\/?p=17358"},"modified":"2009-12-28T13:22:29","modified_gmt":"2009-12-28T11:22:29","slug":"ergenekon-avukati-olu-bulundu","status":"publish","type":"post","link":"http:\/\/www.korhanyilmaz.com\/?p=17358","title":{"rendered":"Ergenekon avukat\u0131 \u00f6l\u00fc bulundu"},"content":{"rendered":"<p style=\"text-align: center;\"><a href=\"http:\/\/www.korhanyilmaz.com\/wp-content\/uploads\/2009\/12\/ergenekon.jpg\"  class=\"lightview\"><img loading=\"lazy\" decoding=\"async\" class=\"size-full wp-image-17359 aligncenter\" src=\"http:\/\/www.korhanyilmaz.com\/wp-content\/uploads\/2009\/12\/ergenekon.jpg\" alt=\"\" width=\"292\" height=\"194\" \/><\/a><\/p>\n<p style=\"text-align: justify;\">Birinci Ergenekon davas\u0131nda avukatl\u0131k yapan, gazeteci Metin G\u00f6ktepe cinayeti davas\u0131nda yarg\u0131lanan polislerin de savunmas\u0131n\u0131 yapan Ahmet \u00dclger Bak\u0131rk\u00f6y&#8217;deki evinin bulundu\u011fu apartman merdivenlerinde \u00f6l\u00fc bulundu.<\/p>\n<p style=\"text-align: justify;\">Ergenekon davas\u0131nda san\u0131k Oktay Y\u0131ld\u0131r\u0131m&#8217;\u0131n avukat\u0131 Ahmet \u00dclger&#8217;in cesedi, savc\u0131n\u0131n yapt\u0131\u011f\u0131 incelemenin ard\u0131ndan Adli T\u0131p Kurumu&#8217;na g\u00f6t\u00fcr\u00fcld\u00fc. <!--more--><\/p>\n<p style=\"text-align: justify;\">Karde\u015fi polis ba\u015fm\u00fcfetti\u015fi Mehmet \u0130\u015fbitiren, &#8220;Olay\u0131n tam olarak neden kaynakland\u0131\u011f\u0131n\u0131 bilmiyoruz. Dava \u00f6ncesi gece inceleme yapm\u0131\u015f. Hayat\u0131nda pek bir de\u011fi\u015fiklik yoktu. Davas\u0131na bir g\u00fcn \u00f6nceden haz\u0131rlan\u0131rd\u0131. Unkapan\u0131&#8217;nda nargile salonunda davaya haz\u0131rlanm\u0131\u015f. Sabah yerde bulmu\u015flar. Merdivene varmadan yere y\u0131\u011f\u0131lm\u0131\u015f. Darp falan yok. Ama bulundu\u011fu durum itibariyle \u00f6l\u00fcm\u00fc \u015f\u00fcpheli&#8221; dedi.<\/p>\n<p style=\"text-align: justify;\">V\u00fccudunda herhangi bir kur\u015fun ya da yara izi olmad\u0131\u011f\u0131 \u00f6\u011frenilen Ahmet \u00dclger&#8217;in \u00f6l\u00fcm\u00fcyle ilgili soru\u015fturmaya ba\u015fland\u0131.<\/p>\n<p style=\"text-align: justify;\">Avukat Ahmet \u00dclger, gazeteci Metin G\u00f6ktepe&#8217;nin \u00f6ld\u00fcr\u00fclmesi davas\u0131nda baz\u0131 polislerin avukatl\u0131\u011f\u0131n\u0131 yapm\u0131\u015f, bu davaya ili\u015fkin hakk\u0131nda &#8220;devlet memuruna intisapla menfaat sa\u011flamak&#8221;su\u00e7undan dava a\u00e7\u0131lm\u0131\u015f ve bu davadan beraat etmi\u015fti.<\/p>\n<p style=\"text-align: justify;\">\u00dclger ayr\u0131ca, baz\u0131 emniyet mensuplar\u0131 hakk\u0131nda a\u00e7\u0131lan davalarda san\u0131k, yazar Elif \u015eafak hakk\u0131nda a\u00e7\u0131lan davada da m\u00fc\u015fteki avukatl\u0131\u011f\u0131 yapm\u0131\u015ft\u0131.<\/p>\n<p style=\"text-align: justify;\"><span style=\"color: #888888;\">CNN T\u00dcRK<\/span><\/p>\n","protected":false},"excerpt":{"rendered":"<p style=\"text-align: center;\">\n<p style=\"text-align: justify;\">Birinci Ergenekon davas\u0131nda avukatl\u0131k yapan, gazeteci Metin G\u00f6ktepe cinayeti davas\u0131nda yarg\u0131lanan polislerin de savunmas\u0131n\u0131 yapan Ahmet \u00dclger Bak\u0131rk\u00f6y&#8217;deki evinin bulundu\u011fu apartman merdivenlerinde \u00f6l\u00fc bulundu.<\/p>\n<p style=\"text-align: justify;\">Ergenekon davas\u0131nda san\u0131k Oktay Y\u0131ld\u0131r\u0131m&#8217;\u0131n avukat\u0131 Ahmet \u00dclger&#8217;in cesedi, savc\u0131n\u0131n yapt\u0131\u011f\u0131 incelemenin ard\u0131ndan Adli T\u0131p Kurumu&#8217;na g\u00f6t\u00fcr\u00fcld\u00fc. <\/p>\n","protected":false},"author":1,"featured_media":0,"comment_status":"open","ping_status":"closed","sticky":false,"template":"","format":"standard","meta":{"footnotes":""},"categories":[105],"tags":[],"class_list":["post-17358","post","type-post","status-publish","format-standard","hentry","category-gundem","odd"],"_links":{"self":[{"href":"http:\/\/www.korhanyilmaz.com\/index.php?rest_route=\/wp\/v2\/posts\/17358","targetHints":{"allow":["GET"]}}],"collection":[{"href":"http:\/\/www.korhanyilmaz.com\/index.php?rest_route=\/wp\/v2\/posts"}],"about":[{"href":"http:\/\/www.korhanyilmaz.com\/index.php?rest_route=\/wp\/v2\/types\/post"}],"author":[{"embeddable":true,"href":"http:\/\/www.korhanyilmaz.com\/index.php?rest_route=\/wp\/v2\/users\/1"}],"replies":[{"embeddable":true,"href":"http:\/\/www.korhanyilmaz.com\/index.php?rest_route=%2Fwp%2Fv2%2Fcomments&post=17358"}],"version-history":[{"count":0,"href":"http:\/\/www.korhanyilmaz.com\/index.php?rest_route=\/wp\/v2\/posts\/17358\/revisions"}],"wp:attachment":[{"href":"http:\/\/www.korhanyilmaz.com\/index.php?rest_route=%2Fwp%2Fv2%2Fmedia&parent=17358"}],"wp:term":[{"taxonomy":"category","embeddable":true,"href":"http:\/\/www.korhanyilmaz.com\/index.php?rest_route=%2Fwp%2Fv2%2Fcategories&post=17358"},{"taxonomy":"post_tag","embeddable":true,"href":"http:\/\/www.korhanyilmaz.com\/index.php?rest_route=%2Fwp%2Fv2%2Ftags&post=17358"}],"curies":[{"name":"wp","href":"https:\/\/api.w.org\/{rel}","templated":true}]}}