{"id":17353,"date":"2009-12-28T08:01:30","date_gmt":"2009-12-28T06:01:30","guid":{"rendered":"http:\/\/www.korhanyilmaz.com\/?p=17353"},"modified":"2009-12-28T08:01:30","modified_gmt":"2009-12-28T06:01:30","slug":"israil-turkiye-arabulucu-olmasin","status":"publish","type":"post","link":"http:\/\/www.korhanyilmaz.com\/?p=17353","title":{"rendered":"\u0130srail: &#8221;T\u00fcrkiye arabulucu olmas\u0131n&#8221;"},"content":{"rendered":"<p style=\"text-align: center;\">\n<p style=\"text-align: center;\"><a href=\"http:\/\/www.korhanyilmaz.com\/wp-content\/uploads\/2009\/12\/\u0130SRA\u0130L.jpg\"  class=\"lightview\"><img loading=\"lazy\" decoding=\"async\" class=\"size-full wp-image-17355 aligncenter\" src=\"http:\/\/www.korhanyilmaz.com\/wp-content\/uploads\/2009\/12\/\u0130SRA\u0130L.jpg\" alt=\"\" width=\"292\" height=\"190\" \/><\/a><\/p>\n<p style=\"text-align: justify;\">\u0130srail h\u00fck\u00fcmeti, Suriye ile g\u00f6r\u00fc\u015fmelerde T\u00fcrkiye&#8217;nin arabulucu olmas\u0131n\u0131 istemedi\u011fini bir kez daha yineledi. \u0130srail D\u0131\u015fi\u015fleri Bakan\u0131 Avigdor Lieberman Suriye ile dolayl\u0131 de\u011fil, direk g\u00f6r\u00fc\u015fmek istediklerini belirtti.<\/p>\n<p style=\"text-align: justify;\">\u0130srail D\u0131\u015fi\u015fleri Bakan\u0131 Avigdor Lieberman, d\u0131\u015fi\u015fleri bakan\u0131 olarak kald\u0131\u011f\u0131 s\u00fcrece Suriye ile m\u00fczakerelerde T\u00fcrkiye&#8217;nin arabuluculu\u011funun m\u00fcmk\u00fcn olamayaca\u011f\u0131n\u0131 s\u00f6yledi. <!--more--><\/p>\n<p style=\"text-align: justify;\">\u0130srail bas\u0131n\u0131nda yer alan haberlere g\u00f6re Avigdor Liberman, Kud\u00fcs&#8217;te \u0130srail&#8217;in b\u00fcy\u00fckel\u00e7ileriyle biraraya geldi\u011fi toplant\u0131da yapt\u0131\u011f\u0131 konu\u015fmada, \u0130srail ile Suriye aras\u0131ndaki bar\u0131\u015f m\u00fczakerelerinde h\u00fck\u00fcmetteki kimi arkada\u015flar\u0131n\u0131n tersi y\u00f6ndeki giri\u015fimlerine kar\u015f\u0131n T\u00fcrkiye&#8217;nin arabuluculu\u011funa yer olmad\u0131\u011f\u0131n\u0131 bildirdi.<\/p>\n<p style=\"text-align: justify;\">\u0130\u015f\u00e7i Partisi Genel Ba\u015fkan\u0131 ve Savunma Bakan\u0131 Ehud Barak ile \u0130srail Sanayi Ticaret ve \u00c7al\u0131\u015fma Bakan\u0131 Binyamin Ben Eliezer&#8217;i bu konuda ele\u015ftiren Liberman, onlara, &#8220;Unutun gitsin&#8221; diye seslendi ve Ba\u015fbakan Recep Tayyip Erdo\u011fan&#8217;\u0131n \u0130srail hakk\u0131ndaki s\u00f6zlerinden sonra T\u00fcrkiye&#8217;nin arabuluculu\u011funda mutab\u0131k olmalar\u0131n\u0131n m\u00fcmk\u00fcn olmayaca\u011f\u0131n\u0131 kaydetti.<\/p>\n<p style=\"text-align: justify;\">Liberman, &#8220;Ben d\u0131\u015fi\u015fleri bakan\u0131 olarak kald\u0131\u011f\u0131m ve \u0130srail Evimiz Partisi de h\u00fck\u00fcmette oldu\u011fu s\u00fcrece T\u00fcrkiye&#8217;nin arabuluculu\u011fu olmayacakt\u0131r&#8221; dedi.<\/p>\n<p style=\"text-align: justify;\">Liberman &#8220;\u015eam&#8217;\u0131n g\u00f6r\u00fc\u015fmek istemesi durumunda bunun ne gizli diplomatik yollarla ne de arabulucular veya arabuluculuk yoluyla de\u011fil, ancak do\u011frudan m\u00fczakerelerle m\u00fcmk\u00fcn olaca\u011f\u0131n\u0131&#8221; kaydetti.<\/p>\n<p style=\"text-align: justify;\"><strong><em>&#8220;Filistin ile 10 y\u0131l i\u00e7inde bir bar\u0131\u015f olmaz&#8221; <\/em><\/strong><\/p>\n<p style=\"text-align: justify;\">Liberman, Filistinliler ile bar\u0131\u015f m\u00fczakerelerine de\u011finirken de, diplomatlar\u0131ndan, Fiistinliler ile bir bar\u0131\u015f anla\u015fmas\u0131na varmak i\u00e7in \u0130srail&#8217;in yeterince \u00e7aba harcad\u0131\u011f\u0131n\u0131 d\u00fcnyaya da g\u00f6stermelerini istedi ve &#8220;gelecek 10 y\u0131ll\u0131k s\u00fcre\u00e7te Filistinliler ile bir bar\u0131\u015f anla\u015fmas\u0131 imzalanmayaca\u011f\u0131&#8221; tahmininde bulundu.<\/p>\n<p style=\"text-align: justify;\">Filistin liderli\u011finin bir bar\u0131\u015f anla\u015fmas\u0131na haz\u0131r olmad\u0131\u011f\u0131n\u0131 savunan Liberman, 1967 s\u0131n\u0131rlar\u0131na da \u00e7ekilseler, K\u00fcd\u00fcs&#8217;\u00fc de b\u00f6lseler, bunun iki taraf aras\u0131ndaki \u00e7at\u0131\u015fmaya son vermeyece\u011fini ve hi\u00e7bir \u015feyin de\u011fi\u015fmeyece\u011fini \u00f6ne s\u00fcrd\u00fc.<\/p>\n<p style=\"text-align: justify;\"><span style=\"color: #888888;\">CNN T\u00dcRK<\/span><\/p>\n","protected":false},"excerpt":{"rendered":"<p style=\"text-align: center;\">\n<p style=\"text-align: center;\">\n<p style=\"text-align: justify;\">\u0130srail h\u00fck\u00fcmeti, Suriye ile g\u00f6r\u00fc\u015fmelerde T\u00fcrkiye&#8217;nin arabulucu olmas\u0131n\u0131 istemedi\u011fini bir kez daha yineledi. \u0130srail D\u0131\u015fi\u015fleri Bakan\u0131 Avigdor Lieberman Suriye ile dolayl\u0131 de\u011fil, direk g\u00f6r\u00fc\u015fmek istediklerini belirtti.<\/p>\n<p style=\"text-align: justify;\">\u0130srail D\u0131\u015fi\u015fleri Bakan\u0131 Avigdor Lieberman, d\u0131\u015fi\u015fleri bakan\u0131 olarak kald\u0131\u011f\u0131 s\u00fcrece Suriye ile m\u00fczakerelerde T\u00fcrkiye&#8217;nin arabuluculu\u011funun m\u00fcmk\u00fcn olamayaca\u011f\u0131n\u0131 s\u00f6yledi. <\/p>\n","protected":false},"author":1,"featured_media":0,"comment_status":"open","ping_status":"closed","sticky":false,"template":"","format":"standard","meta":{"footnotes":""},"categories":[3],"tags":[],"class_list":["post-17353","post","type-post","status-publish","format-standard","hentry","category-dunya","odd"],"_links":{"self":[{"href":"http:\/\/www.korhanyilmaz.com\/index.php?rest_route=\/wp\/v2\/posts\/17353","targetHints":{"allow":["GET"]}}],"collection":[{"href":"http:\/\/www.korhanyilmaz.com\/index.php?rest_route=\/wp\/v2\/posts"}],"about":[{"href":"http:\/\/www.korhanyilmaz.com\/index.php?rest_route=\/wp\/v2\/types\/post"}],"author":[{"embeddable":true,"href":"http:\/\/www.korhanyilmaz.com\/index.php?rest_route=\/wp\/v2\/users\/1"}],"replies":[{"embeddable":true,"href":"http:\/\/www.korhanyilmaz.com\/index.php?rest_route=%2Fwp%2Fv2%2Fcomments&post=17353"}],"version-history":[{"count":0,"href":"http:\/\/www.korhanyilmaz.com\/index.php?rest_route=\/wp\/v2\/posts\/17353\/revisions"}],"wp:attachment":[{"href":"http:\/\/www.korhanyilmaz.com\/index.php?rest_route=%2Fwp%2Fv2%2Fmedia&parent=17353"}],"wp:term":[{"taxonomy":"category","embeddable":true,"href":"http:\/\/www.korhanyilmaz.com\/index.php?rest_route=%2Fwp%2Fv2%2Fcategories&post=17353"},{"taxonomy":"post_tag","embeddable":true,"href":"http:\/\/www.korhanyilmaz.com\/index.php?rest_route=%2Fwp%2Fv2%2Ftags&post=17353"}],"curies":[{"name":"wp","href":"https:\/\/api.w.org\/{rel}","templated":true}]}}