{"id":17347,"date":"2009-12-28T11:33:08","date_gmt":"2009-12-28T09:33:08","guid":{"rendered":"http:\/\/www.korhanyilmaz.com\/?p=17347"},"modified":"2009-12-28T11:33:08","modified_gmt":"2009-12-28T09:33:08","slug":"devletin-civisi-cikti","status":"publish","type":"post","link":"http:\/\/www.korhanyilmaz.com\/?p=17347","title":{"rendered":"Devletin \u00e7ivisi \u00e7\u0131kt\u0131!"},"content":{"rendered":"<p style=\"text-align: center;\"><a href=\"http:\/\/www.korhanyilmaz.com\/wp-content\/uploads\/2009\/12\/devletin_civisi.jpg\"  class=\"lightview\"><img loading=\"lazy\" decoding=\"async\" class=\"size-full wp-image-17348 aligncenter\" src=\"http:\/\/www.korhanyilmaz.com\/wp-content\/uploads\/2009\/12\/devletin_civisi.jpg\" alt=\"\" width=\"329\" height=\"210\" \/><\/a><\/p>\n<p style=\"text-align: justify;\">&#8216;Ben, askerle polis aras\u0131ndaki kavgadan \u00e7ok korkar\u0131m. B\u00f6yle bir kavga \u00e7at\u0131\u015fmaya gider&#8217;<\/p>\n<p style=\"text-align: justify;\">\u00dc\u00e7 darbe g\u00f6rm\u00fc\u015f, Yass\u0131ada\u2019da avukatl\u0131k yapm\u0131\u015f, pek \u00e7ok darbe te\u015febb\u00fcs\u00fcne bizzat tan\u0131k olmu\u015f biri olarak H\u00fcsamettin Cindoruk, \u201cHerkesi bir parti lideri olarak de\u011fil, a\u011fabey olarak uyar\u0131yorum. Devletin \u00e7ivisi \u00e7\u0131kt\u0131 ve yerine \u00e7akacak kimse yok!..<!--more--><br \/>\n<strong>&#8216;Ben, askerle polis aras\u0131ndaki kavgadan \u00e7ok korkar\u0131m. B\u00f6yle bir kavga \u00e7at\u0131\u015fmaya gider&#8217; diyor<\/strong><br \/>\nS\u00f6yle\u015fimize son noktay\u0131 koyarken; \u201cBir siyasi parti ba\u015fkan\u0131 olarak de\u011fil, bir a\u011fabey olarak s\u00f6yl\u00fcyorum b\u00fct\u00fcn bunlar\u0131\u201d diyor Demokrat Parti Ba\u015fkan\u0131 H\u00fcsamettin Cindoruk. Konu\u015ftu\u011fumuz meseleler dikkate al\u0131n\u0131nca, asl\u0131nda kimsenin bir siyasi parti lideri gibi d\u00fc\u015f\u00fcn\u00fcp, deme\u00e7 vermemesi gerek ama ne yaz\u0131k ki pek \u00f6yle olmuyor. Zaten bu y\u00fczden biz de yar\u0131m as\u0131rl\u0131k hukuk ve siyaset deneyimi olan, darbelerin ac\u0131s\u0131n\u0131 \u00e7ekmi\u015f, \u00e7at\u0131\u015fmalar\u0131n nas\u0131l vahim noktalara gelebilece\u011fini bilen bir isimle konu\u015fmak istedik. Zira, mesele \u00fclkenin b\u00f6l\u00fcnmesi tart\u0131\u015fmalar\u0131 g\u00fcndemdeyken, devletin b\u00f6l\u00fcnme noktas\u0131na gelmesiyle ilgili. Art\u0131k askerle polis kar\u015f\u0131 kar\u015f\u0131ya&#8230; Savc\u0131lar\u0131n emrindeki polis, kararg\u00e2h bas\u0131yor, asker direniyor! B\u00fct\u00fcn bu geli\u015fmeleri Cindoruk; \u201cDevlet birimleri aras\u0131nda b\u00f6yle bir g\u00fcvensizlik varsa, devletin \u00e7ivisi \u00e7\u0131km\u0131\u015f demektir. O \u00e7iviyi yerine \u00e7akacak bir otorite yok. B\u00f6ylesi ara rejimlerde bile ya\u015fanmad\u0131\u201d diye \u00f6zetliyor. Neyse ki devlet birimleri aras\u0131nda daha ciddi bir s\u00fcrt\u00fc\u015fme ya\u015fanm\u0131yor. \u015eimdilik!..<br \/>\n<strong>\u0130n\u00f6n\u00fc\u2019n\u00fcn s\u00f6zlerini unutmas\u0131nlar!<\/strong><br \/>\nCindoruk, bir \u00fclke i\u00e7in en b\u00fcy\u00fck tehlikelerden birinin devlet birimleri aras\u0131ndaki kavga oldu\u011funu s\u00f6yl\u00fcyor. \u201cBen ordu-polis ayr\u0131l\u0131\u011f\u0131ndan korkar\u0131m\u201d diyor. Peki neden bu korkusu? Cevab\u0131 net; \u201cPolisin askeri istihbarat\u0131 denetlemesinden korkar\u0131m. Orada \u00e7at\u0131\u015fma \u00e7\u0131kar \u00e7\u00fcnk\u00fc!\u201d \u0130yi de olan bu de\u011fil mi? Cindoruk\u2019a g\u00f6re, hen\u00fcz o kadar vahim bir noktaya gelinmedi, ama gelinebilir. Bu nedenle her devlet biriminin kendi alan\u0131na \u00e7ekilmesi \u015fart. Ona g\u00f6re devlet birimleri aras\u0131nda bir sorunun \u00e7\u00f6z\u00fcm\u00fc i\u00e7in belli prosed\u00fcrler var, e\u011fer ki polis bir soru\u015fturma y\u00fcr\u00fct\u00fcyorsa ve \u015f\u00fcpheliler ordu mensubuysa, bir tezkere yaz\u0131l\u0131r ve bilgi istenir, i\u015f bu kadar a\u00e7\u0131k ve basit. Peki bu basit prosed\u00fcr uygulanmaz da, \u00e7at\u0131\u015fma noktas\u0131na gelinirse ne olur? K\u00f6t\u00fc olur! Bu noktada Cindoruk\u2019un ciddi bir uyar\u0131s\u0131 var iktidara, tarihten bir \u00f6rnekle. \u0130n\u00f6n\u00fc\u2019n\u00fcn Demokrat Partililer\u2019e bir uyar\u0131s\u0131ndan al\u0131nt\u0131 yaparak&#8230; \u201cBeni yanl\u0131\u015f anl\u0131yorsunuz. Bir ihtilal yapman\u0131n pe\u015finde de\u011filim. Ama \u015fartlar olu\u015fursa bu olur. O zaman sizi ben de kurtaramam!\u201d<br \/>\n<strong>Birileri suikast yapacaksa B\u00fclent Ar\u0131n\u00e7\u2019tan ba\u015flamaz<\/strong><br \/>\n\u201cGenelkurmay\u2019\u0131n savunmas\u0131na inanmad\u0131m, g\u00fcvenmedim de&#8230;<br \/>\nBir albayla bir binba\u015f\u0131 sokaklara \u00e7\u0131km\u0131\u015f k\u00f6stebek ar\u0131yorlar. K\u00f6stebek dedi\u011fin zaten yerin alt\u0131ndad\u0131r, \u00fcst\u00fcnde aranmaz!\u201d<br \/>\n<strong>Reuters haber ajans\u0131 Ar\u0131n\u00e7\u2019a suikast iddias\u0131n\u0131n ard\u0131ndan, \u201cT\u00fcrk halk\u0131 art\u0131k kime inanaca\u011f\u0131n\u0131 \u015fa\u015f\u0131rd\u0131&#8230; Ba\u015fbakan Erdo\u011fan\u2019\u0131n \u0130slami k\u00f6kenli partisi ile laik anayasan\u0131n garant\u00f6r\u00fc olarak g\u00f6r\u00fclen Silahl\u0131 Kuvvetler aras\u0131ndaki gerilim artt\u0131\u201d yorumunu yapt\u0131. Sizin yorumunuz ne?<\/strong><br \/>\nBenim yorumum; T\u00fcrkiye\u2019nin \u00e7ivisi \u00e7\u0131kt\u0131. Asl\u0131nda \u00e7ivi devlettir. Devlet, bir \u00fclkeyi ayakta tutan g\u00fc\u00e7t\u00fcr. Ama g\u00f6r\u00fcl\u00fcyor ki devlet par\u00e7alanm\u0131\u015f. Genelkurmay\u2019\u0131n g\u00fcvenlik birimi baz\u0131 belgeleri bulmak i\u00e7in aran\u0131yor. Bu, iki devlet kurumunun aras\u0131nda, sivil yarg\u0131 ve \u00d6zel Kuvvetler aras\u0131nda ya\u015fananlar bir g\u00fcvensizlik i\u015faretidir. Devlet kurumlar\u0131 birbirleriyle yaz\u0131\u015farak bilgi toplar. E\u011fer cumhuriyet ba\u015fsavc\u0131s\u0131n\u0131n bir bilgi iste\u011fi varsa, bunu Genelkurmay\u2019a bildirir. Gidip kararg\u00e2h basmaz. Bu bir g\u00fcvensizlik i\u015faretidir. \u00c7ok \u00f6nemli bir hadisedir. G\u00f6r\u00fcl\u00fcyor ki, devletin iki \u00f6nemli kurumu birbirine g\u00fcvenmiyor, birbirini ar\u0131yor. \u0130nan\u0131l\u0131r \u015fey de\u011fil. Arad\u0131klar\u0131 bilgi neyse, ortada devletin resmi kurumu Genelkurmay varken neden b\u00f6yle bir arama yap\u0131ls\u0131n?<br \/>\n<strong>Sizce neden?<\/strong><br \/>\nO zaman \u015f\u00f6yle korkular\u0131 var; Genelkurmay\u2019\u0131n bilgi saklayaca\u011f\u0131 gibi bir vesvese i\u00e7indeler. Bu g\u00fcvensizlik devlet kurumlar\u0131 aras\u0131nda sadece bu konuda de\u011fil. Erzincan\u2019da, Erzurum\u2019da Milli Emniyet\u2019in b\u00fcrosu bas\u0131l\u0131yor. Milli Emniyet aran\u0131yor. Kim ar\u0131yor? Sivil yarg\u0131 ar\u0131yor. Sivil yarg\u0131, Milli Emniyet\u2019e g\u00fcvenmiyor. Devlet birimleri aras\u0131nda b\u00f6yle bir g\u00fcvensizlik ortaya \u00e7\u0131kt\u0131ysa, ben de diyorum ki, devletin \u00e7ivisi \u00e7\u0131km\u0131\u015ft\u0131r.<br \/>\n<strong>Cumhuriyet tarihinde b\u00f6yle d\u00f6nemler hi\u00e7 ya\u015fanmad\u0131 m\u0131?<\/strong><br \/>\nAra rejimlerde bile ya\u015fanmad\u0131! Birisi bana bir \u00f6rnek versin, ama yok. Devlet birimleri, yaz\u0131\u015fmayla birbirlerine bilgi verir. E\u011fer bilgi gizliyse, bunu da beyan eder ve \u2019Bu bilgi gizlidir\u2019 derler. O bilgi gizli kal\u0131r. Devletin ihtiyac\u0131 odur. E\u011fer bu \u015fekilde bilgi al\u0131nam\u0131yorsa, arama ve g\u00f6zalt\u0131 kurumuna ba\u015fvuruluyorsa, devletin birli\u011fi ve b\u00fct\u00fcnl\u00fc\u011f\u00fcnden bahsetmek m\u00fcmk\u00fcn de\u011fildir. O zaman T\u00fcrkiye devleti b\u00f6l\u00fcnm\u00fc\u015f demektir. Cumhuriyet b\u00f6l\u00fcn\u00fcr m\u00fc, b\u00f6l\u00fcnmez mi tart\u0131\u015fmalar\u0131 yap\u0131l\u0131rken b\u00f6yle \u00f6nemli bir noktaya geldik. Bu cumhuriyeti y\u00f6neten devlette birlik yok. Ayr\u0131ca, belediye egemenli\u011fi olan iller ve il\u00e7eler var. D\u00fc\u015f\u00fcnebiliyor musunuz, \u00fclkenin bir co\u011frafyas\u0131nda belediyeler egemen, bir co\u011frafyas\u0131nda devlet egemen. B\u00f6yle bir T\u00fcrkiye olmaz! Herkes birbirini b\u00f6ld\u00fc, par\u00e7alad\u0131.<br \/>\n<strong>Sizce bu s\u00fcre\u00e7 nas\u0131l devam eder?<\/strong><br \/>\nBen toptan yarg\u0131lama taraftar\u0131 olmam hi\u00e7bir zaman. B\u00fct\u00fcn emniyeti yarg\u0131lamam yahut toptan su\u00e7lamam. B\u00fct\u00fcn yarg\u0131\u00e7lar\u0131, b\u00fct\u00fcn savc\u0131lar\u0131 su\u00e7lamam, bu yanl\u0131\u015ft\u0131r. Her organizman\u0131n i\u00e7inde yanl\u0131\u015f yapanlar olabilir.<br \/>\n<strong>Ama ne zamand\u0131r dile getirilse de iki kurum aras\u0131nda ya\u015fanan \u00e7at\u0131\u015fma sonunda \u00e7ok a\u00e7\u0131k ortaya \u00e7\u0131kt\u0131&#8230;<\/strong><br \/>\nDevletin \u00e7ivisi \u00e7\u0131kt\u0131 dememin nedeni o. \u00c7ivisi \u00e7\u0131kt\u0131n\u0131n anlam\u0131 \u015fu; d\u00fczeltecek yok. Yani o \u00e7iviyi tekrar oraya \u00e7akacak kimse, bir otorite yok. H\u00fck\u00fcmet de baz\u0131 iddialara kap\u0131lm\u0131\u015f gidiyor. Say\u0131n Ar\u0131n\u00e7\u2019a suikast iddias\u0131, e\u011fer varsa vahim. Ama daha \u00f6nce suikastler d\u00f6nemi ya\u015fam\u0131\u015f bir T\u00fcrkiye, bir Osmanl\u0131 d\u00f6nemi var. Oraya bakarsan\u0131z, e\u011fer suikast yap\u0131lacaksa Say\u0131n Ar\u0131n\u00e7\u2019a s\u0131ra gelmez&#8230; Yani birileri suikast yapmaya ba\u015flarsa Say\u0131n Ar\u0131n\u00e7\u2019tan ba\u015flamaz. Ama orada a\u00e7\u0131klayamad\u0131\u011f\u0131 bir sebep olabilir Genelkurmay\u2019\u0131n. Mesela, Silahl\u0131 Kuvvetler\u2019in hepimizi koruma g\u00f6revi var. O g\u00f6rev i\u00e7inde, koruyacaklar\u0131 ki\u015filerin, devlet adamlar\u0131n\u0131n adres tespitlerini yenilemek istemi\u015f olabilirler. Yani bu bir adres tespiti olabilir. \u0130\u00e7 Hizmetler Kanunu\u2019nun 35. Maddesi\u2019ne g\u00f6re ordunun koruma ve kollama g\u00f6revi var. Ordu, bu g\u00f6revini yaparken beni de bu kapsam i\u00e7inde tutar, Say\u0131n Ar\u0131n\u00e7\u2019\u0131 da, bakanlar\u0131 da&#8230; B\u00f6yle suikastleri, g\u00fcvensizlik ortam\u0131ndan do\u011facak sonu\u00e7lar\u0131 ortadan kald\u0131rmak i\u00e7in de adres tespiti yapabilir.<br \/>\n<strong>Peki ama 20 g\u00fcn s\u00fcrer mi bir adres tespiti? Bu noktada ger\u00e7ekten vatanda\u015f, kime inanaca\u011f\u0131n\u0131 bilmiyor art\u0131k. Herkesin kafas\u0131nda soru i\u015faretleri var&#8230;<\/strong><br \/>\nBen Genelkurmay\u2019\u0131n muhtarlardan alaca\u011f\u0131 bilgi d\u00fczeyinde bir ara\u015ft\u0131rma yapmas\u0131n\u0131 tuhaf kar\u015f\u0131l\u0131yorum a\u00e7\u0131k\u00e7as\u0131. Bir muhtardan da bu bilgileri alabilirsiniz. Ama benim g\u00f6rd\u00fc\u011f\u00fcm orada ger\u00e7ekten bir k\u00f6stebek ar\u0131yorlarsa o da bu kadar aleni aranmaz.<br \/>\n<strong>\u00d6yleyse ne olabilir sizce?<\/strong><br \/>\nDedi\u011fim gibi adres tespiti olabilir. Tabii bir ar\u015fivi olmal\u0131 Genelkurmay\u2019\u0131n. Hepimizin nerede oturdu\u011funu, istihbarat\u0131n, polisin bilmesi kadar do\u011fal bir \u015fey olamaz. Ama onu bir suikast a\u015famas\u0131na g\u00f6t\u00fcrebilmek i\u00e7in bulgu ve belgelere ihtiya\u00e7 var. Say\u0131n Ar\u0131n\u00e7\u2019a bir suikast yap\u0131laca\u011f\u0131n\u0131 sanm\u0131yorum. Suikast, askerin ama\u00e7lar\u0131n\u0131 elde etmek i\u00e7in yeterli bir ara\u00e7 de\u011fil. Hepimizi \u00f6ld\u00fcrseler ne olacak? Yerimize yenileri gelir. O, daha \u00e7ok m\u00fctareke d\u00f6nemlerinde kalm\u0131\u015f bir hadise. Ya da Cumhuriyetin kurulu\u015funda Atat\u00fcrk\u2019e yap\u0131lan suikastler var. Onlar, o zaman yerine koyacak adam olmad\u0131\u011f\u0131 i\u00e7in yap\u0131lm\u0131\u015f olabilir. Ama Say\u0131n Ar\u0131n\u00e7\u2019a, Allah uzun \u00f6m\u00fcrler versin, bir suikast olursa, arkas\u0131nda 300 ki\u015fi bekliyor bakan olmak i\u00e7in. Dolay\u0131s\u0131yla aynen h\u00fcviyet tespiti gibi adres tespitidir bu. \u00c7ok da ciddi bir i\u015f gibi gelmedi bana.<br \/>\n<strong>\u0130yi de o zaman neden kendilerini b\u00f6yle savunmad\u0131lar?<\/strong><br \/>\nBen de o savunmaya g\u00fcvenmedim, inanmad\u0131m da&#8230; Bir albayla bir binba\u015f\u0131 sokaklara \u00e7\u0131km\u0131\u015f k\u00f6stebek ar\u0131yorlar. K\u00f6stebek dedi\u011fin yerin alt\u0131ndad\u0131r, zaten yerin \u00fcst\u00fcnde aranmaz. \u00c7ok b\u00fcy\u00fck tedbirsizlik olur, herhangi bir k\u00f6stebe\u011fi sokak sokak aramak. Devletin M\u0130T \u00f6rg\u00fct\u00fc var, askeri istihbarat var, bir s\u00fcr\u00fc teknik imkanlar var. Herhalde bir albay\u0131n sokakta bir san\u0131\u011f\u0131 ara\u015ft\u0131rmas\u0131 kadar komik bir \u015fey olamaz. O savunma do\u011fru de\u011fil. Ama suikast yap\u0131laca\u011f\u0131na da inanm\u0131yorum. \u00c7\u00fcnk\u00fc Ar\u0131n\u00e7, suikastin hedefi olma s\u0131ras\u0131nda birinci s\u0131rada de\u011fil. Ona gelinceye kadar bir s\u00fcr\u00fc isim var. \u00dcstelik Ar\u0131n\u00e7 herkese sata\u015f\u0131yor ama sempatik bir adam&#8230;<br \/>\n<strong>Ar\u0131n\u00e7, Genelkurmay\u2019\u0131n a\u00e7\u0131klamas\u0131 i\u00e7in, \u201cTevil yoluyla ikrar\u201d dedi&#8230;<\/strong><br \/>\nTevil, i\u015fi hafifletmek anlam\u0131na gelen bir hukuk tabiri. Yani bir itham\u0131, bir su\u00e7lamay\u0131 de\u011fi\u015ftirerek kabul etmek anlam\u0131na geliyor. Ama burada de\u011fi\u015ftirerek kabul etmek, ancak suikasti kabul etmek halinde tevil yollu olur. Aksine bamba\u015fka bir \u015fey s\u00f6yl\u00fcyor Genelkurmay, \u201cBir k\u00f6stebe\u011fi takip ediyoruz\u201d diyor. Ar\u0131n\u00e7, \u015f\u00f6yle diyebilirdi; \u201c\u0130nsan mant\u0131\u011f\u0131na, hayat\u0131n olu\u015funa \u00e7ok uygun de\u011fil bu savunma!\u201d Ona ben de kat\u0131l\u0131rd\u0131m o zaman. Tabii, Genelkurmay i\u015fin \u00f6z\u00fcn\u00fcn ara\u015ft\u0131r\u0131laca\u011f\u0131n\u0131 s\u00f6yl\u00fcyor. Bu ara\u015ft\u0131rma devam ediyor. Onu bekleyelim ama ben hem suikast iddias\u0131n\u0131 hem de Genelkurmay\u2019\u0131n savunmas\u0131n\u0131 akla uygun bulmad\u0131m.<br \/>\n<strong>Yak\u0131n ge\u00e7mi\u015fte \u2018\u0131slak imza\u2019 gibi olaylar ya\u015fan\u0131nca, Genelkurmay\u2019\u0131n s\u00f6yledikleri de \u015f\u00fcpheyle kar\u015f\u0131lan\u0131yor tabii&#8230;<\/strong><br \/>\nBurada zaten \u00f6nemli konu bu. Ama bu bir satran\u00e7 de\u011fil. Bir taraf bir hamle yapacak, sonra di\u011feri, b\u00f6yle bir \u015fey olmaz. Devlet organlar\u0131 birbirine g\u00fcvenmeli. H\u00fck\u00fcmet de vesveseden kurtulmal\u0131. T\u00fcrkiye, darbeler ya\u015fad\u0131 ama darbe s\u00f6zc\u00fc\u011f\u00fcn\u00fcn bunca konu\u015fuldu\u011fu, p\u00f6rs\u00fct\u00fcld\u00fc\u011f\u00fc, dile pelesenk yap\u0131ld\u0131\u011f\u0131, soka\u011fa d\u00fc\u015ft\u00fc\u011f\u00fc bir d\u00f6nem olmad\u0131. Laf sahibinden \u00fcrer. Darbe s\u00f6zc\u00fc\u011f\u00fc h\u00fck\u00fcmetten ortaya \u00e7\u0131kt\u0131. H\u00fck\u00fcmet bunu o kadar \u00e7ok kulland\u0131 ki, bug\u00fcn darbe konusunda ciddi g\u00f6r\u00fc\u015f bulmak \u00e7ok zorla\u015ft\u0131. Ge\u00e7mi\u015fte benim de avukatl\u0131klar\u0131n\u0131 yapt\u0131\u011f\u0131m darbe te\u015febb\u00fcsleri oldu. Mesela biri Talat Aydemir\u2019dir, biri Cemal Madano\u011flu\u2019dur, biri Talat Turhan\u2019d\u0131r&#8230; Yine askerin darbe yapma haz\u0131rl\u0131klar\u0131 s\u00f6z konusudur. Ama bunlar \u00e7ok ciddi davalard\u0131r. Silah tespitleri yap\u0131lm\u0131\u015ft\u0131r, konu\u015fmalar dinlenmi\u015ftir, \u00e7ok belge vard\u0131r. \u015eimdi de o davalar gibi bir dava a\u00e7\u0131labilseydi olurdu. \u00dcstelik o davalarda sonu\u00e7 da al\u0131nm\u0131\u015ft\u0131r. Yarg\u0131tay da bunu tasdik etmi\u015ftir, askeri yarg\u0131tay \u00f6zellikle, bu a\u015famalardan ge\u00e7ilmi\u015ftir ve kimse de daha sonra bir haks\u0131zl\u0131k yap\u0131ld\u0131\u011f\u0131n\u0131 s\u00f6ylememi\u015ftir.<br \/>\n<strong>AK Parti, Aziz Nesin roman\u0131 gibi<\/strong><br \/>\n<strong>Sizce bug\u00fcn bir darbe ihtimali var m\u0131?<\/strong> <a href=\"http:\/\/www.korhanyilmaz.com\/wp-content\/uploads\/2009\/12\/cindoruk.jpg\"  class=\"lightview\"><img loading=\"lazy\" decoding=\"async\" class=\"alignright size-full wp-image-17349\" style=\"margin-left: 10px; margin-right: 10px;\" src=\"http:\/\/www.korhanyilmaz.com\/wp-content\/uploads\/2009\/12\/cindoruk.jpg\" alt=\"\" width=\"266\" height=\"400\" \/><\/a><br \/>\n\u0130smet \u0130n\u00f6n\u00fc\u2019n\u00fcn bir s\u00f6z\u00fc var; \u2019Beni yanl\u0131\u015f anl\u0131yorsunuz. Bir ihtilal yapman\u0131n pe\u015finde de\u011filim. Ama \u015fartlar olu\u015fursa bu olur. O zaman sizi ben de kurtaramam\u2019 diyor. Bunu Demokrat Parti zaman\u0131nda s\u00f6yl\u00fcyor. Bu, \u0130n\u00f6n\u00fc gibi tecr\u00fcbeli, ba\u015f\u0131ndan darbeler ge\u00e7mi\u015f bir siyaset\u00e7inin s\u00f6z\u00fcd\u00fcr. Ben bunu hep akl\u0131mda tutmu\u015fumdur. Nitekim dedi\u011fi de \u00e7\u0131kt\u0131. Ama samimi fikrimi s\u00f6yl\u00fcyorum, AB\u2019ye \u00fcye olmak i\u00e7in kap\u0131da bekleyen T\u00fcrkiye\u2019de darbeler d\u00f6nemi kapanmal\u0131d\u0131r. Ayn\u0131 \u015fekilde iktidarlar da bu vesveseden kurtulmal\u0131d\u0131r. Se\u00e7im sisteminin i\u015fledi\u011fi bir rejimde darbeden bahsetmek demokrasiye ihanettir. Se\u00e7imle iktidar\u0131n de\u011fi\u015ftirilebilece\u011fi bir \u00fclkede ihtilal yapmaya te\u015febb\u00fcs\u00fcn oldu\u011funu sanm\u0131yorum. Buna ihtali d\u00fc\u015f\u00fcnmek de dahil&#8230; Genelkurmay\u2019\u0131n, onlara kar\u015f\u0131 bunca hi\u00e7 de ho\u015flar\u0131na gitmeyecek d\u00fc\u015f\u00fcnceler ileri s\u00fcr\u00fcld\u00fc\u011f\u00fc, kararg\u00e2hlar\u0131n\u0131n polis taraf\u0131ndan bas\u0131ld\u0131\u011f\u0131 bir d\u00f6nemde dik durdu\u011funu g\u00f6r\u00fcyorum. Dolay\u0131s\u0131yla benim b\u00f6yle bir \u00fcmidim de, beklentim de yok.<br \/>\n<strong>Peki T\u00fcrkiye\u2019de iktidar el mi de\u011fi\u015ftiriyor?<\/strong><br \/>\nBug\u00fcnk\u00fc iktidar\u0131n devleti de\u011fi\u015ftirme g\u00fcc\u00fc yok. Anayasa Mahkemesi bunu zaten tespit etti. Bug\u00fcnk\u00fc iktidar Aziz Nesin\u2019in \u201cNe Ya\u015far Ne Ya\u015famaz\u201d roman\u0131na benziyor. Hem AK Parti\u2019nin kapat\u0131lmay\u0131 hak etti\u011fini s\u00f6yl\u00fcyor Anayasa Mahkemesi, hem de diyor ki \u2018Ben kapatma yerine 25 milyon liralar\u0131n\u0131 al\u0131yorum.\u2019 Bu, bence kapatma karar\u0131n\u0131n bir tehiri, tecili anlam\u0131na gelir. Anayasa Mahkemesi, AK Parti i\u00e7in \u2018Kapatma karar\u0131n\u0131 verebilirim, fiil sabit olmu\u015ftur, Anayasa\u2019y\u0131 de\u011fi\u015ftirme ama\u00e7lar\u0131 oldu\u011fu da a\u00e7\u0131kt\u0131r ama \u015fimdilik kapatm\u0131yorum\u2019 anlam\u0131na gelen bir karar verdi. Karar\u0131n gerek\u00e7esini kimse okumad\u0131. \u00c7ok a\u011f\u0131rd\u0131r, ona ra\u011fmen ben bu iktidar\u0131n se\u00e7imle de\u011fi\u015fmesi gerekti\u011fi fikrimi muhafaza ediyorum. T\u00fcrk halk\u0131 bu iktidar\u0131 se\u00e7imle de\u011fi\u015ftirecektir. \u00d6n\u00fcm\u00fczdeki se\u00e7imlerde bu de\u011fi\u015fim ortaya \u00e7\u0131kacakt\u0131r.<br \/>\n<strong>Peki asker bu kadar s\u0131k\u0131\u015ft\u0131r\u0131l\u0131nca darbe yapmay\u0131 d\u00fc\u015f\u00fcnmez mi?<\/strong><br \/>\nBen ordumuza g\u00fcveniyorum. Ge\u00e7mi\u015fte yap\u0131lan darbelerden ders alm\u0131\u015f ve darbelerin \u00e7are olmad\u0131\u011f\u0131n\u0131 g\u00f6rm\u00fc\u015flerdir. \u00c7ok da dikkat ediyorlar. Onlar b\u00f6yle bir hava vermemeye \u00e7al\u0131\u015f\u0131yorlar, ama h\u00fck\u00fcmet ve h\u00fck\u00fcmet yanl\u0131s\u0131 bas\u0131n bunu i\u015fliyor. Eski tabirle ka\u015f\u0131yor.<br \/>\n<strong>Ama \u0130lker Ba\u015fbu\u011f da Trabzon\u2019da sava\u015f gemisinin \u00fczerinden a\u00e7\u0131klama yap\u0131yor.<\/strong><br \/>\nBen ona bakmam, gemi ate\u015f etti mi? Gemi orada bir dekor, o dekorun \u00fczerinde istedi\u011fi kadar konu\u015fsun, konu\u015fabilir. O da belki kendi taban\u0131n\u0131 tatmin etmek istiyor, kendi arkada\u015flar\u0131na g\u00fc\u00e7 veriyor. \u00c7\u00fcnk\u00fc bu kavgada taraflardan biri haline geldi\u011fi i\u00e7in ordu \u00fczg\u00fcn olabilir. Ama bence itidalli hareket etmektedir, edecektir. Benim ordudan hi\u00e7 \u015f\u00fcphem yok.<br \/>\n<strong>27 May\u0131s\u2019ta da asker polisi h\u0131rpalad\u0131<\/strong><br \/>\n<strong>Bundan sonra polis daha m\u0131 g\u00fc\u00e7lenecek sizce?<\/strong><br \/>\nOrdu sayg\u0131de\u011fer bir kurumdur. Orduyla kavga etmek yanl\u0131\u015ft\u0131r. Yanl\u0131\u015f yapan ki\u015filer varsa i\u00e7inde, onlardan hesap sormak, onlar\u0131 devre d\u0131\u015f\u0131 b\u0131rakmak i\u00e7in gayret g\u00f6stermeliyiz. Bunu da yapt\u0131k. \u015eimdi Say\u0131n Demirel\u2019e, \u20187 kere gitti, 8 kere geldi\u2019 diyorlar. Gitti ama geldi. Gelirken de demokratik yoldan geldi. Demirel\u2019in her geli\u015fi bir se\u00e7im sonucudur. Bence Demirel\u2019i bug\u00fcnk\u00fc iktidar \u00f6rnek almal\u0131. Gitmeyi bilmek gerekir. Bu iktidar burada kalmaya u\u011fra\u015f\u0131rsa, kalmak i\u00e7in Anayasa d\u0131\u015f\u0131, hukuk d\u0131\u015f\u0131 birtak\u0131m diren\u00e7 yollar\u0131 ararsa, gitmesini engelleyemez. Gitmesini bilmek \u00e7ok \u00f6nemlidir siyasette. Hani, d\u00fc\u015ferken de bir taraf\u0131n\u0131z\u0131 k\u0131rmadan d\u00fc\u015fmelisiniz. Bu iktidar g\u00fcn\u00fcn birinde iktidardan d\u00fc\u015fece\u011fini bilmeli. Se\u00e7imi kaybetmeyi g\u00f6ze almal\u0131, \u00fclkeyi germekten vazge\u00e7meli. O kadar \u00e7ok mesele \u00e7\u0131kar\u0131yorlar ki, \u00e7\u0131kard\u0131klar\u0131 meselelerin alt\u0131nda kal\u0131yorlar. \u0130\u015fte Alevi-S\u00fcnni meselesi, i\u015fte K\u00fcrt-T\u00fcrk meselesi&#8230;<br \/>\n<strong>Polis ve asker aras\u0131ndaki kavga s\u00fcrer mi?<\/strong><br \/>\n27 May\u0131s\u2019ta da asker polisi h\u0131rpalam\u0131\u015ft\u0131r, devre d\u0131\u015f\u0131 b\u0131rakm\u0131\u015ft\u0131r. Sonraki yap\u0131lan ihtilallerde de ordu polisi hep denetlemi\u015ftir. Gerek silah, gerekse yetkileri bak\u0131m\u0131ndan&#8230; Bir polis ve asker \u00e7eki\u015fmesi her zaman olabilir. \u00d6zellikle ter\u00f6rle m\u00fccadelede ve istihbarat konular\u0131nda. Ama bu \u00f6nemli hadise de\u011fildir. \u015e\u00f6yle \u00f6nemli hadise de\u011fildir; polisin i\u00e7inde de \u00e7ok de\u011ferli personel vard\u0131r. Ama onlar da bilirler ki asker ba\u015fka bir g\u00f6rev yapar. Asker, ayn\u0131 zamanda milli s\u0131n\u0131rlar\u0131m\u0131z\u0131 korur, devletin g\u00fcvenli\u011fini sa\u011flar. Polis, sadece i\u00e7 g\u00fcvenlikten sorumludur. O nedenle e\u011fer g\u00fcvenlik \u00f6rg\u00fctleri i\u00e7ersinde bir s\u0131ralama yaparsan\u0131z ordu \u00f6nde gelir. Ordu ile kavga etmez polis. Bu sefer bu ordu i\u015finde birtak\u0131m polislerin iktidar\u0131 kullanmas\u0131 yanl\u0131\u015f olmu\u015ftur. Erzincan ve Erzurum\u2019da Milli Emniyet\u2019in aranmas\u0131 fevkalade yanl\u0131\u015ft\u0131r, bunlar \u00e7ivi \u00e7\u0131karan hadiselerdir. Devlet kurumlar\u0131 aras\u0131nda g\u00fcvensizlik kadar tehlikeli bir \u015fey yoktur.<br \/>\n<strong>Hi\u00e7 bu boyutta olmu\u015f muydu?<\/strong><br \/>\nHi\u00e7 olmam\u0131\u015ft\u0131. Bir rekabet olabilir. Hatta ben bunlar\u0131n \u00e7o\u011funa \u015fahit oldum. Ama hi\u00e7 biri, di\u011ferinin yerine ge\u00e7mek istememi\u015ftir. E\u011fer bir hiyerar\u015fik d\u00fczen ar\u0131yorsan\u0131z, elbette Genelkurmay \u00fcsttedir. Ben ordu- polis ayr\u0131l\u0131\u011f\u0131ndan korkar\u0131m. Birbirleriyle yar\u0131\u015fmaktan, \u00e7at\u0131\u015fmaktan vazge\u00e7meleri gerekir. G\u00f6rev alanlar\u0131n\u0131 b\u00f6lerek i\u015fbirli\u011fi yapmalar\u0131 gerekir.<br \/>\n<strong>Neden ordu-polis ayr\u0131l\u0131\u011f\u0131ndan korkars\u0131n\u0131z?<\/strong><br \/>\nBu kavgadan korkar\u0131m. Yani polisin askeri kontrol etmek d\u00fc\u015f\u00fcncesinden, askeri istihbarat\u0131 denetlemesinden&#8230; Orada \u00e7at\u0131\u015fma \u00e7\u0131kar i\u015fte.<br \/>\n<strong>Olan o de\u011fil mi zaten?<\/strong><br \/>\nDaha o noktaya gelmedi ama gelebilir. Dikkat etmeleri gerekir. Herkes kendi alan\u0131na \u00e7ekilmeli. Dedi\u011fim gibi polis bir \u015fey \u00f6\u011frenmek istiyorsa, savc\u0131 bir \u015fey \u00f6\u011frenmek istiyorsa iki sat\u0131rl\u0131k bir tezkereyle askeri kesimden alabilir.<br \/>\n<strong>Peki o noktaya gelirse ne olur?<\/strong><br \/>\n\u0130\u015fte o noktaya gelirse \u0130n\u00f6n\u00fc\u2019n\u00fcn dedi\u011fi olur.<\/p>\n<p style=\"text-align: justify;\"><span style=\"color: #888888;\">Kaynak : Mine \u015eenocakl\u0131 &#8211; VATAN<\/span><\/p>\n","protected":false},"excerpt":{"rendered":"<p style=\"text-align: center;\">\n<p style=\"text-align: justify;\">&#8216;Ben, askerle polis aras\u0131ndaki kavgadan \u00e7ok korkar\u0131m. B\u00f6yle bir kavga \u00e7at\u0131\u015fmaya gider&#8217;<\/p>\n<p style=\"text-align: justify;\">\u00dc\u00e7 darbe g\u00f6rm\u00fc\u015f, Yass\u0131ada\u2019da avukatl\u0131k yapm\u0131\u015f, pek \u00e7ok darbe te\u015febb\u00fcs\u00fcne bizzat tan\u0131k olmu\u015f biri olarak H\u00fcsamettin Cindoruk, \u201cHerkesi bir parti lideri olarak de\u011fil, a\u011fabey olarak uyar\u0131yorum. Devletin \u00e7ivisi \u00e7\u0131kt\u0131 ve yerine \u00e7akacak kimse yok!..<\/p>\n","protected":false},"author":1,"featured_media":0,"comment_status":"open","ping_status":"closed","sticky":false,"template":"","format":"standard","meta":{"footnotes":""},"categories":[16],"tags":[],"class_list":["post-17347","post","type-post","status-publish","format-standard","hentry","category-kose-yazilari","odd"],"_links":{"self":[{"href":"http:\/\/www.korhanyilmaz.com\/index.php?rest_route=\/wp\/v2\/posts\/17347","targetHints":{"allow":["GET"]}}],"collection":[{"href":"http:\/\/www.korhanyilmaz.com\/index.php?rest_route=\/wp\/v2\/posts"}],"about":[{"href":"http:\/\/www.korhanyilmaz.com\/index.php?rest_route=\/wp\/v2\/types\/post"}],"author":[{"embeddable":true,"href":"http:\/\/www.korhanyilmaz.com\/index.php?rest_route=\/wp\/v2\/users\/1"}],"replies":[{"embeddable":true,"href":"http:\/\/www.korhanyilmaz.com\/index.php?rest_route=%2Fwp%2Fv2%2Fcomments&post=17347"}],"version-history":[{"count":0,"href":"http:\/\/www.korhanyilmaz.com\/index.php?rest_route=\/wp\/v2\/posts\/17347\/revisions"}],"wp:attachment":[{"href":"http:\/\/www.korhanyilmaz.com\/index.php?rest_route=%2Fwp%2Fv2%2Fmedia&parent=17347"}],"wp:term":[{"taxonomy":"category","embeddable":true,"href":"http:\/\/www.korhanyilmaz.com\/index.php?rest_route=%2Fwp%2Fv2%2Fcategories&post=17347"},{"taxonomy":"post_tag","embeddable":true,"href":"http:\/\/www.korhanyilmaz.com\/index.php?rest_route=%2Fwp%2Fv2%2Ftags&post=17347"}],"curies":[{"name":"wp","href":"https:\/\/api.w.org\/{rel}","templated":true}]}}