{"id":17343,"date":"2009-12-27T21:30:23","date_gmt":"2009-12-27T19:30:23","guid":{"rendered":"http:\/\/www.korhanyilmaz.com\/?p=17343"},"modified":"2009-12-27T21:30:23","modified_gmt":"2009-12-27T19:30:23","slug":"baykaldan-sok-iddia","status":"publish","type":"post","link":"http:\/\/www.korhanyilmaz.com\/?p=17343","title":{"rendered":"Baykal&#039;dan \u015fok iddia"},"content":{"rendered":"<p style=\"text-align: center;\"><a href=\"http:\/\/www.korhanyilmaz.com\/wp-content\/uploads\/2009\/12\/BAYKAL2.jpg\"  class=\"lightview\"><img loading=\"lazy\" decoding=\"async\" class=\"size-full wp-image-17344 aligncenter\" src=\"http:\/\/www.korhanyilmaz.com\/wp-content\/uploads\/2009\/12\/BAYKAL2.jpg\" alt=\"\" width=\"329\" height=\"210\" \/><\/a><\/p>\n<p style=\"text-align: justify;\">Ankara&#8217;daki kozmik aramayla ilgili Baykal&#8217;dan m\u00fcthi\u015f iddia.<\/p>\n<p style=\"text-align: justify;\">CHP Genel Ba\u015fkan\u0131 Deniz Baykal, Star Televizyonunda U\u011fur D\u00fcndar ve Nedim \u015eener&#8217;in sorular\u0131n yan\u0131tlad\u0131\u011f\u0131 programda B\u00fclent Ar\u0131n\u00e7&#8217; a suikast iddialar\u0131n\u0131 de\u011ferlendirdi. <!--more--><\/p>\n<p style=\"text-align: justify;\">Baykal, &#8220;Burada s\u00f6zkonusu olan B\u00fclent Ar\u0131n\u00e7&#8217; a akli dengesini yitirmi\u015f k\u00f6t\u00fc niyetli birinin suikast yapaca\u011f\u0131 iddias\u0131 de\u011fil. H\u00fck\u00fcmet taraf\u0131ndan TSK&#8217;n\u0131n n\u0131n b\u00f6yle bir suikast yapabilce\u011finin d\u00fc\u015f\u00fcn\u00fclm\u00fc\u015f olmas\u0131d\u0131r.Bunun kondurulmas\u0131 bile vahimdir.. D\u00fc\u015f\u00fcn\u00fcn e\u011fer TSK bir devlet b\u00fcy\u00fc\u011f\u00fcne b\u00f6yle bir suikast gir\u015fiminde bulunacaksa daha fazla bir \u015fey s\u00f6yleyemeyiz bu s\u00f6z\u00fcn bitti\u011fi yerdir&#8221; dedi.<\/p>\n<p style=\"text-align: justify;\">Baykal, h\u00fck\u00fcmet ile t\u00fcrk silahl\u0131 kuvvetleri aras\u0131ndaki g\u00fcvensizlik ortam\u0131n\u0131 de\u011ferlendirmek isteyenler olabilece\u011fi uyar\u0131s\u0131nda da bulundu ve &#8220;Ne diyor, \u00f6zel kuvvetlere haber verip sizin arad\u0131\u011f\u0131n\u0131z muhbir \u015fimdi Ar\u0131n\u00e7la biraraya geldi, ona bilgi veriyor diyorlar. Bulu\u015fup Ar\u0131n\u00e7&#8217;\u0131n adresini veriyorlar. Sonra da Ar\u0131n\u00e7&#8217;a suikast yapacaklar diye emniyete ihbar ediyorlar. Olabilir, siz e\u011fer bir g\u00fcvensizlik ortam\u0131 yarat\u0131rsan\u0131z bu iki kurumu biribirine d\u00fc\u015f\u00fcrmek isteyenler her t\u00fcrl\u00fc fitne fesat\u0131 araya sokabilir&#8221; diye konu\u015ftu.<\/p>\n<p style=\"text-align: justify;\">U\u011fur D\u00fcndar&#8217; \u0131n CHP Genel Ba\u015fkan\u0131 Deniz Baykal ile yapt\u0131\u011f\u0131 r\u00f6portaj\u0131n ayr\u0131nt\u0131lar\u0131 yar\u0131n ak\u015fam Star TV de yay\u0131nlanacak.<\/p>\n<p style=\"text-align: justify;\"><span style=\"color: #888888;\">VATAN<\/span><\/p>\n","protected":false},"excerpt":{"rendered":"<p style=\"text-align: center;\">\n<p style=\"text-align: justify;\">Ankara&#8217;daki kozmik aramayla ilgili Baykal&#8217;dan m\u00fcthi\u015f iddia.<\/p>\n<p style=\"text-align: justify;\">CHP Genel Ba\u015fkan\u0131 Deniz Baykal, Star Televizyonunda U\u011fur D\u00fcndar ve Nedim \u015eener&#8217;in sorular\u0131n yan\u0131tlad\u0131\u011f\u0131 programda B\u00fclent Ar\u0131n\u00e7&#8217; a suikast iddialar\u0131n\u0131 de\u011ferlendirdi. <\/p>\n","protected":false},"author":1,"featured_media":0,"comment_status":"open","ping_status":"closed","sticky":false,"template":"","format":"standard","meta":{"footnotes":""},"categories":[105],"tags":[],"class_list":["post-17343","post","type-post","status-publish","format-standard","hentry","category-gundem","odd"],"_links":{"self":[{"href":"http:\/\/www.korhanyilmaz.com\/index.php?rest_route=\/wp\/v2\/posts\/17343","targetHints":{"allow":["GET"]}}],"collection":[{"href":"http:\/\/www.korhanyilmaz.com\/index.php?rest_route=\/wp\/v2\/posts"}],"about":[{"href":"http:\/\/www.korhanyilmaz.com\/index.php?rest_route=\/wp\/v2\/types\/post"}],"author":[{"embeddable":true,"href":"http:\/\/www.korhanyilmaz.com\/index.php?rest_route=\/wp\/v2\/users\/1"}],"replies":[{"embeddable":true,"href":"http:\/\/www.korhanyilmaz.com\/index.php?rest_route=%2Fwp%2Fv2%2Fcomments&post=17343"}],"version-history":[{"count":0,"href":"http:\/\/www.korhanyilmaz.com\/index.php?rest_route=\/wp\/v2\/posts\/17343\/revisions"}],"wp:attachment":[{"href":"http:\/\/www.korhanyilmaz.com\/index.php?rest_route=%2Fwp%2Fv2%2Fmedia&parent=17343"}],"wp:term":[{"taxonomy":"category","embeddable":true,"href":"http:\/\/www.korhanyilmaz.com\/index.php?rest_route=%2Fwp%2Fv2%2Fcategories&post=17343"},{"taxonomy":"post_tag","embeddable":true,"href":"http:\/\/www.korhanyilmaz.com\/index.php?rest_route=%2Fwp%2Fv2%2Ftags&post=17343"}],"curies":[{"name":"wp","href":"https:\/\/api.w.org\/{rel}","templated":true}]}}