{"id":17339,"date":"2009-12-27T12:49:40","date_gmt":"2009-12-27T10:49:40","guid":{"rendered":"http:\/\/www.korhanyilmaz.com\/?p=17339"},"modified":"2009-12-27T12:49:40","modified_gmt":"2009-12-27T10:49:40","slug":"akpde-bir-vekil-daha-kazan-kaldirdi","status":"publish","type":"post","link":"http:\/\/www.korhanyilmaz.com\/?p=17339","title":{"rendered":"AKP&#039;de bir vekil daha kazan kald\u0131rd\u0131!"},"content":{"rendered":"<p style=\"text-align: center;\"><a href=\"http:\/\/www.korhanyilmaz.com\/wp-content\/uploads\/2009\/12\/akp.jpg\"  class=\"lightview\"><img loading=\"lazy\" decoding=\"async\" class=\"size-full wp-image-17340 aligncenter\" src=\"http:\/\/www.korhanyilmaz.com\/wp-content\/uploads\/2009\/12\/akp.jpg\" alt=\"\" width=\"329\" height=\"210\" \/><\/a><\/p>\n<p style=\"text-align: justify;\">AKP Ankara Milletvekili Zekai \u00d6zcan partisini sert s\u00f6zlerle ele\u015ftirdi.<\/p>\n<p style=\"text-align: justify;\">AK Parti Elaz\u0131\u011f milletvekili Fevzi \u0130\u015fba\u015faran&#8217;\u0131n d\u00fcn &#8216;\u201cBa\u015fbakana hediyem olsun\u201d diyerek istifas\u0131n\u0131n ard\u0131ndan bug\u00fcn de AKP Ankara Milletvekili Zekai \u00d6zcan partisini ele\u015ftirdi. \u00d6zcan, \u201cKonu\u015fmazsam sorumlulu\u011fumu yapmam\u0131\u015f olurum\u201d diyerek, h\u00fck\u00fcmetin K\u00fcrt, Alevi ve Roman a\u00e7\u0131l\u0131mlar\u0131 ile ilgili sert s\u00f6zler s\u00f6yledi. \u00d6zcan, Habur&#8217;daki g\u00f6r\u00fcnt\u00fcleri de &#8216;rezalet&#8217; olarak nitelendirdi. <!--more--><\/p>\n<p style=\"text-align: justify;\">\u00d6zcan, T\u00fcrkiye g\u00fcndeminde uzun s\u00fcredir a\u011f\u0131rl\u0131\u011f\u0131n\u0131 koruyan tart\u0131\u015fmalarla ilgili olarak ANKA\u2019n\u0131n sorular\u0131n\u0131 yan\u0131tlad\u0131.<\/p>\n<p style=\"text-align: justify;\">\u00d6zcan, Demokratik A\u00e7\u0131l\u0131m, Alevi a\u00e7\u0131l\u0131m\u0131, Roman a\u00e7\u0131l\u0131m\u0131, Ergenekon davas\u0131, DTP\u2019nin kapat\u0131lmas\u0131, Ba\u015fbakan Yard\u0131mc\u0131s\u0131 B\u00fclent Ar\u0131n\u00e7\u2019a suikast iddialar\u0131 ve Elaz\u0131\u011f Milletvekili Fevzi \u0130\u015fba\u015faran\u2019\u0131n ortaya att\u0131\u011f\u0131 asker-polis tart\u0131\u015fmas\u0131 ile ilgili olarak, \u201cKonu\u015fmazsam sorumlulu\u011fumu yapmam\u0131\u015f olurum\u201d de\u011ferlendirmesini yapt\u0131.<\/p>\n<p style=\"text-align: justify;\"><strong><em>&#8216;K\u00fcrt A\u00e7\u0131l\u0131m\u0131&#8217; olmaz <\/em><\/strong><\/p>\n<p style=\"text-align: justify;\">Problemlerin \u00e7\u00f6zmek i\u00e7in h\u00fck\u00fcmetin iyi niyetle giri\u015fti\u011fi Demokratik A\u00e7\u0131l\u0131m projesinin daha i\u015fin ba\u015f\u0131nda \u015fanss\u0131zl\u0131k ve yanl\u0131\u015flarla hedefinden sapt\u0131r\u0131ld\u0131\u011f\u0131n\u0131 vurgulayan \u00d6zcan, \u00f6ncelikle sosyologlar ve kanaat \u00f6nderleriyle g\u00f6r\u00fc\u015f\u00fclmesi gerekirken \u0130\u00e7i\u015fleri Bakanl\u0131\u011f\u0131 koordinasyonunda Polis Akademisi\u2019nde K\u00fcrt meselesi konusunda kanaatleri bilinen belirli gazetecilerle toplant\u0131 yap\u0131lmas\u0131n\u0131 ele\u015ftirdi ve, \u201cAd\u0131na \u2018K\u00fcrt A\u00e7\u0131l\u0131m\u0131\u2019 denilmesine itiraz edilmeyen s\u00fcrecin ilk \u015fanss\u0131zl\u0131k ve yanl\u0131\u015f olmu\u015ftur\u201d dedi.<\/p>\n<p style=\"text-align: justify;\"><strong><em>Haburdaki G\u00f6r\u00fcnt\u00fcler Rezalet <\/em><\/strong><\/p>\n<p style=\"text-align: justify;\">\u00d6zcan, Habur kar\u015f\u0131lamas\u0131, \u201cpi\u015fman olmayan PKK\u2019l\u0131lar\u0131n serbest b\u0131rak\u0131lmas\u0131n\u0131n Adaleti zedeleyip b\u00fcy\u00fck yara a\u00e7t\u0131\u011f\u0131n\u0131\u201d anlat\u0131rken, \u201cHabur\u2019daki g\u00f6r\u00fcnt\u00fcler tam bir rezalete d\u00f6n\u00fc\u015fm\u00fc\u015f, bu g\u00f6r\u00fcnt\u00fcleri T\u00fcrk milleti kendisine meydan okuma olarak alg\u0131lam\u0131\u015f ve kan\u0131n\u0131 dondurmu\u015ftur\u201d diye konu\u015ftu.<\/p>\n<p style=\"text-align: justify;\"><strong><em>Ak Parti Milletvekillerine Ele\u015ftiri <\/em><\/strong><\/p>\n<p style=\"text-align: justify;\">\u201cS\u00fcrecin sadece muhalif gruplar de\u011fil, bizzat Ak Parti\u2019li milletvekillerince de sabote edildi\u011fini\u201d ifade eden \u00d6zcan, Grup Ba\u015fkanvekili Ay\u015fenur Bah\u00e7ekap\u0131l\u0131\u2019y\u0131 kastederek, \u201cBir han\u0131mefendi Anayasa\u2019dan \u2018T\u00fcrkl\u00fck\u2019 tan\u0131m\u0131 kalkacak diyebilmi\u015f, baz\u0131 milletvekilleri ise, sab\u0131rl\u0131 olunmas\u0131 gerekti\u011fini, K\u00fcrt\u00e7enin e\u011fitim dili olaca\u011f\u0131n\u0131, \u2018Ne Mutlu T\u00fcrk\u00fcm Diyene\u2019 s\u00f6z\u00fcn\u00fcn da\u011flardan silinece\u011fi gibi deme\u00e7ler verebilmi\u015flerdir.<\/p>\n<p style=\"text-align: justify;\">Oysaki problem T\u00fcrkiye\u2019de varolan demokrasi a\u00e7\u0131\u011f\u0131n\u0131 gidermektir. Etnik gruplar\u0131n var oldu\u011funu s\u00f6yleyerek, \u0131srarla K\u00fcrt vurgusu yap\u0131larak problemin \u00e7\u00f6z\u00fclebilece\u011fi yanl\u0131\u015fl\u0131\u011fa d\u00f6n\u00fc\u015fm\u00fc\u015ft\u00fcr. Etnik vurgu ayr\u0131mc\u0131l\u0131\u011f\u0131 \u00e7a\u011fr\u0131\u015ft\u0131r\u0131r, vatanda\u015flar\u0131n birbirlerine \u2018\u00f6teki\u2019 diye bakmas\u0131na sebep olur. Etnik vurgu ile problem \u00e7\u00f6z\u00fclmez aksine dar bir alanda \u00f6r\u00fclen problemi daha da b\u00fcy\u00fct\u00fcr. Kristal vazoyu \u00e7atlat\u0131rsan\u0131z sonra hi\u00e7bir a\u00e7\u0131l\u0131m bu \u00e7atla\u011f\u0131 birle\u015ftirmez\u201d dedi.<\/p>\n<p style=\"text-align: justify;\"><strong><em>\u201cPKK Me\u015fruiyet Kazand\u0131\u201d <\/em><\/strong><\/p>\n<p style=\"text-align: justify;\">Bu s\u00fcre\u00e7 i\u00e7inde Siyasi K\u00fcrt\u00e7\u00fcl\u00fck hareketinin ivme kazand\u0131\u011f\u0131n\u0131 b\u00fcy\u00fck bir propaganda alan\u0131 buldu\u011funu kaydeden \u00d6zcan, \u201cDTP\u2019lilerle el s\u0131k\u0131l\u0131p s\u0131k\u0131lmayaca\u011f\u0131 tart\u0131\u015f\u0131l\u0131rken PKK\u2019ya me\u015fruiyet kazand\u0131r\u0131lm\u0131\u015ft\u0131r. Demokratik a\u00e7\u0131l\u0131m\u0131n bir taraf\u0131n\u0131n \u00d6calan oldu\u011funu a\u00e7\u0131k\u00e7a s\u00f6yleyebilmi\u015flerdir. Bu propaganda haks\u0131z olmu\u015f, Silahl\u0131 Kuvvetlerimiz, g\u00fcvenlik g\u00fc\u00e7lerimiz y\u0131prat\u0131lmaya \u00e7al\u0131\u015f\u0131lm\u0131\u015f, neredeyse her g\u00fcn yeni bir iddia ve iftiran\u0131n oda\u011f\u0131 olmu\u015flard\u0131r. Bunun ac\u0131s\u0131n\u0131 \u00e7ekiyoruz., PKK\u2019n\u0131n ilk ter\u00f6r bask\u0131n\u0131 yapt\u0131\u011f\u0131 Eruh\u2019ta y\u0131ld\u00f6n\u00fcm\u00fc festival diye kutlan\u0131yor! Daha yak\u0131n zamanda Tokat\u2019ta 7 erimiz PKK taraf\u0131ndan \u015fehit edilirken b\u00fcy\u00fck aymazl\u0131k i\u00e7inde seyrettik\u201d ifadesini kulland\u0131. \u00d6zcan \u015f\u00f6yle konu\u015ftu:<\/p>\n<p style=\"text-align: justify;\"><strong><em>&#8220;Milli Birlik Muhalefetle Uzla\u015farak Olur&#8221; <\/em><\/strong><\/p>\n<p style=\"text-align: justify;\">\u201cMHP ve CHP\u2019nin oy oran\u0131 en az y\u00fczde 35\u2019tir. Bu y\u00fczde 35 ile uzla\u015fmazsak Milli Birlik Projesi y\u00fcr\u00fctemeyiz. Hele etnik vurgu yaparsak hi\u00e7 y\u00fcr\u00fctemeyiz. Muhalefetin AKP\u2019yi, AKP\u2019nin de muhalefeti anlamak mecburiyeti vard\u0131r.\u201d<\/p>\n<p style=\"text-align: justify;\"><strong><em>&#8220;Etnik Vurgu Yap\u0131lmamal\u0131&#8221; <\/em><\/strong><\/p>\n<p style=\"text-align: justify;\">\u00c7\u00f6z\u00fcm, kesinlikle etnik vurgu yapmadan bireysel demokrasi eksi\u011fimizi tamamlamakt\u0131r. Ta\u015fl\u0131, sopal\u0131 PKK yanl\u0131s\u0131 sokak g\u00f6sterilerine m\u00fcsamaha ve m\u00fcsaade edilmemelidir. Aksi halde bu haliyle Demokratik a\u00e7\u0131l\u0131m projesi siyasi K\u00fcrt\u00e7\u00fclerin yeni bir ulus yaratmak hedefine hizmet eder ki bu birlikteli\u011fimizin, karde\u015fli\u011fimizin sonu olur.\u201d<\/p>\n<p style=\"text-align: justify;\"><strong><em>&#8220;Ayn\u0131 yanl\u0131\u015f Roman ve Alevi A\u00e7\u0131l\u0131m\u0131nda da Var&#8221; <\/em><\/strong><\/p>\n<p style=\"text-align: justify;\">\u201cYap\u0131lan yanl\u0131\u015fl\u0131\u011f\u0131 Roman a\u00e7\u0131l\u0131m\u0131nda da g\u00f6r\u00fcyoruz. Bu projeyi Say\u0131n Faruk \u00c7elik y\u00fcr\u00fct\u00fcyor. Bu bir demokratik sorunsa ki \u00f6yledir, o zaman niye Demokratik A\u00e7\u0131l\u0131m Projesi i\u00e7inde de\u011fil? Alevilerin talepleri bir demokratik taleptir. Dolay\u0131s\u0131yla bu da Demokratik a\u00e7\u0131l\u0131m\u0131n i\u00e7inde olmal\u0131d\u0131r. Dinin, mezhebin, etnik gruplar\u0131n \u00fczerinde vurgu yap\u0131lmas\u0131 demokrasi ile \u00e7eli\u015fir.\u201d<\/p>\n<p style=\"text-align: justify;\"><strong><em>&#8220;\u00dc\u00e7l\u00fc Mekanizma D\u00f6rtl\u00fc Mekanizmaya D\u00f6n\u00fc\u015ft\u00fc&#8221; <\/em><\/strong><\/p>\n<p style=\"text-align: justify;\">\u201cPKK\u2019y\u0131 tasfiye etmek i\u00e7in ABD, Irak ve T\u00fcrkiye aras\u0131nda olu\u015fturulan \u00fc\u00e7l\u00fc mekanizma, son geli\u015fmelerle, pratikte d\u00f6rtl\u00fc mekanizmaya d\u00f6n\u00fc\u015fm\u00fc\u015ft\u00fcr. Irak\u2019\u0131n kuzeyinde ABD taraf\u0131ndan kurdurulan B\u00f6lgesel Pe\u015fmerge Y\u00f6netimi ba\u011f\u0131ms\u0131z bir devlet olmad\u0131\u011f\u0131na g\u00f6re T\u00fcrkiye Cumhuriyeti Devleti taraf\u0131ndan muhatap al\u0131namaz. G\u00f6r\u00fcl\u00fcyor ki ba\u015fta D\u0131\u015fi\u015fleri Bakan\u0131m\u0131z olmak \u00fczere bakanlar\u0131m\u0131z, b\u00fcrokratlar\u0131m\u0131z her Ba\u011fdat\u2019a gidi\u015flerinde Erbil\u2019e u\u011framak durumunda kal\u0131yorlar.\u201d<\/p>\n<p style=\"text-align: justify;\"><strong><em>&#8220;Mahabad K\u00fcrt Cumhuriyeti Benzetmesi&#8221; <\/em><\/strong><\/p>\n<p style=\"text-align: justify;\">\u201cBiliyoruz ki bu co\u011frafyada b\u00fcy\u00fck g\u00fc\u00e7ler K\u00fcrtleri kullanm\u0131\u015flard\u0131r. 2. D\u00fcnya Sava\u015f\u0131\u2019ndan sonra b\u00fcy\u00fck prestij kazanan Sovyetler, 1946\u2019da \u0130ran\u2019a girdi ve Gazi Muhammed\u2019e \u2018Mahabad K\u00fcrt Cumhuriyeti\u2019ni kurdurdular. Ancak Sovyetler ayn\u0131 y\u0131l \u0130ran\u2019dan \u00e7ekilince, Gazi Muhammed ve yak\u0131nlar\u0131 idam edilerek kukla cumhuriyet tasfiye edilmi\u015ftir. ABD\u2019nin bug\u00fcn ayn\u0131 d\u00fc\u015f\u00fcnceyi Kuzey Irak\u2019ta uygulamayaca\u011f\u0131n\u0131 s\u00f6ylemek safdillik olur.<\/p>\n<p style=\"text-align: justify;\">T\u00fcrkiye i\u00e7in Kuzey Irak\u2019taki geli\u015fmeler PKK\u2019dan da tehlikeli g\u00f6r\u00fcnmektedir. B\u00f6lgesel y\u00f6netim, Erbil\u2019e Kandil ba\u011flant\u0131s\u0131n\u0131 kesse, PKK Kandil\u2019de tasfiye olur. Ancak yapmaz. Nitekim demokratik yolu tavsiye ediyor. Elinden silah\u0131 b\u0131rakmayan ter\u00f6r \u00f6rg\u00fct\u00fcne kar\u015f\u0131 demokratik yol!<\/p>\n<p style=\"text-align: justify;\">T\u00fcrkiye, \u00fc\u00e7l\u00fc mekanizmay\u0131 d\u00f6rtl\u00fc mekanizmaya d\u00f6n\u00fc\u015ft\u00fcrmemeli, siyasi K\u00fcrt\u00e7\u00fcl\u00fc\u011f\u00fcn merkezi olan Erbil\u2019de daha \u00f6nce T\u00fcrkiye\u2019den beslenen Barzani\u2019nin zaman zaman T\u00fcrkiye\u2019ye nas\u0131l tehdit ve tahrikkar \u00fcslup kulland\u0131\u011f\u0131 unutulmamal\u0131d\u0131r. Bu durum yar\u0131n daha da b\u00fcy\u00fck problem yaratacakt\u0131r.<\/p>\n<p style=\"text-align: justify;\">T\u00fcrkiye Cumhuriyeti\u2019ni kuran Kurucu Siyasi Heyet, hi\u00e7bir etnik ayr\u0131m yapmadan herkesi T\u00fcrk Milletinin e\u015fit vatanda\u015f\u0131 olarak, T\u00fcrk kabul etmi\u015f, kurdu\u011fu cumhuriyete de T\u00fcrkiye Cumhuriyeti Devleti demi\u015ftir. 25 y\u0131ll\u0131k PKK ter\u00f6r\u00fc dahil 86 y\u0131ld\u0131r de\u011fi\u015fmemi\u015ftir ve asla de\u011fi\u015fmeyecektir.\u201d<\/p>\n<p style=\"text-align: justify;\"><span style=\"color: #888888;\">VATAN<\/span><\/p>\n","protected":false},"excerpt":{"rendered":"<p style=\"text-align: center;\">\n<p style=\"text-align: justify;\">AKP Ankara Milletvekili Zekai \u00d6zcan partisini sert s\u00f6zlerle ele\u015ftirdi.<\/p>\n<p style=\"text-align: justify;\">AK Parti Elaz\u0131\u011f milletvekili Fevzi \u0130\u015fba\u015faran&#8217;\u0131n d\u00fcn &#8216;\u201cBa\u015fbakana hediyem olsun\u201d diyerek istifas\u0131n\u0131n ard\u0131ndan bug\u00fcn de AKP Ankara Milletvekili Zekai \u00d6zcan partisini ele\u015ftirdi. \u00d6zcan, \u201cKonu\u015fmazsam sorumlulu\u011fumu yapmam\u0131\u015f olurum\u201d diyerek, h\u00fck\u00fcmetin K\u00fcrt, Alevi ve Roman a\u00e7\u0131l\u0131mlar\u0131 ile ilgili sert s\u00f6zler s\u00f6yledi. <\/p>\n","protected":false},"author":1,"featured_media":0,"comment_status":"open","ping_status":"closed","sticky":false,"template":"","format":"standard","meta":{"footnotes":""},"categories":[105],"tags":[],"class_list":["post-17339","post","type-post","status-publish","format-standard","hentry","category-gundem","odd"],"_links":{"self":[{"href":"http:\/\/www.korhanyilmaz.com\/index.php?rest_route=\/wp\/v2\/posts\/17339","targetHints":{"allow":["GET"]}}],"collection":[{"href":"http:\/\/www.korhanyilmaz.com\/index.php?rest_route=\/wp\/v2\/posts"}],"about":[{"href":"http:\/\/www.korhanyilmaz.com\/index.php?rest_route=\/wp\/v2\/types\/post"}],"author":[{"embeddable":true,"href":"http:\/\/www.korhanyilmaz.com\/index.php?rest_route=\/wp\/v2\/users\/1"}],"replies":[{"embeddable":true,"href":"http:\/\/www.korhanyilmaz.com\/index.php?rest_route=%2Fwp%2Fv2%2Fcomments&post=17339"}],"version-history":[{"count":0,"href":"http:\/\/www.korhanyilmaz.com\/index.php?rest_route=\/wp\/v2\/posts\/17339\/revisions"}],"wp:attachment":[{"href":"http:\/\/www.korhanyilmaz.com\/index.php?rest_route=%2Fwp%2Fv2%2Fmedia&parent=17339"}],"wp:term":[{"taxonomy":"category","embeddable":true,"href":"http:\/\/www.korhanyilmaz.com\/index.php?rest_route=%2Fwp%2Fv2%2Fcategories&post=17339"},{"taxonomy":"post_tag","embeddable":true,"href":"http:\/\/www.korhanyilmaz.com\/index.php?rest_route=%2Fwp%2Fv2%2Ftags&post=17339"}],"curies":[{"name":"wp","href":"https:\/\/api.w.org\/{rel}","templated":true}]}}