{"id":17334,"date":"2009-12-27T14:13:17","date_gmt":"2009-12-27T12:13:17","guid":{"rendered":"http:\/\/www.korhanyilmaz.com\/?p=17334"},"modified":"2009-12-27T14:13:17","modified_gmt":"2009-12-27T12:13:17","slug":"turklerle-kurtlerin-kardeslik-mayasi-bozulmadan-kavga-bitmeli","status":"publish","type":"post","link":"http:\/\/www.korhanyilmaz.com\/?p=17334","title":{"rendered":"T\u00fcrklerle K\u00fcrtlerin Karde\u015flik Mayas\u0131 Bozulmadan Kavga Bitmeli"},"content":{"rendered":"<p style=\"text-align: justify;\"><a href=\"http:\/\/www.korhanyilmaz.com\/wp-content\/uploads\/2009\/12\/boyner3.jpeg\"  class=\"lightview\"><img loading=\"lazy\" decoding=\"async\" class=\"size-full wp-image-17335 aligncenter\" src=\"http:\/\/www.korhanyilmaz.com\/wp-content\/uploads\/2009\/12\/boyner3.jpeg\" alt=\"\" width=\"207\" height=\"173\" \/><\/a><\/p>\n<p style=\"text-align: justify;\">\u0130\u015fadam\u0131 Cem Boyner: Bu kavga hen\u00fcz devletle K\u00fcrtlerin kavgas\u0131yken hemen sona erdirilmeli. T\u00fcrklerle K\u00fcrtlerin kavgas\u0131 haline gelmeden, karde\u015flik mayam\u0131z bozulmadan hemen bitmeli.<\/p>\n<p style=\"text-align: justify;\">T\u00fcrk Sanayici ve \u0130\u015fadamlar\u0131 Derne\u011fi\u2019ne, 1989 y\u0131l\u0131nda ba\u015fkan oldu\u011funda 34 ya\u015f\u0131ndayd\u0131. Turgut \u00d6zal iktidard\u0131. Ba\u015fkanl\u0131\u011f\u0131 d\u00f6neminde \u201ciktidar\u0131n icraatlar\u0131n\u0131\u201d sert bir dille ele\u015ftirdi. \u00d6zellikle d\u00f6nemin y\u00f6netim anlay\u0131\u015f\u0131 i\u00e7in kulland\u0131\u011f\u0131 \u201cKleptokrasi\u201d (h\u0131rs\u0131zlar y\u00f6netimi) tan\u0131m\u0131 uzun s\u00fcre tart\u0131\u015f\u0131lm\u0131\u015ft\u0131. Siyaset konusunda konu\u015fmalar\u0131na tepki g\u00f6sterenlere \u2018T\u00dcS\u0130AD, Kanaryaseverler Derne\u011fi\u2019 de\u011fil\u201d mesaj\u0131n\u0131 veren de oydu.<!--more--><\/p>\n<p style=\"text-align: justify;\">T\u00dcS\u0130AD ba\u015fkanl\u0131\u011f\u0131ndan ayr\u0131ld\u0131ktan 4 y\u0131l sonra bu kez siyasetin \u201ctam i\u00e7ine\u201d girdi. Kurdu\u011fu Yeni Demokrasi Hareketi 22 Aral\u0131k 1994\u2019te partile\u015fecekti. Hareket \u201coy\u201d olarak beklentilerin \u00e7ok alt\u0131nda kalsa da Boyner\u2019in o g\u00fcnlerde yapt\u0131\u011f\u0131 konu\u015fmalar uzun s\u00fcre tart\u0131\u015f\u0131ld\u0131. \u00d6zellikle o y\u0131llarda pek \u00e7ok ki\u015finin bir \u00e7ift laf etmekten bile korktu\u011fu, \u201cyasakl\u0131 bir alan olan\u201d K\u00fcrt sorunu. Boyner bu konuda 14 y\u0131l \u00f6nce olduk\u00e7a \u00e7arp\u0131c\u0131 mesajlar vermi\u015fti: \u201cT\u00fcrkiye\u2019de bizi y\u00f6netenler 60 y\u0131ld\u0131r K\u00fcrt olmad\u0131\u011f\u0131n\u0131 \u00f6ne s\u00fcrd\u00fcler. 60 y\u0131ld\u0131r K\u00fcrt yok diyenler \u015fimdi K\u00fcrt sorunu yok diye konu\u015fuyor. G\u00fcneydo\u011fu\u2019da izlenen politikalar yanl\u0131\u015f. Yanl\u0131\u015f oldu\u011funu anlamam\u0131z i\u00e7in binlerce karde\u015fimizin daha \u00f6lmesi mi gerekiyor? 20 ya\u015f\u0131ndaki gen\u00e7lerimiz 70 ya\u015f\u0131ndakilerin y\u00fcz\u00fcnden \u00f6lmemeliler..\u201d<\/p>\n<p style=\"text-align: justify;\">T\u00fcrkiye bir s\u00fcredir \u201ca\u00e7\u0131l\u0131m\u0131\u201d konu\u015fuyor. Her kesimden fikirler geliyor, ele\u015ftiriler yap\u0131l\u0131yor ya da tam tersine destekler ortaya konuyor. \u0130\u015f d\u00fcnyas\u0131 bu konuda zaman zaman kimi a\u00e7\u0131klamalar yapsa da genelde geri durdu. Boyner bu s\u00fcre\u00e7 ve K\u00fcrt sorunu konusunda verdi\u011fi cevaplarla yine s\u00f6z\u00fcn\u00fc sak\u0131nmad\u0131. Onun s\u00f6ylemlerini yak\u0131ndan takip edenler bu konu\u015fmada YDH d\u00f6neminden kimi \u201ctan\u0131d\u0131k\u201d g\u00f6r\u00fc\u015flere de rastlayacaklar. Ama yeni ve iddial\u0131 \u00f6nerilere de&#8230; Cem Boyner yine duru\u015fuyla farkl\u0131l\u0131k yarat\u0131yor&#8230;<\/p>\n<p style=\"text-align: justify;\">K\u00fcrtler kendilerinin yeterince duyulmad\u0131klar\u0131n\u0131 iddia ediyorlar. \u201cT\u00fcrkler, K\u00fcrt karde\u015flerini neden anlam\u0131yorlar?\u201d diye soruyorlar. Siz ne s\u00f6ylerdiniz K\u00fcrtlere?<\/p>\n<p style=\"text-align: justify;\"><span style=\"color: #993300;\"><strong><em><a href=\"http:\/\/www.korhanyilmaz.com\/wp-content\/uploads\/2009\/12\/boyner2.jpg\"  class=\"lightview\"><img loading=\"lazy\" decoding=\"async\" class=\"alignright size-full wp-image-17336\" style=\"margin-left: 15px; margin-right: 15px;\" src=\"http:\/\/www.korhanyilmaz.com\/wp-content\/uploads\/2009\/12\/boyner2.jpg\" alt=\"\" width=\"227\" height=\"372\" \/><\/a>Derdim ki;<\/em><\/strong><\/span><\/p>\n<p style=\"text-align: justify;\">T\u00fcrklerin hassasiyetini anlay\u0131n art\u0131k. Bu devlet sizi saklam\u0131\u015f 1920\u2019lerden beri; ders kitaplar\u0131nda yoksunuz, isimleriniz yok, k\u00f6y, kasaba, \u015fehir adlar\u0131n\u0131z silinmi\u015f, m\u00fczi\u011finizi, \u015fark\u0131lar\u0131n\u0131z\u0131 duyurmam\u0131\u015f, yasaklam\u0131\u015f. \u00dclkenin bat\u0131s\u0131 sizin varl\u0131\u011f\u0131n\u0131zdan daha yeni haberdar oldu. Niye durup dururken, kendileri kadar, hatta daha \u00e7ok say\u0131da di\u011fer K\u00fcrtlerin neden PKK taraf\u0131ndan \u00f6ld\u00fcr\u00fcld\u00fc\u011f\u00fcn\u00fc uzun y\u0131llar anlamad\u0131 T\u00fcrkler.<\/p>\n<p style=\"text-align: justify;\">Yeni yeni varl\u0131\u011f\u0131n\u0131z\u0131n ve isminizin fark\u0131na vard\u0131. Sizi saklayan yalan rejim eninde sonunda zay\u0131flad\u0131, yasaklar, duvarlar birer birer ortadan kalk\u0131yor art\u0131k.<\/p>\n<p style=\"text-align: justify;\">\u2018T\u00fcrk karde\u015flerinizin \u015fokunu anlaman\u0131z gerekli. Size ayr\u0131mc\u0131l\u0131k yapan devlet politikalar\u0131d\u0131r, yoksa T\u00fcrk halk\u0131n\u0131n tercihleri de\u011fil\u2019 derdim.<\/p>\n<p style=\"text-align: justify;\"><span style=\"color: #993300;\"><strong><em>Silaha De\u011fil Bar\u0131\u015fa<\/em><\/strong><\/span><\/p>\n<p style=\"text-align: justify;\">YDH Y\u00f6netim Kurulu\u2019nda eski HEP\/DEP milletvekili k\u0131ymetli bir a\u011fabeyimiz vard\u0131. Operat\u00f6r Dr. Mehmet Emin Sever Beyefendi bir g\u00fcn bir sohbetimizde \u015f\u00f6yle diyordu:<\/p>\n<p style=\"text-align: justify;\">\u201cYahu biz K\u00fcrtler siz T\u00fcrklere bir t\u00fcrl\u00fc isyan be\u011fendiremiyoruz. \u00d6nce \u015eeyh Sait isyan\u0131n\u0131 yapt\u0131k, dediniz bu \u0130slami bir isyand\u0131r, K\u00fcrt de\u011fildir. Sonra Dersim isyan\u0131; dediniz bu da Alevi isyan\u0131d\u0131r, gene K\u00fcrt de\u011fildir, gene olmad\u0131. En son PKK \u00e7\u0131kt\u0131 ona da dediniz Marksist, Leninist bir isyand\u0131r. Ne yapaca\u011f\u0131m\u0131z\u0131 \u015fa\u015f\u0131rd\u0131k. Bir t\u00fcrl\u00fc isyan be\u011fendiremiyoruz size.\u201d<\/p>\n<p style=\"text-align: justify;\">T\u00fcrklerin kendilerini ezilmi\u015f K\u00fcrtlerin, K\u00fcrtlerin de kendilerini sorunun \u00f6z\u00fcnden habersiz T\u00fcrklerin yerine koymalar\u0131 gerek. Bizleri bu noktaya getiren bask\u0131c\u0131 devlet politikalar\u0131n\u0131, resmi yalanlar\u0131 gelin daha sonra tart\u0131\u015fal\u0131m.<\/p>\n<p style=\"text-align: justify;\">Onun da zaman\u0131 gelecektir ama \u015fu noktada d\u00fcne kadar d\u00f6k\u00fclm\u00fc\u015f kanlara de\u011fil bug\u00fcnden sonra d\u00f6k\u00fclmemesi gereken kanlara odaklanal\u0131m. Ankara\u2019ya d\u00fc\u015fen, isyanlar\u0131n nedenlerini ortadan kald\u0131rmak. Hem de hemen&#8230; \u0130ktidar\u0131n g\u00f6revi bu sorunu bar\u0131\u015f\u00e7\u0131 yollardan \u00e7\u00f6zmektir. \u00d6nce \u2018silahlar sussun\u2019 demek samimi de\u011fil. Sustu\u011fu zamanlar oldu, iktidarlar bir arpa boyu yol gitmedi. Zaman silaha de\u011fil bar\u0131\u015fa davranmak zaman\u0131d\u0131r.<\/p>\n<p style=\"text-align: justify;\"><span style=\"color: #993300;\"><strong><em>PKK Bar\u0131\u015f\u0131 Umursam\u0131yor<\/em><\/strong><\/span><\/p>\n<p style=\"text-align: justify;\">PKK\u2019n\u0131n politikalar\u0131 \u00e7eli\u015fmiyor mu? Hem bar\u0131\u015ftan s\u00f6z ediyorlar, e\u015fanl\u0131 silahl\u0131 eylem yap\u0131yorlar?<\/p>\n<p style=\"text-align: justify;\">PKK\u2019n\u0131n DTP umurunda de\u011fildi. Galiba bar\u0131\u015f da umurunda de\u011fil.<\/p>\n<p style=\"text-align: justify;\">PKK sadece PKK\u2019y\u0131 istiyor.<\/p>\n<p style=\"text-align: justify;\">Varolu\u015f sebebi K\u00fcrtlerin haklar\u0131 de\u011fil. PKK\u2019n\u0131n devam\u0131. \u00d6calan i\u00e7in de varsa yoksa kendi rol\u00fc.<\/p>\n<p style=\"text-align: justify;\">DTP kapat\u0131ld\u0131 \u015fimdi ne olacak? Benim umurumda. Ama PKK\u2019n\u0131n umurunda oldu\u011funu sanm\u0131yorum. \u00dcstelik PKK\u2019dan rol \u00e7ald\u0131\u011f\u0131 ve PKK\u2019n\u0131n alt\u0131n\u0131 bo\u015faltt\u0131\u011f\u0131 i\u00e7in PKK\u2019ya g\u00f6re, kapans\u0131n ki i\u015f gene da\u011fa, PKK\u2019ya, kan d\u00f6kmeye kals\u0131n.<\/p>\n<p style=\"text-align: justify;\">Anne babas\u0131n\u0131 \u00f6ld\u00fcr\u00fcp yakaland\u0131ktan sonra mahkeme kar\u015f\u0131s\u0131na \u00e7\u0131kar\u0131lan \u00e7ocu\u011fun, \u201cH\u00e2kim bey, bana ac\u0131y\u0131n, ben \u00f6ks\u00fcz ve yetimim\u201d diye insaf dilenmesine benziyor PKK ve \u00d6calan\u2019\u0131n timsah g\u00f6zya\u015flar\u0131.  PKK son zamanlar\u0131n en b\u00fcy\u00fck stratejik hatas\u0131n\u0131 yapt\u0131, Tokat-Re\u015fadiye katliam\u0131 ile. Bar\u0131\u015f-a\u00e7\u0131l\u0131m s\u00fcrecini bombalad\u0131. K\u00fcrt halk\u0131na, bar\u0131\u015f ve demokratik haklar\u0131na kavu\u015fmak isteyen, \u00e7\u0131rp\u0131nan milyonlara a\u011f\u0131r bir ihanet bu.<\/p>\n<p style=\"text-align: justify;\"><span style=\"color: #993300;\"><strong><em>A\u00e7\u0131lmadan Kapan\u0131m<\/em><\/strong><\/span><\/p>\n<p style=\"text-align: justify;\">H\u00fck\u00fcmetin da\u011f kadrolar\u0131na af \u00e7\u0131karmak i\u00e7in elinde \u00e7ok iyi bir f\u0131rsat var. \u015eu s\u0131ralar af ilan edilirse PKK\u2019n\u0131n, K\u00fcrt halk\u0131 i\u00e7in mi, kendi i\u00e7in mi varoldu\u011fu sorusunu  d\u00fc\u015f\u00fcnmeye ba\u015flayan binlerce PKK\u2019l\u0131 da\u011fdan inebilecektir.<\/p>\n<p style=\"text-align: justify;\">PKK kendisini K\u00fcrtlerin haklar\u0131ndan \u00e7ok \u00d6calan\u2019\u0131n rahat\u0131na ve gelece\u011fine adam\u0131\u015f g\u00f6r\u00fcn\u00fcyor. K\u00fcrt partisi DTP yeni ad\u0131yla BDP  Sinn Fein inceli\u011fini g\u00f6stermeyip do\u011frudan PKK\u2019n\u0131n ve \u00d6calan\u2019\u0131n s\u00f6zc\u00fcl\u00fc\u011f\u00fcne soyunacaksa g\u00fcndem bellidir. \u00d6calan\u2019a daha iyi ko\u015fullar, daha iyi bir cezaevi, sonra ev hapsi. Sonra af. Sonra Meclis. Sonu\u00e7? A\u00e7\u0131lmadan kapan\u0131m.<\/p>\n<p style=\"text-align: justify;\">K\u00fcrt halk\u0131 kendi hak ve \u00f6zg\u00fcrl\u00fckleri davas\u0131n\u0131n \u00d6calan ve PKK\u2019n\u0131n dar g\u00fcndemine s\u0131k\u0131\u015fmas\u0131na raz\u0131 olmayacak ama kopamayacak da, zira isyan\u0131n esas nedeni olan, taban\u0131n g\u00fc\u00e7lenip geni\u015flemesini sa\u011flayan K\u00fcrt halk\u0131n\u0131n kendi i\u00e7in istedi\u011fi a\u00e7\u0131l\u0131m, h\u00e2l\u00e2 yap\u0131lmam\u0131\u015f olacak.<\/p>\n<p style=\"text-align: justify;\">\u0130\u015fte bu nedenle hemen demokratik a\u00e7\u0131l\u0131m! Hi\u00e7 vakit kaybetmeden. D\u00fc\u015f\u00fcn\u00fcn, K\u00fcrtlerin kendileri i\u00e7in istedikleri hak ve \u00f6zg\u00fcrl\u00fckler kazan\u0131lm\u0131\u015f, af ilan edilmi\u015f ve sava\u015f\u0131n nedeni, a\u015f\u0131r\u0131l\u0131\u011f\u0131n nedeni, yaln\u0131zca \u00d6calan\u2019\u0131n rahat\u0131, gelece\u011fi ve PKK\u2019n\u0131n y\u00f6netim kadrosunun dar siyasetine s\u0131k\u0131\u015fm\u0131\u015f. B\u00f6yle bir ortamda hala gen\u00e7lerin da\u011fa \u00e7\u0131kaca\u011f\u0131n\u0131 d\u00fc\u015f\u00fcn\u00fcr m\u00fcs\u00fcn\u00fcz? Bunlar bir an \u00f6nce ger\u00e7ekle\u015ftirilirse PKK\u2019n\u0131n da\u011f kadrolar\u0131n\u0131n, \u00e7\u0131\u011f gibi \u00f6rg\u00fctten ayr\u0131lma ihtimali y\u00fcksek.<\/p>\n<p style=\"text-align: justify;\">Kalan k\u00fc\u00e7\u00fck bir kadro tabii ki silahlar\u0131n\u0131 konu\u015fturmaya, ter\u00f6re, uyu\u015fturucu ticaretine devam edecek; kan\u0131mca ter\u00f6r 5-10 seneye kalmadan h\u0131zla azal\u0131p bitecek. Ama mesele K\u00fcrt meselesi de\u011fil, asayi\u015f meselesine indirgenmi\u015f olacak.<\/p>\n<p style=\"text-align: justify;\"><span style=\"color: #993300;\"><strong><em>86 Y\u0131ld\u0131r Sopa Siyaseti<\/em><\/strong><\/span><\/p>\n<p style=\"text-align: justify;\">PKK\u2019n\u0131n tasfiyesinin yolu demokratik a\u00e7\u0131l\u0131m m\u0131? Bu ger\u00e7ekle\u015firse tasfiye olur mu?<\/p>\n<p style=\"text-align: justify;\">PKK\u2019n\u0131n tasfiyesi ama\u00e7 olursa yanl\u0131\u015f yapar\u0131z. Devlet do\u011fru olan\u0131 yaparsa PKK tasfiye olabilir. \u00d6calan, PKK ve DTP\u2019deki a\u015f\u0131r\u0131 kadrolar bug\u00fcn K\u00fcrt a\u00e7\u0131l\u0131m\u0131 \u00f6n\u00fcnde engel olu\u015fturuyor ve bu, K\u00fcrt halk\u0131na zarar veriyor. Onlar\u0131 izole etmenin yolu gaspedilmi\u015f haklar\u0131 daha da kasmakla de\u011fil varolu\u015f nedenlerini ortadan kald\u0131rmakla olur.<\/p>\n<p style=\"text-align: justify;\">86 y\u0131ld\u0131r sopa siyaseti. Bir kere de iyilikle yakla\u015fsak meseleye?<\/p>\n<p style=\"text-align: justify;\">Tam 15 y\u0131l \u00f6nce YDH da siyaset yaparken \u2018K\u00fcrt meselesi ve PKK ter\u00f6r\u00fc ayr\u0131 \u015feylerdir\u2019 diyordum. Ge\u00e7ti\u011fimiz y\u0131llarda PKK ve K\u00fcrt taban\u0131 maalesef \u00fcst\u00fcste \u00f6rt\u00fc\u015fmeye ba\u015flad\u0131. PKK, Tokat-Re\u015fadiye katliam\u0131 ile bar\u0131\u015f\u0131 baltalayan \u00f6nemli bir hata yapm\u0131\u015ft\u0131r. \u015eu an taban h\u0131zla \u00f6rg\u00fct ve DTP\u2019nin radikallerinden ayr\u0131\u015f\u0131yor. Anayasa Mahkemesi\u2019nin son karar\u0131 ile de DTP\u2019nin \u0131l\u0131ml\u0131lar\u0131 gitti radikalleri kald\u0131! Bu kavga, hen\u00fcz devletle K\u00fcrtlerin kavgas\u0131 hemen ama hemen sona erdirilmeli.<\/p>\n<p style=\"text-align: justify;\">Devletle-K\u00fcrtlerin kavgas\u0131, T\u00fcrklerle-K\u00fcrtlerin kavgas\u0131 haline gelmeden, karde\u015flik mayam\u0131z bozulmadan bitmeli. Hemen. \u00c7ok zaman\u0131m\u0131z kalmad\u0131. Hatta hi\u00e7 zaman\u0131m\u0131z kalmad\u0131. \u00c7aresizlik ve umutsuzluk insana her\u015feyi yapt\u0131rabilir.<\/p>\n<p style=\"text-align: justify;\"><span style=\"color: #993300;\"><strong><em>Demokratik Haklar<\/em><\/strong><\/span><\/p>\n<p style=\"text-align: justify;\">\u201cK\u00fcrtlerin \u00f6nemli bir k\u0131sm\u0131 PKK ve \u00d6calan\u2019la art\u0131k kaderlerini birle\u015ftirdiler, K\u00fcrtlere \u2018demokratik a\u00e7\u0131l\u0131m\u0131 al\u0131n, PKK ve \u00d6calan\u2019dan vazge\u00e7in\u2019 politikas\u0131 asla tutmaz\u201d diyenleri duyuyor gibiyim. Yanl\u0131\u015f d\u00fc\u015f\u00fcn\u00fcyorlar diyemem belki. Ama PKK\u2019y\u0131 tasfiye etmek ve \u00d6calan\u2019\u0131 marjinalize etmek i\u00e7in \u00f6nermedim a\u00e7\u0131l\u0131m\u0131.<\/p>\n<p style=\"text-align: justify;\">A\u00e7\u0131l\u0131m, K\u00fcrtlerin demokratik haklar\u0131n\u0131n iadesi projesi, PKK ve \u00d6calan nedeni ile yap\u0131lmamal\u0131. Yapmak gerekti\u011fi i\u00e7in yap\u0131lmal\u0131. PKK ileride marjinalle\u015fir mi? \u00d6calan K\u00fcrtlere huzur verir mi? BDP K\u00fcrt milliyet\u00e7ili\u011fi yerine T\u00fcrkiye siyasetine soyunur mu?<\/p>\n<p style=\"text-align: justify;\">Bunlar\u0131 gelecek bize g\u00f6sterecek. Ancak K\u00fcrt meselesinin akt\u00f6rleri ne yapar, ne reaksiyon g\u00f6sterir diye d\u00fc\u015f\u00fcnerek t\u00fcm K\u00fcrt halk\u0131na y\u0131llard\u0131r gaspedilmi\u015f haklar\u0131n\u0131 vermeyecek miyiz? \u00d6calan\u2019\u0131, PKK\u2019y\u0131  mazeret g\u00f6sterip, \u2018onlar gitsin \u00f6yle verelim haklar\u0131\u2019 diye borcumuzun, demokratik haklar\u0131n \u00fczerine oturmaya devam m\u0131 edece\u011fiz?<\/p>\n<p style=\"text-align: justify;\"><span style=\"color: #993300;\"><strong><em>\u2018Sanki S\u00fcnni T\u00fcrkler K\u00fcrt ve Alevilere l\u00fctfedip hak da\u011f\u0131tacak\u2019<\/em><\/strong><\/span><\/p>\n<p style=\"text-align: justify;\">\u0130ktidar\u0131n K\u00fcrt konusuna yakla\u015f\u0131m\u0131n\u0131 nas\u0131l de\u011ferlendiriyorsunuz?<\/p>\n<p style=\"text-align: justify;\">\u0130ktidar\u0131n dili, beden dili, Ba\u015fbakan\u2019dan \u00e7ok baz\u0131 \u2018bakanlar\u0131n\u2019 dili meseleyi \u00e7\u00f6zme ile uyu\u015fmuyor. \u2018Biz ve onlar\u2019 dili ile olmaz bu i\u015f. \u0130\u00e7selle\u015ftirmek gerek sorunu. Sanki S\u00fcnni T\u00fcrkler, K\u00fcrt ve Alevilere l\u00fctfedip hak da\u011f\u0131tacaklar.<\/p>\n<p style=\"text-align: justify;\">K\u00fcrtler ve Aleviler Kurtulu\u015f Sava\u015f\u0131\u2019nda, Kore\u2019de ve K\u0131br\u0131s\u2019ta, G\u00fcney Anadolu\u2019da sava\u015fmad\u0131lar m\u0131? \u0130ktidardakilerin, bakanlar\u0131n, b\u00fcrokratlar\u0131n ve askerlerin maa\u015flar\u0131 bat\u0131da ya\u015fayan K\u00fcrt ve Alevi vatanda\u015flar\u0131n da \u00f6dedikleri vergilerden \u00f6denmiyor mu? Memurlar, patronlar\u0131na hak m\u0131 da\u011f\u0131tacaklar? Ya da da\u011f\u0131tmayacaklar?<\/p>\n<p style=\"text-align: justify;\">Kavramlar birbirine kar\u0131\u015fm\u0131\u015f. Sapla saman\u0131n ay\u0131rman\u0131n zaman\u0131 geldi. Eskinin arkas\u0131na saklanman\u0131n zaman\u0131 da ge\u00e7ti.<\/p>\n<p style=\"text-align: justify;\">Eskiden bu politikalar\u0131n sahibi askerdi. Siyaset\u00e7i i\u00e7in manevra sahas\u0131 ve izni yoktu. \u015eimdilerde askerler dahi bu meselenin silahla \u00e7\u00f6z\u00fclemeyece\u011fini s\u00f6yl\u00fcyorlar. Top \u00e7oktan siyaset\u00e7ilerin aya\u011f\u0131na ge\u00e7ti. \u20187 y\u0131ld\u0131r iktidardaki AKP neden daha yeni soyundu K\u00fcrt meselesini \u00e7\u00f6zmeye\u2019 sorusunun cevab\u0131 bende yok. Neden Anayasa\u2019y\u0131 yeni demokratik bir Anayasa ile de\u011fi\u015ftirmek projesinden vazge\u00e7ti? A\u00e7\u0131l\u0131m karar\u0131n\u0131n samimi oldu\u011funa inan\u0131yorum. Ancak bunun tek yolu \u00f6nce Anayasa\u2019y\u0131 de\u011fi\u015ftirmek, insan hak ve \u00f6zg\u00fcrl\u00fcklerini k\u0131s\u0131tlamayan, ulusun demokratik Anayasa \u00f6zlemini gidermektir.<\/p>\n<p style=\"text-align: justify;\">Son tahlilde bu meseleyi birlikte \u00e7\u00f6zece\u011fiz. T\u00fcrkler ba\u015flatt\u0131, T\u00fcrklerle birlikte bitirilecek. Form\u00fcller belli de\u011fil mi? \u015eapkadan tav\u015fan \u00e7\u0131kmayacak ki. Muhatap aranmas\u0131 ayr\u0131 bir oyun. Fikirler al\u0131n\u0131r, dan\u0131\u015fma platformu geni\u015fletilir, ancak i\u015fin ucunda hak verilmesi var m\u00fczakere yok, K\u00fcrt halk\u0131na bor\u00e7 \u00f6denmesi var. Bor\u00e7 \u00f6denirken kar\u015f\u0131l\u0131kl\u0131 pazarl\u0131k edilmez. Alacakl\u0131, olmayacak fazladan taleplerde bulunursa, tehdit olarak silah\u0131 g\u00f6sterirse, T\u00fcrkiye Cumhuriyeti h\u00fck\u00fcmetini korkutup sindirmek ihtimali var m\u0131d\u0131r? Asla!<\/p>\n<p style=\"text-align: justify;\">Ne olur? Bug\u00fcne kadar \u00f6len 40 bin ki\u015fiye yeni onbinler eklenir.<\/p>\n<p style=\"text-align: justify;\">Silahlar tamamen susmasa da<\/p>\n<p style=\"text-align: justify;\">H\u00fck\u00fcmet, askeri sivil b\u00fcrokrasiye teslim olmadan demokratik a\u00e7\u0131l\u0131m\u0131 derhal hayata ge\u00e7irmeli, K\u00fcrt vatanda\u015flar\u0131na kendi etnik kimlikleri ile temsil, ifade ve e\u015fit hak temelinde vatanda\u015fl\u0131k i\u00e7in yola \u00e7\u0131kmal\u0131d\u0131r ve bunun da kendisinden g\u00fczellikle ya da zorla istendi\u011fi i\u00e7in de\u011fil, b\u00f6yle yapmak do\u011fru oldu\u011fu i\u00e7in yapmal\u0131d\u0131r.<\/p>\n<p style=\"text-align: justify;\">Cumhuriyetin 86 y\u0131l\u0131nda, biriktirilmi\u015f, gasp edilmi\u015f bor\u00e7lar\u0131 \u00f6demek gerekiyor. Bor\u00e7lar \u00f6denmelidir, yanl\u0131\u015flar d\u00fczeltilmelidir, kabahatler i\u00e7in \u00f6z\u00fcr dilenmelidir.<\/p>\n<p style=\"text-align: justify;\">Bunun i\u00e7in silahlar\u0131n susmas\u0131 beklenmeli midir? Silahlar susarsa daha rahat \u00e7\u00f6z\u00fcl\u00fcr ama beklenmemelidir silahlar\u0131n b\u00fct\u00fcn\u00fcyle susmas\u0131. D\u0131\u015f g\u00fc\u00e7ler, i\u00e7 g\u00fc\u00e7ler, provokasyon&#8230; Daha uzun s\u00fcre bitmeyecek ter\u00f6r. Bing\u00f6l\u2019de katledilen 33 asker, Tokat\u2019ta katledilen 7 asker. Sivil siyasi bir demokratik \u00e7\u00f6z\u00fcm i\u00e7in steril bir laboratuvar ortam\u0131n\u0131 asla bulamayaca\u011f\u0131z.<\/p>\n<p style=\"text-align: justify;\"><strong><em><span style=\"color: #993300;\">K\u00fcrt sorunu konusunda tek tek siyasi partileri de\u011ferlendirir misiniz?<\/span><\/em><\/strong><\/p>\n<p style=\"text-align: justify;\">MHP milliyet\u00e7i. Meclis\u2019te \u00e7ok a\u011f\u0131r muhalefet yap\u0131yor K\u00fcrt a\u00e7\u0131l\u0131m\u0131na kar\u015f\u0131, ancak soka\u011f\u0131 ciddi bir sorumlulukla kontrol alt\u0131nda tutuyor.<\/p>\n<p style=\"text-align: justify;\">DTP, centilmen Ahmet T\u00fcrk\u2019\u00fcn DTP\u2019si olmaktan \u00e7oktan \u00e7\u0131km\u0131\u015ft\u0131, fevkalade provokatif bir tav\u0131r alm\u0131\u015ft\u0131 son zamanlar\u0131nda.<\/p>\n<p style=\"text-align: justify;\">CHP, milliyet\u00e7i, devlet\u00e7i. Halktan uzak, Alevilerden dahi kopuk.<\/p>\n<p style=\"text-align: justify;\">AKP, Alevi a\u00e7\u0131l\u0131m\u0131 ile \u00fcmmet\u00e7i olmad\u0131\u011f\u0131n\u0131, K\u00fcrt a\u00e7\u0131l\u0131m\u0131 ile milliyet\u00e7i olmad\u0131\u011f\u0131n\u0131 anlatmaya \u00e7al\u0131\u015f\u0131yor. \u015eu an ger\u00e7ekten bar\u0131\u015f ve huzur getirmeye \u00e7al\u0131\u015fan tek akt\u00f6r. Donan\u0131m\u0131, kararl\u0131l\u0131\u011f\u0131, cesareti yetecek mi K\u00fcrt meselesini \u00e7\u00f6zmeye g\u00f6rece\u011fiz. Ger\u00e7ek \u015fu ki kimseden yard\u0131m alamayacak gibi g\u00f6r\u00fcn\u00fcyor. Fakat asl\u0131nda kimseye ihtiyac\u0131 da yok.<\/p>\n<p style=\"text-align: justify;\">AKP tek ba\u015f\u0131na iktidar, Cumhurba\u015fkan\u0131 AKP\u2019li. Daha ne istiyor h\u00fck\u00fcmet? Bor\u00e7 var ve \u00f6denecek!<\/p>\n<p style=\"text-align: justify;\">Hepsinin \u00f6tesinde, milletin deste\u011fi yeter de artar bile. K\u00fcrtlere kar\u015f\u0131 zul\u00fcm ve yasaklar\u0131 s\u00fcrd\u00fcrerek PKK\u2019n\u0131n istediklerini yap\u0131yoruz; neden halk\u0131n istedi\u011fini yapm\u0131yoruz? D\u00fc\u015fman\u0131 olan PKK\u2019ya hizmet eden, ona her g\u00fcn taban deste\u011fi veren bir devlet olur mu?<\/p>\n<p style=\"text-align: justify;\"><span style=\"color: #000000;\">Akl\u0131m\u0131z m\u0131 ba\u011fland\u0131? <\/span><\/p>\n<p style=\"text-align: justify;\"><span style=\"color: #993300;\"><strong><em>Anneme anlatt\u0131m, \u2018nas\u0131l k\u0131ym\u0131\u015f\u0131z bu insanlara\u2019 diye utand\u0131, \u00fcz\u00fcld\u00fc&#8230;<\/em><\/strong><\/span><\/p>\n<p style=\"text-align: justify;\">K\u00fcrt meselesi bunca zaman yasaklarla, ink\u00e2rla sakland\u0131 diyorsunuz. Peki \u015fimdi nas\u0131l g\u00fcny\u00fcz\u00fcne \u00e7\u0131kacak kavga \u00e7\u0131karmadan?<\/p>\n<p style=\"text-align: justify;\">Friedrich Nietzsche, \u2018M\u00fczi\u011fi duymayanlar dans edenlerin deli oldu\u011funu d\u00fc\u015f\u00fcn\u00fcyor\u2019 demi\u015f. Annem y\u0131llar \u00f6nce, san\u0131r\u0131m 1993-94 y\u0131llar\u0131 idi daha YDH yeni filizlenirken bana \u201cNedir Allah a\u015fk\u0131na bu Aleviler? K\u00fcrtlerle ayn\u0131 \u015fey mi?\u201d diye sormu\u015ftu.<\/p>\n<p style=\"text-align: justify;\">Annem cumhuriyet \u00e7ocu\u011fu, English High School\u2019lu, \u00fc\u00e7 lisan konu\u015fuyor, s\u00fcrekli okur, gezer, bir ka\u00e7 y\u0131l \u00f6nce hac far\u0131zas\u0131n\u0131 yerine getirmi\u015f, \u00f6rnek bir anne, m\u00fckemmel bir insand\u0131r. Alevili\u011fi be\u011fenmiyor de\u011fil, bilmiyor, tan\u0131m\u0131yor. Hele K\u00fcrtleri&#8230;<\/p>\n<p style=\"text-align: justify;\">\u2018Asl\u0131nda var olmayanlar niye durup dururken varolduklar\u0131n\u0131 iddia ediyorlar?\u2019 diye sorguluyordu ba\u015flarda.  \u00c7oktan varolduklar\u0131n\u0131 \u00f6\u011frendi\u011finde d\u00fcnya adeta ba\u015f\u0131na y\u0131k\u0131ld\u0131, \u00fcz\u00fcld\u00fc, utand\u0131, \u2018Nas\u0131l k\u0131ym\u0131\u015f\u0131z bu insanlara\u2019 diye. Y\u00fczy\u0131l\u0131n ba\u015f\u0131nda Osmanl\u0131 par\u00e7alan\u0131rken, imparatorlu\u011fun her k\u00f6\u015fesinde Yunan, Bulgar, Slav, Arap, milliyet\u00e7i ayaklanmalar, yeni T\u00fcrkiye\u2019nin evsiz yurtsuz kalan imparatorluk tebas\u0131n\u0131n Anadolu\u2019ya g\u00f6\u00e7\u00fc ile temellendi\u011fi bir s\u00fcre\u00e7te, o g\u00fcnlerin ba\u011flay\u0131c\u0131 tek zamk\u0131 olan milliyet\u00e7ilik gere\u011fi \u201cT\u00fcrkl\u00fck\u201d kavram\u0131n\u0131n yeni cumhuriyetin temeli olma ihtiyac\u0131n\u0131, bask\u0131c\u0131, asimilasyon politikalar\u0131n\u0131n nedenlerini, hakl\u0131 \u00e7\u0131karmaya \u00e7al\u0131\u015fmadan, anlatm\u0131\u015ft\u0131m anneme.<\/p>\n<p style=\"text-align: justify;\"><span style=\"color: #993300;\"><strong><em>Ger\u00e7ek ad\u0131 \u2018T\u00fcrk meselesi\u2019<\/em><\/strong><\/span><\/p>\n<p style=\"text-align: justify;\">Aradan y\u0131llar ge\u00e7mi\u015f, bask\u0131 ve asimilasyon politikalar\u0131 iflas etmi\u015f, milliyet\u00e7ilik, bak\u0131n vatanseverlik de\u011fil, \u00f6nemini kaybetmi\u015f, bask\u0131, i\u015fkence, devlet ter\u00f6r\u00fc birle\u015ftiricilikten \u00e7ok b\u00f6l\u00fcc\u00fc bir etki yapar hale gelmi\u015f bu son 30 y\u0131lda yalan rejiminin iflas\u0131 ka\u00e7\u0131n\u0131lmaz olmu\u015ftu. Avrupa Birli\u011fi\u2019ne \u00fcye olman\u0131n ilk ad\u0131m\u0131 esasen yalanlar rejimini sona erdirmekten ge\u00e7iyordu. Bunun da tek yolu gene Anayasa\u2019y\u0131 de\u011fi\u015ftirmek.<\/p>\n<p style=\"text-align: justify;\">Bu d\u00f6nemi ulus devlet kurma \u00e7abalar\u0131n\u0131n a\u011f\u0131rl\u0131kl\u0131 oldu\u011fu bir d\u00f6nem olarak kabul etsek dahi bu politikalar\u0131n son kullan\u0131m tarihi \u00e7oktan ge\u00e7mi\u015f. Bu nedenle y\u0131llar \u00f6nce meselenin ger\u00e7ek ad\u0131 \u2018T\u00fcrk meselesidir\u2019 demi\u015ftim. 25 y\u0131ld\u0131r kendi topra\u011f\u0131n\u0131 bombalayan, kendi vatanda\u015f\u0131n\u0131 \u00f6ld\u00fcren ba\u015fka devlet var m\u0131? \u00d6lmeye devam m\u0131? Ne i\u00e7in \u00f6lmeye devam? Tam bir anlatsan\u0131za bana. Da\u011fa ta\u015fa \u201cNe mutlu T\u00fcrk\u00fcm diyene\u201d yazmak ne i\u015fe yarad\u0131? Kendini T\u00fcrk hissetmeyenleri \u00fczmek d\u0131\u015f\u0131nda?<\/p>\n<p style=\"text-align: justify;\"><span style=\"color: #993300;\"><strong><em>Mayas\u0131 Bozulmadan Kavga Bitmeli<\/em><\/strong><\/span><\/p>\n<p style=\"text-align: justify;\">Abdullah \u00d6calan ne olacak? K\u00fcrt kesiminde geli\u015ftirilen politikalarda mutlaka bir \u015fekilde onun da ad\u0131 an\u0131l\u0131yor.<\/p>\n<p style=\"text-align: justify;\">\u0130ngilizler, \u2018Ya\u015fl\u0131 siyaset\u00e7iler birbirleri ile konu\u015fmal\u0131 ki gen\u00e7ler sava\u015fta \u00f6lmesin\u2019 der.<\/p>\n<p style=\"text-align: justify;\">Ankara\u2019daki tombul ihtiyarlar birbirleri ile konu\u015fup \u00e7\u00f6z\u00fcm \u00fcretmek yerine gencecik insanlar\u0131 sava\u015fa g\u00f6ndermeyi tercih ediyor. DTP ya da BDP K\u00fcrt partisi. Daha do\u011frusu K\u00fcrt\u00e7\u00fc parti. Gitgide kendisini \u00f6nce PKK\u2019ya son zamanlarda da \u00d6calan\u2019a endeksledi. Bunu yapt\u0131k\u00e7a kendisine oy verenlerin \u00fczerindeki etkiyi kaybedip aradaki mesafeyi h\u0131zla a\u00e7t\u0131.<\/p>\n<p style=\"text-align: justify;\">Parti temsilcileri \u2018bar\u0131\u015f, demokratik haklar, da\u011fa \u00e7\u0131kmak, \u00d6calan\u2019\u0131n h\u00fccresi\u2019 ve \u2018silahlar sussun\u2019 s\u00f6zc\u00fcklerini ayn\u0131 c\u00fcmlelerin i\u00e7inde kullan\u0131yorlar. Her bir K\u00fcrt\u2019\u00fcn i\u00e7inde ka\u00e7 farkl\u0131 K\u00fcrt var? 6 K\u00fcrt partisi kapat\u0131ld\u0131. DTP son se\u00e7imde 3 milyon oy ald\u0131. BDP\u2019nin ka\u00e7 oy alaca\u011f\u0131 bilinmiyor. \u00d6nceki politikalar s\u00fcrd\u00fcr\u00fcl\u00fcrse azalaca\u011f\u0131 kesin.<\/p>\n<p style=\"text-align: justify;\">B\u00fcy\u00fck resme bakt\u0131\u011f\u0131m\u0131zda PKK\u2019n\u0131n silahl\u0131 sava\u015f\u0131 kaybetti\u011fini ancak K\u00fcrtlerin siyasi sava\u015f\u0131 kazand\u0131klar\u0131n\u0131 g\u00f6r\u00fcyoruz. PKK vur ka\u00e7 operasyonlar\u0131na devam edebilir, ancak her eyleminden sonra TSK\u2019n\u0131n misliyle cevab\u0131 ile kar\u015f\u0131la\u015ft\u0131\u011f\u0131n\u0131 ve \u00e7ok a\u011f\u0131r kay\u0131plar verdi\u011fini g\u00f6r\u00fcyoruz. Amerika, Avrupa, kom\u015fular PKK\u2019ya tamamen s\u0131rt \u00e7evirmi\u015f durumdalar. Oysa ayn\u0131 g\u00fc\u00e7ler K\u00fcrtlerin haklar\u0131na kavu\u015fmak i\u00e7in yapt\u0131klar\u0131 siyasi \u00e7abalar\u0131 destekliyorlar. AKP h\u00fck\u00fcmetinin a\u00e7\u0131l\u0131m \u00e7al\u0131\u015fmas\u0131n\u0131 da destekliyorlar.<\/p>\n<p style=\"text-align: justify;\">K\u00fcrt meselesi \u00e7\u00f6z\u00fcld\u00fck\u00e7e PKK\u2019n\u0131n i\u00e7inin bo\u015falaca\u011f\u0131 bir ger\u00e7ek. K\u00f6t\u00fc m\u00fc bu? PKK\u2019l\u0131 K\u00fcrtler silahl\u0131 m\u00fccadelenin bitip, siyasal m\u00fccadelenin ba\u015flamas\u0131na kar\u015f\u0131 m\u0131 olmal\u0131lar? Da\u011fda ma\u011faralarda ya\u015famak, \u015fehirde ya\u015famaktan daha m\u0131 iyi?<\/p>\n<p style=\"text-align: justify;\">Devlet siyasi m\u00fccadeleyi silahl\u0131 m\u00fccadeleye tercih etmez mi? PKK ama\u00e7 de\u011fil. K\u00fcrt meselesini \u00e7\u00f6zmek ama\u00e7. K\u00fcrt meselesinin \u00e7\u00f6z\u00fcm\u00fcn\u00fcn siyaset yoluyla bulunabilmesi ama\u00e7. K\u00fcrt meselesi \u00e7\u00f6z\u00fcl\u00fcrse PKK meselesi de \u00e7\u00f6z\u00fcl\u00fcr. Davas\u0131 bo\u015falan PKK kendini tasfiye eder mi? Da\u011fda m\u0131 kal\u0131r? \u00d6calan\u2019\u0131n hapiste kal\u0131p kalmayaca\u011f\u0131, gelece\u011fi, bunlar\u0131n hi\u00e7biri bug\u00fcn\u00fcn g\u00fcndemi de\u011fil. Esas mesele PKK ve \u00d6calan y\u00fcz\u00fcnden K\u00fcrt meselesinin \u00e7\u00f6z\u00fcm\u00fcn\u00fcn ertelenmemesi.<\/p>\n<p style=\"text-align: justify;\">Bar\u0131\u015f i\u00e7in, demokratikle\u015fme i\u00e7in ad\u0131mlar\u0131 att\u0131\u011f\u0131m\u0131zda, huzura kavu\u015ftu\u011fumuzda, K\u00fcrtler kimliklerini inkar etmeden bu \u00fclkenin e\u015fit hakl\u0131 vatanda\u015flar\u0131 oldu\u011funda, o huzur ortam\u0131nda \u00d6calan\u2019\u0131n gelece\u011fini \u00e7ok daha akl\u0131selimle tart\u0131\u015fabiliriz.<\/p>\n<p style=\"text-align: justify;\"><span style=\"color: #993300;\"><strong><em>\u00d6calan\u2019\u0131n \u015fu andaki rol\u00fcn\u00fc nas\u0131l de\u011ferlendiriyorsunuz?<\/em><\/strong><\/span><\/p>\n<p style=\"text-align: justify;\">\u015eu s\u0131ralar yaralar a\u00e7\u0131k. Kabuk ba\u011flamad\u0131. Tokat-Re\u015fadiye\u2019de pusu kurulup \u00f6ld\u00fcr\u00fclen gen\u00e7lerimizi yeni g\u00f6md\u00fck.<\/p>\n<p style=\"text-align: justify;\">\u00d6calan belli ki K\u00fcrt siyasi hareketinin \u00fczerinde fevkalade etkili. K\u00fcrt partisi \u0130mral\u0131\u2019dan talimat ald\u0131\u011f\u0131n\u0131 saklam\u0131yor. Halbuki bu a\u00e7\u0131k ve te\u015fhirci ili\u015fki 7. partinin muhatap al\u0131nmas\u0131n\u0131 gitgide zorla\u015ft\u0131r\u0131yor.<\/p>\n<p style=\"text-align: justify;\">A\u00e7\u0131k\u00e7a \u00d6calan\u2019\u0131n muhatap al\u0131nmas\u0131? \u0130\u00e7i yaral\u0131 T\u00fcrklerin tahamm\u00fcllerini s\u0131namak istiyorsan\u0131z, belki. Kan\u0131mca, \u00d6calan\u2019\u0131n muhatap kabul ettirilme ve mahk\u00fbmiyetinin sona erdirilmesi yolundaki hoyrat \u00e7abalar vatanda\u015flar\u0131m\u0131z\u0131n aras\u0131ndaki ayr\u0131\u015fmay\u0131 tavan yapt\u0131r\u0131r. 7. parti kendisini \u0130mral\u0131\u2019n\u0131n s\u00f6zc\u00fcs\u00fc olarak tan\u0131mlad\u0131\u011f\u0131 s\u00fcrece \u00f6nemini de s\u0131f\u0131rl\u0131yor. PKK ve \u00d6calan var ama realitede K\u00fcrt partisi yoktur bu foto\u011frafta. \u00d6calan ve PKK\u2019n\u0131n pek \u00e7ok K\u00fcrt vatanda\u015f\u0131m\u0131z i\u00e7in \u00e7ok \u015fey ifade etti\u011fini biliyorum. Baz\u0131lar\u0131, K\u00fcrt kazan\u0131mlar\u0131n\u0131n hepsini \u00d6calan ve PKK\u2019ya bor\u00e7lu oldu\u011funu d\u00fc\u015f\u00fcn\u00fcyor. PKK\u2019y\u0131 \u2018ter\u00f6rist\u2019 de\u011fil \u2018gerilla\u2019 olarak tan\u0131ml\u0131yor. \u00d6calan\u2019\u0131 \u2018bebek katili\u2019 de\u011fil, son K\u00fcrt isyan\u0131n\u0131n lideri olarak g\u00f6r\u00fcyor. Ama s\u0131ra K\u00fcrtlerin empati yapmas\u0131nda bug\u00fcn. Tamam, hep birlikte biraz gerilece\u011fiz ama kopmadan.<\/p>\n<p style=\"text-align: justify;\"><strong><em><span style=\"color: #993300;\">\u2018Sesimizi belki bir duyan olur, belki bir karde\u015fimiz eksik \u00f6l\u00fcr\u2019<\/span><\/em><\/strong><\/p>\n<p style=\"text-align: justify;\">Y\u0131llard\u0131r YDH zaman\u0131nda s\u0131k s\u0131k dillendirdi\u011finiz K\u00fcrt meselesi ve \u00e7\u00f6z\u00fcmleri hakk\u0131nda konu\u015fmad\u0131n\u0131z. Uzun s\u00fcredir bu ilk galiba. Neden \u015fimdi?<\/p>\n<p style=\"text-align: justify;\">Hani sald\u0131r\u0131lardan yere yat\u0131p \u00f6l\u00fc numaras\u0131 yaparak kurtulmak vard\u0131r ya. \u015eimdilerde k\u00f6r ve sa\u011f\u0131r numaras\u0131 yaparak, ya\u015fanan ve yak\u0131nda daha da a\u011f\u0131r\u0131 ya\u015fanacak bu toplumsal felaketten s\u0131y\u0131rmak m\u00fcmk\u00fcn olabilecek mi? Biz problemi g\u00f6rmezsek, problem de bizi g\u00f6rmez diyebilir miyiz?<\/p>\n<p style=\"text-align: justify;\">\u015eimdi susmak de\u011fil, konu\u015fmak zaman\u0131. Konu\u015fmaktan topluma zarar gelmez. Silahlar\u0131n susmas\u0131, insanlar\u0131n konu\u015fmas\u0131 gerek. Ayr\u0131ca mant\u0131kl\u0131 insanlar\u0131n, sa\u011fduyulu insanlar\u0131n, iyi kalpli insanlar\u0131n oldu\u011funa, bar\u0131\u015f i\u00e7in konu\u015fan seslere kulak verece\u011fine inan\u0131yorum. K\u00fcrtler diyor ki; \u201cBenden al\u0131p esirgedi\u011fin bana ait haklar\u0131 geri istiyorum. \u00c7ok istiyorum. O kadar ki, g\u00fczellikle vermezsen art\u0131k kuzu kuzu bekleyip ezilmeyi s\u00fcrd\u00fcrmeyece\u011fim. D\u00fcnyada da o devir ge\u00e7ti. T\u00fcm \u00fclkelerde etnik-k\u00fclt\u00fcrel haklar teslim edildi. Ben hem K\u00fcrt hem de seninle e\u015fit olmak istiyorum. \u00c7ok mu zor? Bu haklar\u0131m\u0131 gaspetmeye devam edersen, \u015fekilden \u015fekile girerek hep kar\u015f\u0131na \u00e7\u0131kaca\u011f\u0131m; bir g\u00fcn sokakta, bir g\u00fcn Meclis\u2019te, di\u011fer bir g\u00fcn da\u011fda. Ben buraday\u0131m, kal\u0131c\u0131y\u0131m ve sen beni dinlemeden sana asla huzur vermeyece\u011fim.\u201d<\/p>\n<p style=\"text-align: justify;\">Hem de y\u0131llard\u0131r avaz avaz diyor. Bizler sa\u011f\u0131r m\u0131y\u0131z? Duymuyor muyuz? Kula\u011f\u0131m\u0131z yaln\u0131zca bomba sesine mi hassas? Yaln\u0131z T\u00fcrk sesine mi? Can\u0131m yan\u0131yor.<\/p>\n<p style=\"text-align: justify;\"><span style=\"color: #993300;\"><strong><em>Siyaset var m\u0131 gelecekte?<\/em><\/strong><\/span><\/p>\n<p style=\"text-align: justify;\">Asla yok. O defter kapand\u0131. Konu\u015fmam vatanda\u015fl\u0131k vazifemin gere\u011fi. Belki bir duyan olur. Belki bir karde\u015fimiz eksik \u00f6l\u00fcr.<\/p>\n<p style=\"text-align: justify;\"><span style=\"color: #993300;\"><strong><em>Hemen af ilan et, kapsam\u0131n\u0131 geni\u015f tut<\/em><\/strong><\/span><\/p>\n<p style=\"text-align: justify;\">Yak\u0131n ge\u00e7mi\u015fteki ac\u0131lar&#8230; Verdi\u011fimiz \u015fehitler&#8230; \u00d6len gen\u00e7ler&#8230; Bunlar\u0131n unutulmas\u0131 imkans\u0131z de\u011fil mi?<\/p>\n<p style=\"text-align: justify;\">Asla unutmayaca\u011f\u0131z.  Kaybetti\u011fimiz on binlerce insan\u0131n bo\u015funa \u00f6lmemi\u015f olmas\u0131 gerekli. PKK\u2019n\u0131n silah\u0131 b\u0131rakmas\u0131, K\u00fcrtlerin e\u015fit haklara kavu\u015fmas\u0131 zafer olmaz m\u0131? Bar\u0131\u015f zafer olmaz m\u0131? 40 bin insan\u0131m\u0131z\u0131 kaybettik, daha nice 40 binler kaybedelim diyebilir miyiz? Ac\u0131lar \u00e7ok ve kar\u015f\u0131l\u0131kl\u0131.<\/p>\n<p style=\"text-align: justify;\">Yetmedi mi cenazeler, da\u011fda namazs\u0131z g\u00f6m\u00fclenler, izi dahi bulunamayanlar? 6 bin k\u00f6y\u00fc PKK\u2019ya lojistik deste\u011fi kesmek i\u00e7in yakmam\u0131z\u0131n bir mant\u0131\u011f\u0131 olabilir. Ama 6 bin k\u00f6y\u00fc yakarken i\u00e7inde ya\u015fayan binlerce k\u00f6yl\u00fcy\u00fc evsiz barks\u0131z g\u00f6\u00e7e zorlad\u0131\u011f\u0131m\u0131z\u0131 da hat\u0131rlayal\u0131m. Diyarbak\u0131r\u2019\u0131n n\u00fcfusu nas\u0131l 2 milyon oldu? Do\u011furarak m\u0131?<\/p>\n<p style=\"text-align: justify;\"><span style=\"color: #993300;\"><strong><em>1915 ve son 20 y\u0131l<\/em><\/strong><\/span><\/p>\n<p style=\"text-align: justify;\">Ermenileri 1915\u2019te Suriye\u2019ye kadar y\u00fcr\u00fctt\u00fc Osmanl\u0131.  Son 20 y\u0131lda k\u00f6y\u00fcn\u00fc yakt\u0131\u011f\u0131m\u0131z on binleri kamyon kasalar\u0131nda yak\u0131n bir \u015fehrin varo\u015flar\u0131na d\u00f6kt\u00fck. \u00c7ok mu fark var arada? A\u00e7\u0131k kasal\u0131 kamyon fark\u0131 m\u0131? Ac\u0131 \u00e7ok, do\u011fru, ancak asla tek tarafl\u0131 de\u011fil.<\/p>\n<p style=\"text-align: justify;\">K\u00fcrtler, PKK\u2019l\u0131 K\u00fcrtler, asker K\u00fcrtler, korucu k\u00fcrtler&#8230; Yaz\u0131k de\u011fil mi? Bug\u00fcn aileler var, bir o\u011flu askerde, di\u011fer o\u011flu da\u011fda PKK\u2019da. Bu aile sa\u011fl\u0131kl\u0131 m\u0131? Bu toplum sa\u011fl\u0131kl\u0131 m\u0131? Arada bir kendi halinizden \u015fikayet ederken, bu \u00e7ocuklar\u0131, onlar\u0131n ana babalar\u0131n\u0131 d\u00fc\u015f\u00fcn\u00fcn.<\/p>\n<p style=\"text-align: justify;\">\u00c7\u00f6z\u00fcm gizli de\u011fil ki! S\u0131r de\u011fil ki! Tarihte devletlerin bir k\u0131s\u0131m vatanda\u015flar\u0131na yok muamelesi yapt\u0131\u011f\u0131 ilk \u00fclke biz de\u011filiz ki! \u0130lk \u00e7\u00f6zen de biz olmayaca\u011f\u0131z.<\/p>\n<p style=\"text-align: justify;\">Problemler, yasaklar g\u00f6z\u00fcm\u00fcz\u00fcn \u00f6n\u00fcnde. \u2018\u00c7\u00f6z Beni\u2019 diye ba\u011f\u0131r\u0131yor!\u2019 Rumca, Ermenice e\u011fitim veren okullar varken, K\u00fcrtlere ana dillerinde e\u011fitim yasa\u011f\u0131n\u0131 nas\u0131l izah ediyoruz? Ba\u015fkalar\u0131na de\u011fil, kendimize nas\u0131l izah ediyoruz? Hadi sayal\u0131m hemen yap\u0131lmas\u0131 gerekenleri&#8230; \u00d6nce yeni anayasa&#8230;<\/p>\n<p style=\"text-align: justify;\">K\u00fclt\u00fcrel haklar; TV, ana dilinde e\u011fitim, se\u00e7me ders, okul, her neyse&#8230; Ne gerekiyorsa yap.<\/p>\n<p style=\"text-align: justify;\">Hemen af ilan et. Kapsam\u0131n\u0131 tutabildi\u011fin kadar geni\u015f tut, korkma! Sava\u015fta yak\u0131lan, y\u0131k\u0131lan k\u00f6ylerin sakinlerine tazminat \u00f6de&#8230; G\u00fcneydo\u011fu\u2019yu ekonomik olarak g\u00fc\u00e7lendir, para ver, yat\u0131r\u0131m yap, bat\u0131ya ba\u011fla, te\u015fvikleri co\u015ftur.<\/p>\n<p style=\"text-align: justify;\">Baraj\u0131 y\u00fczde 5\u2019e indir.<\/p>\n<p style=\"text-align: justify;\">Parti kapatmay\u0131 \u2018demokratik rejimi tehdit etmek\u2019le s\u0131n\u0131rla. Siyasi partiler kanununu de\u011fi\u015ftir. Muhalefet buna ve anayasa de\u011fi\u015fikli\u011fine kar\u015f\u0131 \u00e7\u0131karsa istifa et, erken se\u00e7im yolu a\u00e7!<\/p>\n<p style=\"text-align: justify;\"><strong><em><span style=\"color: #993300;\">Cem Boyner<\/span><\/em><\/strong><\/p>\n<p style=\"text-align: justify;\">\u201825 y\u0131ld\u0131r kendi topra\u011f\u0131n\u0131 bombalayan, kendi vatanda\u015f\u0131n\u0131 \u00f6ld\u00fcren ba\u015fka devlet var m\u0131? \u00d6lmeye devam m\u0131?<\/p>\n<p style=\"text-align: justify;\">Ne i\u00e7in \u00f6lmeye devam?<\/p>\n<p style=\"text-align: justify;\">Tam bir anlatsan\u0131za bana.<\/p>\n<p style=\"text-align: justify;\">Da\u011fa ta\u015fa \u201cNe mutlu T\u00fcrk\u00fcm diyene\u201d yazmak ne i\u015fe yarad\u0131?<\/p>\n<p style=\"text-align: justify;\">Kendini T\u00fcrk hissetmeyenleri \u00fczmek d\u0131\u015f\u0131nda?\u2019<\/p>\n<p style=\"text-align: justify;\"><span style=\"color: #808080;\">Eylem T\u00fcrk &#8211; \u0130stanbul ( Milliyet )<\/span><\/p>\n","protected":false},"excerpt":{"rendered":"<p style=\"text-align: justify;\">\n<p style=\"text-align: justify;\">\u0130\u015fadam\u0131 Cem Boyner: Bu kavga hen\u00fcz devletle K\u00fcrtlerin kavgas\u0131yken hemen sona erdirilmeli. T\u00fcrklerle K\u00fcrtlerin kavgas\u0131 haline gelmeden, karde\u015flik mayam\u0131z bozulmadan hemen bitmeli.<\/p>\n<p style=\"text-align: justify;\">T\u00fcrk Sanayici ve \u0130\u015fadamlar\u0131 Derne\u011fi\u2019ne, 1989 y\u0131l\u0131nda ba\u015fkan oldu\u011funda 34 ya\u015f\u0131ndayd\u0131. Turgut \u00d6zal iktidard\u0131. Ba\u015fkanl\u0131\u011f\u0131 d\u00f6neminde \u201ciktidar\u0131n icraatlar\u0131n\u0131\u201d sert bir dille ele\u015ftirdi. \u00d6zellikle d\u00f6nemin y\u00f6netim anlay\u0131\u015f\u0131 <\/p>\n","protected":false},"author":1,"featured_media":0,"comment_status":"open","ping_status":"closed","sticky":false,"template":"","format":"standard","meta":{"footnotes":""},"categories":[16],"tags":[],"class_list":["post-17334","post","type-post","status-publish","format-standard","hentry","category-kose-yazilari","odd"],"_links":{"self":[{"href":"http:\/\/www.korhanyilmaz.com\/index.php?rest_route=\/wp\/v2\/posts\/17334","targetHints":{"allow":["GET"]}}],"collection":[{"href":"http:\/\/www.korhanyilmaz.com\/index.php?rest_route=\/wp\/v2\/posts"}],"about":[{"href":"http:\/\/www.korhanyilmaz.com\/index.php?rest_route=\/wp\/v2\/types\/post"}],"author":[{"embeddable":true,"href":"http:\/\/www.korhanyilmaz.com\/index.php?rest_route=\/wp\/v2\/users\/1"}],"replies":[{"embeddable":true,"href":"http:\/\/www.korhanyilmaz.com\/index.php?rest_route=%2Fwp%2Fv2%2Fcomments&post=17334"}],"version-history":[{"count":0,"href":"http:\/\/www.korhanyilmaz.com\/index.php?rest_route=\/wp\/v2\/posts\/17334\/revisions"}],"wp:attachment":[{"href":"http:\/\/www.korhanyilmaz.com\/index.php?rest_route=%2Fwp%2Fv2%2Fmedia&parent=17334"}],"wp:term":[{"taxonomy":"category","embeddable":true,"href":"http:\/\/www.korhanyilmaz.com\/index.php?rest_route=%2Fwp%2Fv2%2Fcategories&post=17334"},{"taxonomy":"post_tag","embeddable":true,"href":"http:\/\/www.korhanyilmaz.com\/index.php?rest_route=%2Fwp%2Fv2%2Ftags&post=17334"}],"curies":[{"name":"wp","href":"https:\/\/api.w.org\/{rel}","templated":true}]}}