{"id":17330,"date":"2009-12-26T14:57:22","date_gmt":"2009-12-26T12:57:22","guid":{"rendered":"http:\/\/www.korhanyilmaz.com\/?p=17330"},"modified":"2009-12-26T14:57:22","modified_gmt":"2009-12-26T12:57:22","slug":"danistay%e2%80%99a-da-ortam-dinlemesi","status":"publish","type":"post","link":"http:\/\/www.korhanyilmaz.com\/?p=17330","title":{"rendered":"Dan\u0131\u015ftay\u2019a da ortam dinlemesi"},"content":{"rendered":"<p style=\"text-align: justify;\"><a href=\"http:\/\/www.korhanyilmaz.com\/wp-content\/uploads\/2009\/12\/danistay.jpeg\"  class=\"lightview\"><img loading=\"lazy\" decoding=\"async\" class=\"size-full wp-image-17331 aligncenter\" src=\"http:\/\/www.korhanyilmaz.com\/wp-content\/uploads\/2009\/12\/danistay.jpeg\" alt=\"\" width=\"207\" height=\"232\" \/><\/a><\/p>\n<p style=\"text-align: justify;\">Dan\u0131\u015ftay tetkik h\u00e2kimi Engin \u00c7akmak hakk\u0131nda \u2018teknik takip\u2019 karar\u0131 oldu\u011fu ortaya \u00e7\u0131kt\u0131. B\u00f6ylece, Engin \u00c7akmak\u2019\u0131n g\u00f6rev yapt\u0131\u011f\u0131 Dan\u0131\u015ftay da Yarg\u0131tay\u2019dan sonra dinleme yap\u0131lan kurumlardan biri oldu. <!--more--><\/p>\n<p style=\"text-align: justify;\">Adalet Bakanl\u0131\u011f\u0131 m\u00fcfetti\u015flerinin talebi do\u011frultusunda, h\u00e2kim ve savc\u0131lar\u0131n telefonlar\u0131n\u0131n dinlenmesi ve izlenmesine karar veren mahkeme kararlar\u0131ndan Dan\u0131\u015ftay da \u00e7\u0131kt\u0131. Yarg\u0131tay ve adliye binalar\u0131nda ortam dinlemesi yap\u0131labilmesine olanak sa\u011flayan kararlarda Dan\u0131\u015ftay\u2019da g\u00f6revli bir tetkik h\u00e2kimin ismi de yer al\u0131yor.<\/p>\n<p style=\"text-align: justify;\">M\u00fcfetti\u015fler 14 Ekim 2008\u2019de \u0130stanbul 11. A\u011f\u0131r Ceza Mahkemesi\u2019ne ba\u015fvurup toplam 50 h\u00e2kim ve savc\u0131 hakk\u0131nda Ergenekon yap\u0131lanmas\u0131yla ili\u015fkilerini tespit i\u00e7in dinleme karar\u0131 \u00e7\u0131kar\u0131lmas\u0131n\u0131 istedi.<\/p>\n<p style=\"text-align: justify;\">Bu isimler aras\u0131nda \u0130stanbul Ba\u015fsavc\u0131s\u0131 Aykut Cengiz Engin, Ankara Ba\u015fsavc\u0131s\u0131 H\u00fcseyin Boyrazo\u011flu, \u0130smaila\u011fa cemaatine y\u00f6nelik soru\u015fturmayla g\u00fcndeme gelen Erzincan Ba\u015fsavc\u0131s\u0131 \u0130lhan Cihaner, Sincan 1. A\u011f\u0131r Ceza Mahkemesi Ba\u015fkan\u0131 Osman Ka\u00e7maz, Yarg\u0131tay Savc\u0131s\u0131 \u00d6mer Faruk Emina\u011fao\u011flu da yer ald\u0131.  Yaz\u0131da, dinleme d\u0131\u015f\u0131nda, bu isimlerin son 1 y\u0131ll\u0131k HTS raporlar\u0131 da (hangi g\u00f6r\u00fc\u015fmeyi nerede yapt\u0131\u011f\u0131na ili\u015fkin bilgiler) istendi ve 4 hafta s\u00fcreyle teknik ara\u00e7larla takibe al\u0131nmas\u0131 i\u00e7in yetki talebinde bulunuldu.<\/p>\n<p style=\"text-align: justify;\">Listeye yeni giren  isimler aras\u0131nda Dan\u0131\u015ftay\u2019da tetkik h\u00e2kim olarak g\u00f6rev yapan Engin \u00c7akmak da yer ald\u0131. Mahkeme de m\u00fcfetti\u015flerin t\u00fcm taleplerini kabul ederek, karar alt\u0131na ald\u0131. B\u00f6ylece, Yarg\u0131tay ve adliyelerden sonra Dan\u0131\u015ftay da ortam dinlemesinin hedefi haline geldi. Yarg\u0131\u00e7 ve savc\u0131lar\u0131n telefonlar\u0131n\u0131n dinlenmesine olanak sa\u011flayan y\u00f6netmeli\u011fin iptali i\u00e7in a\u00e7\u0131lan dava ise halen Dan\u0131\u015ftay\u2019da g\u00f6r\u00fcl\u00fcyor.<\/p>\n<p style=\"text-align: justify;\"><strong><em>Yarg\u0131tay incelemesi tamam<\/em><\/strong><\/p>\n<p style=\"text-align: justify;\">Yarg\u0131tay Ba\u015fkanl\u0131\u011f\u0131, Sincan 1. A\u011f\u0131r Ceza Mahkemesi\u2019ne g\u00f6nderilen Telekom\u00fcnikasyon \u0130leti\u015fim Ba\u015fkanl\u0131\u011f\u0131 (T\u0130B) kay\u0131tlar\u0131nda Yarg\u0131tay 1. Ba\u015fkanl\u0131\u011f\u0131\u2019na ait ana santral telefonlar\u0131n\u0131n da dinlendi\u011finin ortaya \u00e7\u0131kmas\u0131n\u0131n ard\u0131ndan ba\u015flatt\u0131\u011f\u0131 incelemeyi tamamlayarak, Ankara Cumhuriyet Ba\u015fsavc\u0131l\u0131\u011f\u0131\u2019na su\u00e7 duyurusunda bulundu\u011fu ortaya \u00e7\u0131kt\u0131.<\/p>\n<p style=\"text-align: justify;\">Su\u00e7 duyurusu dilek\u00e7esinde, sorumlular\u0131n tespit edilerek haklar\u0131nda yasal i\u015flemin yap\u0131lmas\u0131 istendi.<\/p>\n<p style=\"text-align: justify;\">Ba\u015fsavc\u0131l\u0131k da, su\u00e7 duyurusunu i\u015fleme koyarak, soru\u015fturma ba\u015flatt\u0131. Soru\u015fturma sonunda sorumlular hakk\u0131nda dava a\u00e7\u0131labilecek.<\/p>\n<p style=\"text-align: justify;\"><span style=\"color: #888888;\">G\u00f6k\u00e7er Tahincio\u011flu &#8211; ANKARA\u00a0 ( Milliyet )<\/span><\/p>\n","protected":false},"excerpt":{"rendered":"<p style=\"text-align: justify;\">\n<p style=\"text-align: justify;\">Dan\u0131\u015ftay tetkik h\u00e2kimi Engin \u00c7akmak hakk\u0131nda \u2018teknik takip\u2019 karar\u0131 oldu\u011fu ortaya \u00e7\u0131kt\u0131. B\u00f6ylece, Engin \u00c7akmak\u2019\u0131n g\u00f6rev yapt\u0131\u011f\u0131 Dan\u0131\u015ftay da Yarg\u0131tay\u2019dan sonra dinleme yap\u0131lan kurumlardan biri oldu. <\/p>\n","protected":false},"author":1,"featured_media":0,"comment_status":"open","ping_status":"closed","sticky":false,"template":"","format":"standard","meta":{"footnotes":""},"categories":[105],"tags":[],"class_list":["post-17330","post","type-post","status-publish","format-standard","hentry","category-gundem","odd"],"_links":{"self":[{"href":"http:\/\/www.korhanyilmaz.com\/index.php?rest_route=\/wp\/v2\/posts\/17330","targetHints":{"allow":["GET"]}}],"collection":[{"href":"http:\/\/www.korhanyilmaz.com\/index.php?rest_route=\/wp\/v2\/posts"}],"about":[{"href":"http:\/\/www.korhanyilmaz.com\/index.php?rest_route=\/wp\/v2\/types\/post"}],"author":[{"embeddable":true,"href":"http:\/\/www.korhanyilmaz.com\/index.php?rest_route=\/wp\/v2\/users\/1"}],"replies":[{"embeddable":true,"href":"http:\/\/www.korhanyilmaz.com\/index.php?rest_route=%2Fwp%2Fv2%2Fcomments&post=17330"}],"version-history":[{"count":0,"href":"http:\/\/www.korhanyilmaz.com\/index.php?rest_route=\/wp\/v2\/posts\/17330\/revisions"}],"wp:attachment":[{"href":"http:\/\/www.korhanyilmaz.com\/index.php?rest_route=%2Fwp%2Fv2%2Fmedia&parent=17330"}],"wp:term":[{"taxonomy":"category","embeddable":true,"href":"http:\/\/www.korhanyilmaz.com\/index.php?rest_route=%2Fwp%2Fv2%2Fcategories&post=17330"},{"taxonomy":"post_tag","embeddable":true,"href":"http:\/\/www.korhanyilmaz.com\/index.php?rest_route=%2Fwp%2Fv2%2Ftags&post=17330"}],"curies":[{"name":"wp","href":"https:\/\/api.w.org\/{rel}","templated":true}]}}