{"id":17314,"date":"2009-12-26T15:12:13","date_gmt":"2009-12-26T13:12:13","guid":{"rendered":"http:\/\/www.korhanyilmaz.com\/?p=17314"},"modified":"2009-12-26T15:12:13","modified_gmt":"2009-12-26T13:12:13","slug":"basbakanlikta-surpriz-zirve","status":"publish","type":"post","link":"http:\/\/www.korhanyilmaz.com\/?p=17314","title":{"rendered":"Ba\u015fbakanl\u0131k&#039;ta s\u00fcrpriz zirve"},"content":{"rendered":"<p style=\"text-align: justify;\"><a href=\"http:\/\/www.korhanyilmaz.com\/wp-content\/uploads\/2009\/12\/2009-12-27_091951.jpg\"  class=\"lightview\"><img loading=\"lazy\" decoding=\"async\" class=\"aligncenter size-full wp-image-17315\" src=\"http:\/\/www.korhanyilmaz.com\/wp-content\/uploads\/2009\/12\/2009-12-27_091951.jpg\" alt=\"\" width=\"296\" height=\"176\" \/><\/a><\/p>\n<p style=\"text-align: justify;\">Ba\u015fbakan Yard\u0131mc\u0131s\u0131 Ar\u0131n\u00e7\u2019a suikast iddialar\u0131yla ilgili &#8216;\u00d6zel Kuvvetler&#8217;e bask\u0131n d\u00fczenlenerek 8 askerin g\u00f6zalt\u0131na al\u0131nmas\u0131n\u0131n ard\u0131ndan Genelkurmay Ba\u015fkan\u0131 \u0130lker Ba\u015fbu\u011f, Ba\u015fbakanl\u0131k\u2019a gelerek Erdo\u011fan ile \u00fc\u00e7 saat g\u00f6r\u00fc\u015ft\u00fc.<\/p>\n<p style=\"text-align: justify;\">Milli G\u00fcvenlik Kurulu&#8217;na (MGK) haz\u0131rl\u0131k toplant\u0131s\u0131 \u00f6ncesi Ba\u015fbakan Recep Tayyip Erdo\u011fan, sabah saatlerinde Ba\u015fbakanl\u0131k Resmi Konutu&#8217;na geldi. <!--more--><\/p>\n<p style=\"text-align: justify;\">Toplant\u0131ya MGK \u00fcyesi bakanlar\u0131n gelmesi bekleniyordu ki, Genelkurmay Ba\u015fkan\u0131 Orgeneral \u0130lker Ba\u015fbu\u011f ve Kara Kuvvetleri Komutan\u0131 I\u015f\u0131k Ko\u015faner\u2019in ara\u00e7lar\u0131 s\u00fcrpriz bir \u015fekilde resmi konuta giri\u015f yapt\u0131.<\/p>\n<p style=\"text-align: justify;\">Orgeneral Ba\u015fbu\u011f&#8217;un resmi konuta giri\u015fi s\u00fcrprizdi, \u00e7\u00fcnk\u00fc Org. Ba\u015fbu\u011f iki g\u00fcn \u00f6nce Ba\u015fbakan Erdo\u011fan&#8217;la 2 saat s\u00fcren haftal\u0131k ola\u011fan g\u00f6r\u00fc\u015fmesini yapm\u0131\u015ft\u0131.<\/p>\n<p style=\"text-align: justify;\">Org. Ba\u015fbu\u011f ve Ba\u015fbakan Erdo\u011fan Pazartesi g\u00fcnk\u00fc MGK\u2019da yeniden biraraya gelecekti.<\/p>\n<p style=\"text-align: justify;\">\u00d6zel Kuvvetler Komutanl\u0131\u011f\u0131&#8217;na yap\u0131lan bask\u0131n\u0131n ard\u0131ndan ger\u00e7ekle\u015fen 3 saatlik g\u00f6r\u00fc\u015fmede bu konunun ele al\u0131nm\u0131\u015f olmas\u0131 ihtimali i\u015fte bu y\u00fczden a\u011f\u0131rl\u0131k kazand\u0131.<\/p>\n<p style=\"text-align: justify;\">Ba\u015fbakan Erdo\u011fan, Org. Ba\u015fbu\u011f ve Org. Ko\u015faner&#8217;in \u00fc\u00e7l\u00fc g\u00f6r\u00fc\u015fmesi tam \u00fc\u00e7 saat s\u00fcrd\u00fc.<\/p>\n<p style=\"text-align: justify;\"><strong><em>BA\u015eBAKANLIK: \u0130\u00c7 VE DI\u015e G\u00dcVENL\u0130\u011e\u0130 G\u00d6R\u00dc\u015eT\u00dcK<\/em><\/strong><\/p>\n<p style=\"text-align: justify;\">G\u00f6r\u00fc\u015fme sonras\u0131 Ba\u015fbakanl\u0131k&#8217;tan yap\u0131lan a\u00e7\u0131klamada ise h\u00fck\u00fcmet \u00fcyelerine suikast iddialar\u0131na ili\u015fkin soru\u015fturmayla ilgili herhangi bir bilgi yer almad\u0131, &#8220;i\u00e7 ve d\u0131\u015f g\u00fcvenlik konular\u0131 ele al\u0131nd\u0131&#8221; denildi.<\/p>\n<p style=\"text-align: justify;\"><em><strong>A\u00c7ILIM S\u00dcREC\u0130<\/strong><\/em><\/p>\n<p style=\"text-align: justify;\">Ba\u015fbu\u011f ve Ko\u015faner&#8217;in konuttan ayr\u0131lmas\u0131n\u0131n ard\u0131ndan ise Ba\u015fbakan Erdo\u011fan, MGK \u00fcyesi bakanlarla biraraya geldi.<\/p>\n<p style=\"text-align: justify;\">Toplant\u0131da Mahmur Kamp\u0131\u2019n\u0131n bo\u015falt\u0131lmas\u0131, Demokratik A\u00e7\u0131l\u0131m s\u00fcrecinde ya\u015fanan s\u0131k\u0131nt\u0131lar ile s\u0131n\u0131r g\u00fcvenli\u011fi ve kapat\u0131lan DTP&#8217;nin 7 belediye ba\u015fkan\u0131n\u0131n g\u00f6zalt\u0131na al\u0131nd\u0131\u011f\u0131 KCK operasyonu de\u011ferlendirildi.<\/p>\n<p style=\"text-align: justify;\">Toplant\u0131n\u0131n ard\u0131ndan 45 dakika konutta \u00e7al\u0131\u015fan Erdo\u011fan, Ba\u015fbakanl\u0131k M\u00fcste\u015far\u0131 Efkan Ala ile resmi konuttan ayr\u0131ld\u0131.<\/p>\n<p style=\"text-align: justify;\"><strong><em>&#8216;BAZI SUALLERE CEVAP VEREMED\u0130K&#8217;<\/em><\/strong><\/p>\n<p style=\"text-align: justify;\">Genelkurmay Ba\u015fkan\u0131 Ba\u015fbu\u011f, d\u00fcn yapt\u0131\u011f\u0131 a\u00e7\u0131klamada, \u015f\u00f6yle konu\u015fmu\u015ftu: &#8220;Belki baz\u0131 suallere cevap verememi\u015f olabiliriz. Netice olarak bug\u00fcn itibar\u0131yla buna ilave edece\u011fimiz ba\u015fka herhangi bir \u015fey yok. Yeri geldi\u011fi zaman belki tamamlay\u0131c\u0131 bilgiler verme durumumuz olabilir.&#8221;<\/p>\n<p style=\"text-align: justify;\"><strong><em>&#8216;\u00d6ZEL KUVVETLER&#8217;E BASKIN<\/em><\/strong><\/p>\n<p style=\"text-align: justify;\">Yakla\u015f\u0131k 10 g\u00fcn \u00f6nce Ba\u015fbakan Yard\u0131mc\u0131s\u0131 Ar\u0131n\u00e7\u2019a suikast planlad\u0131klar\u0131 iddia edilen iki asker g\u00f6zalt\u0131na al\u0131nm\u0131\u015f, daha sonra serbest b\u0131rak\u0131lm\u0131\u015ft\u0131.<\/p>\n<p style=\"text-align: justify;\">Genelkurmay Ba\u015fkanl\u0131\u011f\u0131, yapt\u0131\u011f\u0131 a\u00e7\u0131klamada, Ar\u0131n\u00e7&#8217;\u0131n evinin yak\u0131n\u0131nda yakalanan iki askerin, bilgi s\u0131zd\u0131ran bir askeri izlemek i\u00e7in orada bulundu\u011fu belirtmi\u015fti.<\/p>\n<p style=\"text-align: justify;\">Soru\u015fturma kapsam\u0131nda d\u00fcn Seferberlik Tetkik Dairesi Ankara B\u00f6lge Ba\u015fkanl\u0131\u011f\u0131\u2019nda s\u00f6zkonusu iki askerin \u00e7al\u0131\u015fma odalar\u0131nda arama yap\u0131ld\u0131.<\/p>\n<p style=\"text-align: justify;\">Sabaha kadar s\u00fcren aramalar\u0131n ard\u0131ndan 8 asker g\u00f6zalt\u0131na al\u0131nd\u0131.<\/p>\n<p style=\"text-align: justify;\"><span style=\"color: #888888;\">ntvmsnbc ve Ajanslar<\/span><\/p>\n","protected":false},"excerpt":{"rendered":"<p style=\"text-align: justify;\">\n<p style=\"text-align: justify;\">Ba\u015fbakan Yard\u0131mc\u0131s\u0131 Ar\u0131n\u00e7\u2019a suikast iddialar\u0131yla ilgili &#8216;\u00d6zel Kuvvetler&#8217;e bask\u0131n d\u00fczenlenerek 8 askerin g\u00f6zalt\u0131na al\u0131nmas\u0131n\u0131n ard\u0131ndan Genelkurmay Ba\u015fkan\u0131 \u0130lker Ba\u015fbu\u011f, Ba\u015fbakanl\u0131k\u2019a gelerek Erdo\u011fan ile \u00fc\u00e7 saat g\u00f6r\u00fc\u015ft\u00fc.<\/p>\n<p style=\"text-align: justify;\">Milli G\u00fcvenlik Kurulu&#8217;na (MGK) haz\u0131rl\u0131k toplant\u0131s\u0131 \u00f6ncesi Ba\u015fbakan Recep Tayyip Erdo\u011fan, sabah saatlerinde Ba\u015fbakanl\u0131k Resmi Konutu&#8217;na geldi. <\/p>\n","protected":false},"author":1,"featured_media":0,"comment_status":"open","ping_status":"closed","sticky":false,"template":"","format":"standard","meta":{"footnotes":""},"categories":[105],"tags":[],"class_list":["post-17314","post","type-post","status-publish","format-standard","hentry","category-gundem","odd"],"_links":{"self":[{"href":"http:\/\/www.korhanyilmaz.com\/index.php?rest_route=\/wp\/v2\/posts\/17314","targetHints":{"allow":["GET"]}}],"collection":[{"href":"http:\/\/www.korhanyilmaz.com\/index.php?rest_route=\/wp\/v2\/posts"}],"about":[{"href":"http:\/\/www.korhanyilmaz.com\/index.php?rest_route=\/wp\/v2\/types\/post"}],"author":[{"embeddable":true,"href":"http:\/\/www.korhanyilmaz.com\/index.php?rest_route=\/wp\/v2\/users\/1"}],"replies":[{"embeddable":true,"href":"http:\/\/www.korhanyilmaz.com\/index.php?rest_route=%2Fwp%2Fv2%2Fcomments&post=17314"}],"version-history":[{"count":0,"href":"http:\/\/www.korhanyilmaz.com\/index.php?rest_route=\/wp\/v2\/posts\/17314\/revisions"}],"wp:attachment":[{"href":"http:\/\/www.korhanyilmaz.com\/index.php?rest_route=%2Fwp%2Fv2%2Fmedia&parent=17314"}],"wp:term":[{"taxonomy":"category","embeddable":true,"href":"http:\/\/www.korhanyilmaz.com\/index.php?rest_route=%2Fwp%2Fv2%2Fcategories&post=17314"},{"taxonomy":"post_tag","embeddable":true,"href":"http:\/\/www.korhanyilmaz.com\/index.php?rest_route=%2Fwp%2Fv2%2Ftags&post=17314"}],"curies":[{"name":"wp","href":"https:\/\/api.w.org\/{rel}","templated":true}]}}