{"id":17311,"date":"2009-12-27T09:07:18","date_gmt":"2009-12-27T07:07:18","guid":{"rendered":"http:\/\/www.korhanyilmaz.com\/?p=17311"},"modified":"2009-12-27T09:07:18","modified_gmt":"2009-12-27T07:07:18","slug":"gelecek-secimin-kaderini-kucumsenen-kucuk-siyasi-aktorler-belirleyecek","status":"publish","type":"post","link":"http:\/\/www.korhanyilmaz.com\/?p=17311","title":{"rendered":"Gelecek se\u00e7imin kaderini, k\u00fc\u00e7\u00fcmsenen k\u00fc\u00e7\u00fck siyasi akt\u00f6rler belirleyecek"},"content":{"rendered":"<p><a href=\"http:\/\/www.korhanyilmaz.com\/wp-content\/uploads\/2009\/12\/ders.jpg\"  class=\"lightview\"><img loading=\"lazy\" decoding=\"async\" class=\"aligncenter size-full wp-image-17310\" title=\"ders\" src=\"http:\/\/www.korhanyilmaz.com\/wp-content\/uploads\/2009\/12\/ders.jpg\" alt=\"\" width=\"320\" height=\"100\" \/><\/a><\/p>\n<p style=\"text-align: justify;\">\u0130sabetli tahminleriyle tan\u0131nan A&amp;G ara\u015ft\u0131rma \u015eirketi&#8221;nin sahibi Adil G\u00fcr gelecek se\u00e7imlerde ortaya \u00e7\u0131kabilecek tabloyu ve \u00f6ng\u00f6r\u00fclerini payla\u015ft\u0131.<\/p>\n<p style=\"text-align: justify;\">A&amp;G Ara\u015ft\u0131rma \u015eirketi\u2019nin sahibi Adil G\u00fcr, 29 Mart se\u00e7imlerinin sonu\u00e7lar\u0131n\u0131 noktas\u0131 virg\u00fcl\u00fcne do\u011fru tahmin eden ara\u015ft\u0131rmac\u0131n\u0131n ta kendisi. E\u015fi Naile Han\u0131m\u2019la yerel se\u00e7imlerden hemen sonra sohbet etmi\u015f, G\u00fcr ailesini yak\u0131ndan tan\u0131ma f\u0131rsat\u0131 bulmu\u015ftum.<!--more--> \u201c2010\u2019da erken se\u00e7im olabilir\u201d diyen Adil G\u00fcr\u2019\u00fc bu kez 2009\u2019un son g\u00fcnlerinde \u201cK\u00fcrt a\u00e7\u0131l\u0131m\u0131, DTP\u2019nin kapat\u0131lmas\u0131, kutupla\u015fma\u201d \u00fczerine konu\u015fmak i\u00e7in arad\u0131m. \u201cKahin de\u011filim kehanette bulunay\u0131m\u201d dedi. \u201cHakl\u0131s\u0131n\u0131z, ben de zaten elinize k\u00fcre verip neler olacak diye sormayaca\u011f\u0131m, ancak halk\u0131n nabz\u0131n\u0131 yak\u0131ndan takip eden biri olarak e\u011filimlerin ne y\u00f6nde oldu\u011funu, partilerin oylar\u0131ndaki oynamalar\u0131, siyasette \u00f6n plana \u00e7\u0131kmaya haz\u0131rlananlar\u0131, bekleyenleri size sormak istiyorum\u201d dedim. Bahariye\u2019deki ofisinde bulu\u015ftuk. Adil G\u00fcr, bug\u00fcn bir ara\u015ft\u0131rmaya ba\u015fl\u0131yor. Ara\u015ft\u0131rmay\u0131 da DSP i\u00e7in yapacak. Siyasi bir ara\u015ft\u0131rma de\u011fil. Tam 3 bin 200 hanede i\u015fsizler ara\u015ft\u0131rmas\u0131 yapacak. \u0130\u015fsizler ordusunun profili bu ara\u015ft\u0131rmada ortaya \u00e7\u0131kacak. Adil Bey\u2019in deyimiyle, \u201cBu i\u015fsizler ne yer ne i\u00e7er, \u00e7oluklar\u0131 \u00e7ocuklar\u0131 ne yapar, ne zaman i\u015fsiz kalm\u0131\u015flar&#8230;\u201d Bunlar \u00e7\u0131kacak bu ara\u015ft\u0131rmadan. Ve daha sonra DSP ile birlikte ara\u015ft\u0131rman\u0131n sonu\u00e7lar\u0131n\u0131 kamuoyuyla payla\u015facaklar. Adil G\u00fcr\u2019e g\u00f6re ekonomi, \u00f6n\u00fcm\u00fczdeki se\u00e7imlere damga vuracak.<\/p>\n<p style=\"text-align: justify;\"><strong><em>Sizce T\u00fcrkiye\u2019nin \u015fu g\u00fcnlerdeki en b\u00fcy\u00fck sorunu nedir? <\/em><\/strong><\/p>\n<p style=\"text-align: justify;\">Yoksulluk ve i\u015fsizlik. n \u201cKutupla\u015fma\u201d diyenler var; \u201cT\u00fcrkiye iyi bir yere gitmiyor\u201d g\u00f6r\u00fc\u015f\u00fcn\u00fc savunanlar var. Sizce T\u00fcrkiye nereye gidiyor?<\/p>\n<p style=\"text-align: justify;\">Bence se\u00e7menlerin oy vermelerinin k\u0131stas\u0131 ekonomiden ge\u00e7iyor. AK Parti neden oy ald\u0131? Birincisi sa\u011fl\u0131k politikas\u0131ndan, ikincisi TOK\u0130\u2019lerden, \u00fc\u00e7\u00fcnc\u00fcs\u00fc de okullardaki \u00fccretsiz kitap ve defter uygulamalar\u0131ndan. Bir de fakir fukaraya yap\u0131lan yard\u0131mlarla oylar geldi. Yani sonu\u00e7lar\u0131 ideoloji de\u011fil ekonomi belirliyor.<\/p>\n<p style=\"text-align: justify;\"><strong><em>Kutupla\u015fma se\u00e7imlere damgas\u0131n\u0131 vurmaz m\u0131? <\/em><\/strong><\/p>\n<p style=\"text-align: justify;\">T\u00fcrkiye birka\u00e7 y\u0131ld\u0131r kutupla\u015fma siyasetiyle y\u00f6netiliyor. Bu t\u00fcrbanla ba\u015flad\u0131 ve devam etti. Son olarak da \u2018demokratik a\u00e7\u0131l\u0131m\u2019. Kutupla\u015fma siyaseti san\u0131ld\u0131\u011f\u0131 gibi partilere oy getirmiyor. Halk cebine bak\u0131yor.<\/p>\n<p style=\"text-align: justify;\"><strong><em>2001 krizinden sonra bunu ya\u015fad\u0131k. Halk 2001 krizinin nedeni olarak g\u00f6rd\u00fc\u011f\u00fc partileri sildi&#8230; <\/em><\/strong><\/p>\n<p style=\"text-align: justify;\">T\u00fcrkiye\u2019de darbe ve postmodern darbeler d\u0131\u015f\u0131nda se\u00e7imlerin sonucunu hep ekonomi belirler.<\/p>\n<p style=\"text-align: justify;\"><strong><em>K\u00fcrt a\u00e7\u0131l\u0131m\u0131 PKK\u2019y\u0131 tasfiye s\u00fcrecine d\u00f6nd\u00fc<br \/>\n<\/em><\/strong><\/p>\n<p style=\"text-align: justify;\"><strong><em>\u015eu anda \u2018demokratik a\u00e7\u0131l\u0131m\u2019 devam edebilir mi ya da nas\u0131l devam edecek?<\/em><\/strong><\/p>\n<p style=\"text-align: justify;\">K\u00fcrt a\u00e7\u0131l\u0131m\u0131 \u015fu anda PKK\u2019y\u0131 tasfiye etme s\u00fcreci haline geldi. H\u00fck\u00fcmetin eylemlerine bakt\u0131\u011f\u0131m\u0131zda bunu g\u00f6r\u00fcyoruz. T\u00fcrkiye son d\u00f6nemde sokak g\u00f6sterilerine \u015fahit oldu. Bu nedenle Abdullah \u00d6calan\u2019\u0131n cezaevindeki ya\u015fama \u015fartlar\u0131 bahane ediliyor. \u201cT\u00fcrkiye ve Amerika siz karar verdiniz ama PKK\u2019y\u0131 muhatap almadan bu sorunu \u00e7\u00f6zemezsiniz\u201d diyor PKK. \u201cSorunun muhatab\u0131 benim\u201d diyor. Geldi\u011fimiz noktada her ne kadar olumlu g\u00f6r\u00fc\u015fmeler yokmu\u015f gibi g\u00f6r\u00fcnse de \u00f6n\u00fcm\u00fczdeki d\u00f6nemde Kandil ve Mahmur\u2019dan T\u00fcrkiye\u2019ye geli\u015flerin artabilece\u011fini ve bunun da T\u00fcrkiye\u2019de ter\u00f6r bitiyor alg\u0131s\u0131n\u0131 olu\u015fturabilece\u011fini d\u00fc\u015f\u00fcn\u00fcyorum. T\u00fcrkiye\u2019de kim \u201cTer\u00f6r bitmesin kan aks\u0131n\u201d der.<\/p>\n<p style=\"text-align: justify;\"><strong><em>CHP, MHP ma\u00e7\u0131nda AK Parti hep \u015fampiyon olur. <\/em><\/strong><\/p>\n<p style=\"text-align: justify;\"><strong><em>Aleviler\u2019in oyu art\u0131k CHP\u2019ye gitmez mi? Onur \u00d6ymen\u2019in Dersim de\u011ferlendirmesinden sonra Aleviler adres de\u011fi\u015ftirir mi? <\/em><\/strong><\/p>\n<p style=\"text-align: justify;\">Cumhuriyet tarihi boyunca \u201cAleviyim\u201d diyenlerin y\u00fczde 80\u2019i CHP\u2019ye oy verdi. 29 Mart se\u00e7imlerinden sonra yap\u0131lan bir ara\u015ft\u0131rmada her 100 Alevi\u2019den 70\u2019i \u201cCHP\u2019ye oy veriyorum\u201d dedi. Son Dersim \u00e7\u0131k\u0131\u015f\u0131 oy g\u00f6t\u00fcr\u00fcr m\u00fc? Burada Alevilerden oy kayb\u0131 olaca\u011f\u0131 a\u00e7\u0131kt\u0131r ama di\u011fer yandan da getirece\u011fi oya da bakmak laz\u0131m. Kay\u0131p ne kadar olur, gelen oy ne kadar g\u00f6rmek gerekiyor. Dersim \u00e7\u0131k\u0131\u015f\u0131ndan sonra Alevi se\u00e7menlerle ilgili farkl\u0131 s\u00f6ylemi olsayd\u0131 CHP\u2019nin, belki de Alevi oylar\u0131n\u0131 kaybetmeyecekti.<\/p>\n<p style=\"text-align: justify;\"><strong><em>CHP kimden oy al\u0131yor? Kimlerden oy alacak \u00f6n\u00fcm\u00fczdeki d\u00f6nemde? <\/em><\/strong><\/p>\n<p style=\"text-align: justify;\">Deniz Bey bana k\u0131zacak ama s\u00f6yleyeyim. CHP ile MHP iktidar olmak istemiyor. T\u00fcrkiye\u2019nin sorunu iktidar de\u011fil muhalefet sorunu. AK Parti kabul edin etmeyin merkezdeki oylar\u0131 al\u0131yor. Merkezde ba\u015fka parti g\u00f6r\u00fcnm\u00fcyor.<\/p>\n<p style=\"text-align: justify;\"><strong><em>AK Parti rakipsiz&#8230; <\/em><\/strong><\/p>\n<p style=\"text-align: justify;\">Sonu\u00e7ta MHP, CHP ve AK Parti aras\u0131nda yap\u0131lan ma\u00e7larda AK Parti hep \u015fampiyon olacakt\u0131r.<\/p>\n<p style=\"text-align: justify;\"><strong><em>2010 ve 2011\u2019de yeni parti olu\u015fumlar\u0131 devreye girdi\u011finde foto\u011fraf nas\u0131l olur? <\/em><\/strong><\/p>\n<p style=\"text-align: justify;\">2\u2019inci ligteki tak\u0131mlar\u0131n yeni kadrolarla birle\u015fmeler sonucunda, nas\u0131l yol alaca\u011f\u0131na da bakmak laz\u0131m. T\u00fcrkiye\u2019deki se\u00e7men \u201cOy verecek parti yok yine de k\u00f6t\u00fcn\u00fcn iyisi bunlar\u201d diyor.<\/p>\n<p style=\"text-align: justify;\"><strong><em>2012 y\u0131l\u0131nda AK Partili Cumhurba\u015fkan\u0131 se\u00e7ilemez <\/em><\/strong><\/p>\n<p style=\"text-align: justify;\">T\u00fcrkiye bu gerilim s\u00fcreciyle devam ederse 2012 y\u0131l\u0131nda AK Partili cumhurba\u015fkan\u0131 se\u00e7ilemez. Halk\u0131n y\u00fczde 50\u2019sinden fazlas\u0131 kutupla\u015fma ortam\u0131nda AK Partili birini se\u00e7mez. Se\u00e7men ge\u00e7i\u015flili\u011fi olmazsa oy al\u0131rlar, kutupla\u015fma siyasetiyle halk taraf\u0131ndan se\u00e7ilemezler.<\/p>\n<p style=\"text-align: justify;\"><strong><em>CHP toplumun de\u011fer yarg\u0131lar\u0131yla bar\u0131\u015f\u0131k de\u011fil<br \/>\n<\/em><\/strong><\/p>\n<p style=\"text-align: justify;\"><strong><em>CHP ve MHP alternatif de\u011fil&#8230; <\/em><\/strong><\/p>\n<p style=\"text-align: justify;\">CHP bu toplumun de\u011fer yarg\u0131lar\u0131yla bar\u0131\u015f\u0131k de\u011fil. Genel ba\u015fkan yard\u0131mc\u0131s\u0131 m\u00fcsl\u00fcmanlar\u0131n \u00e7o\u011funlukta oldu\u011fu bir toplumda, o insanlar\u0131n peygamberi ve Kabesi\u2019yle ilgili konu\u015fuyor. Sonra bir ba\u015fka partili \u201cDersim\u201d diyor. CHP nereden oy al\u0131yor? Kad\u0131k\u00f6y, Etiler, \u00c7ankaya&#8230; T\u00fcrkiye\u2019de bunlardan ka\u00e7 tane var?<\/p>\n<p style=\"text-align: justify;\"><strong><em>Son yerel se\u00e7imlerde \u0130stanbul\u2019daki performans bunun aksinin de olabilece\u011fini g\u00f6stermedi mi? <\/em><\/strong><\/p>\n<p style=\"text-align: justify;\">Kesinlikle g\u00f6sterdi. Ey\u00fcp gibi bir yerde 5 bin oyla kaybettiler. \u0130stanbul\u2019da K\u0131l\u0131\u00e7daro\u011flu\u2019na ve Antalya\u2019da CHP\u2019ye oy verenler aras\u0131nda \u00e7ok K\u00fcrt vard\u0131. CHP K\u00fcrtleri ve Alevileri, inananlar\u0131 k\u00fcst\u00fcrd\u00fc. CHP \u0130stanbul\u2019da G\u00fcrsel Tekin ve Kemal K\u0131l\u0131\u00e7daro\u011flu\u2019yla toplumun her kesimiyle bar\u0131\u015fma projesini T\u00fcrkiye geneline uygulasayd\u0131 iktidar \u015fans\u0131 vard\u0131.<\/p>\n<p style=\"text-align: justify;\"><strong><em>MHP kad\u0131nlardan oy alam\u0131yor<br \/>\n<\/em><\/strong><\/p>\n<p style=\"text-align: justify;\"><strong><em>MHP iktidar olmak istemiyor mu? <\/em><\/strong><\/p>\n<p style=\"text-align: justify;\">MHP ile ilgili kamuoyu alg\u0131s\u0131 ara\u015ft\u0131rmas\u0131na ihtiya\u00e7 var. \u00dcslubu \u00e7ok sert. Merkezdeki se\u00e7menler dahi tedirgin oluyor. T\u00fcrkiye\u2019de her iki se\u00e7menden biri kad\u0131n. MHP kad\u0131nlardan oy alam\u0131yor.<\/p>\n<p style=\"text-align: justify;\"><strong><em>Ama gen\u00e7lerden al\u0131yor&#8230; <\/em><\/strong><\/p>\n<p style=\"text-align: justify;\">MHP\u2019ye verilen her 100 oyun 50\u2019si, 27 ya\u015f alt\u0131. Her 2 gen\u00e7ten biri hayat\u0131n\u0131n bir d\u00f6neminde MHP\u2019ye oy veriyor ancak bu ki\u015filer aile kurduklar\u0131nda, i\u015f g\u00fc\u00e7 sahibi olduklar\u0131nda MHP\u2019ye oy vermiyorlar. MHP\u2019ye aile reisleri oy vermiyor.<\/p>\n<p style=\"text-align: justify;\"><strong><em>2\u2019nci ligten y\u00fckselebilecek partiler ya da birle\u015fmeler mi gelece\u011fin siyasi akt\u00f6rlerini belirleyecek? <\/em><\/strong><\/p>\n<p style=\"text-align: justify;\">T\u00fcrkiye\u2019de yok say\u0131lan partilerin oylar\u0131 bir araya geldi\u011finde \u00f6nemli bir oy oran\u0131 ortaya \u00e7\u0131k\u0131yor. 2002 se\u00e7imlerinde se\u00e7menin iradesinin y\u00fczde 46\u2019s\u0131 Meclis d\u0131\u015f\u0131nda kald\u0131. 2002 se\u00e7imlerinde bu nedenle AK Parti y\u00fczde 35\u2019le iktidar oldu.<\/p>\n<p style=\"text-align: justify;\"><strong><em>Erdo\u011fan olmazsa AK Parti de olmaz <\/em><\/strong><\/p>\n<p style=\"text-align: justify;\">AK Parti\u2019ye oy verenlerin y\u00fczde 63\u2019\u00fc \u201cTayyip\u00e7iyim\u201d diyor. O nedenle Tayyip Erdo\u011fan olmazsa AK Parti de olmaz. Erdo\u011fans\u0131z AK Parti y\u00fcr\u00fcmez&#8230;<\/p>\n<p style=\"text-align: justify;\"><strong><em>2010 sonbahar\u0131nda erken se\u00e7im olur<br \/>\n<\/em><\/strong><\/p>\n<p style=\"text-align: justify;\"><strong><em>AK Parti yeniden tek ba\u015f\u0131na iktidar olabilir mi? <\/em><\/strong><\/p>\n<p style=\"text-align: justify;\">Erken yap\u0131lacak se\u00e7imde se\u00e7menin ne kadar\u0131n\u0131n Meclis\u2019te temsil edilece\u011fini se\u00e7im sonucu belirleyecek. Se\u00e7men iradesinin y\u00fczde 80- 85\u2019i yans\u0131r ise y\u00fczde 35 ile iktidar olamazs\u0131n\u0131z. Se\u00e7menin y\u00fczde 35\u2019inin temsil edilmedi\u011fi se\u00e7imde y\u00fczde 33 ile iktidar olabilirsiniz. AK Parti\u2019nin kaderini ve \u00f6n\u00fcm\u00fczdeki se\u00e7imin kaderini bug\u00fcn iktidar\u0131n ve ana muhalefetin k\u00fc\u00e7\u00fcmsedi\u011fi k\u00fc\u00e7\u00fck siyasi akt\u00f6rler belirleyecek.<\/p>\n<p style=\"text-align: justify;\">Se\u00e7ime do\u011fru parti birle\u015fmelerinin olabilece\u011fini d\u00fc\u015f\u00fcn\u00fcyorum. 2010\u2019dan 6 ay sonras\u0131 2011 Haziran\u2019\u0131 se\u00e7im zaman\u0131. Erken se\u00e7im de olabilir. Her ne kadar Ba\u015fbakan erken se\u00e7im isteyenleri vatan haini olarak g\u00f6rse de ben se\u00e7imin 2010\u2019un sonbahar\u0131nda olabilece\u011fini d\u00fc\u015f\u00fcn\u00fcyorum. Se\u00e7im demokrasiler i\u00e7in \u00e7\u0131k\u0131\u015f noktas\u0131d\u0131r. Toplumdaki gerilimi d\u00fc\u015f\u00fcrmede \u00f6nemli bir rol\u00fc vard\u0131r se\u00e7imin. Se\u00e7im \u00e7aredir.<\/p>\n<p style=\"text-align: justify;\"><strong><em>AK Parti, IMF\u2019den 40-50 milyar dolar s\u00f6z\u00fc al\u0131rsa erken se\u00e7ime gider<br \/>\n<\/em><\/strong><\/p>\n<p style=\"text-align: justify;\"><strong><em>AK Parti erken se\u00e7ime gider mi? <\/em><\/strong><\/p>\n<p style=\"text-align: justify;\">AK Parti kendini g\u00fc\u00e7l\u00fc hissetti\u011fi zamanda se\u00e7ime gider. \u00d6n\u00fcm\u00fczdeki aylarda Mahmur\u2019dan ve Kandil\u2019den binlerce ki\u015fi gelir, ter\u00f6r bitiyor alg\u0131s\u0131 olu\u015fursa bir de IMF\u2019nin 40-50 milyar Dolar\u2019\u0131n\u0131n T\u00fcrkiye i\u00e7in haz\u0131r oldu\u011fu konu\u015fulursa, AK Parti se\u00e7ime gidebilir. K\u0131sacas\u0131 \u2019ter\u00f6r bitiyor\u2019 alg\u0131s\u0131yla birlikte ekonomide de bir iyile\u015fme, ta\u00e7lanma olursa se\u00e7im gelir. Tabii bu ne kadar oy getirecek? A\u00e7\u0131l\u0131m s\u00fcreci ba\u015flad\u0131\u011f\u0131nda AK Parti\u2019nin y\u00fczde 60 oy alaca\u011f\u0131n\u0131 s\u00f6yleyenler vard\u0131. A\u00e7\u0131l\u0131m s\u00fcreci g\u00f6z a\u00e7\u0131p kapay\u0131ncaya kadar k\u0131sa s\u00fcrede ger\u00e7ekle\u015fmeyecek. A\u00e7\u0131l\u0131m\u0131n bir siyasi partiye oy getirisinin de \u00e7ok olmayaca\u011f\u0131n\u0131 bu i\u015fin ba\u015f\u0131nda s\u00f6yledim. S\u00f6ylediklerimde de hakl\u0131 \u00e7\u0131kt\u0131m. \u015eayet a\u00e7\u0131l\u0131m s\u00fcrecinde h\u00fck\u00fcmet ba\u015far\u0131l\u0131 olursa AK Parti ve Ba\u015fbakan tarihe ge\u00e7ecektir.<\/p>\n<p style=\"text-align: justify;\"><em><strong>Ama bu oy patlamas\u0131 yaratmaz diyorsunuz&#8230; <\/strong><\/em><\/p>\n<p style=\"text-align: justify;\">Benim orada teredd\u00fct\u00fcm var. \u00c7\u00fcnk\u00fc AK Parti\u2019nin yeniden tek ba\u015f\u0131na iktidar olabilmesi i\u00e7in \u015fe\u00e7men iradesinin y\u00fczde 30 -35\u2019inin Meclis\u2019e yans\u0131mamas\u0131 laz\u0131m. \u0130kincisi 6.5 milyon oldu\u011fu iddia edilen i\u015fsize ve 10 milyonu buldu\u011fu iddia edilen yoksula a\u015f ve i\u015f laz\u0131m. Bu olursa elbette AK Parti tek ba\u015f\u0131na iktidar olabilir. Ben tarafs\u0131z bir ara\u015ft\u0131rmac\u0131 olarak s\u00f6yl\u00fcyorum bunu. 2010 ya da 2011 y\u0131l\u0131nda yap\u0131lacak s\u00fcre\u00e7te se\u00e7menlerin tercihlerini ekonomi belirleyecek. \u201cK\u00fcrt a\u00e7\u0131l\u0131m\u0131\u201d dedikleri \u00f6yle bir \u015fey ki getirisi hi\u00e7 yok, g\u00f6t\u00fcr\u00fcs\u00fc \u00e7ok olabilecek bir mesele oy bak\u0131m\u0131ndan.<\/p>\n<p style=\"text-align: justify;\"><strong><em>Koalisyon d\u00f6nemine geri d\u00f6n\u00fc\u015f m\u00fc olacak? <\/em><\/strong><\/p>\n<p style=\"text-align: justify;\">T\u00fcrkiye gelecek se\u00e7imde de sonraki d\u00f6nemlerde de muhafazakar iktidar taraf\u0131ndan y\u00f6netilecektir. Toplumu kucaklamak i\u00e7in de\u011fer yarg\u0131lar\u0131na ve inan\u00e7lar\u0131na sayg\u0131l\u0131 bir muhafazakarl\u0131k yeterli. T\u00fcrkiye\u2019de g\u00fcndemi AK Parti belirliyor muhalefet tart\u0131\u015f\u0131yor, ne zamanki muhalefet g\u00fcndem belirler i\u015fte o zaman iktidar i\u00e7in de\u011fi\u015fim zaman\u0131 gelmi\u015f demektir.<\/p>\n<p style=\"text-align: justify;\"><strong><em>Sar\u0131g\u00fcl, MHP, CHP ve AK Parti\u2019nin belal\u0131s\u0131 olur<br \/>\n<\/em><\/strong><\/p>\n<p style=\"text-align: justify;\"><strong><em>Mustafa Sar\u0131g\u00fcl belediye ba\u015fkan\u0131 olarak \u00e7ok ba\u015far\u0131l\u0131 bir isim, ba\u015fbakan olabilecek mi? <\/em><\/strong><\/p>\n<p style=\"text-align: justify;\">Mustafa Sar\u0131g\u00fcl bence \u00fcniversitelerde ders olarak okutulmal\u0131. Halkla m\u00fcnasebetleri s\u00fcper, ke\u015fke kendisiyle birlikte bir halkla ili\u015fkiler \u015firketim olsayd\u0131! Kendisinin se\u00e7mende kar\u015f\u0131l\u0131\u011f\u0131 var. \u201cTayyip Erdo\u011fan\u2019dan sonra kim ba\u015fbakan olabilir\u201d diye sordu\u011funuzda yan\u0131t Mustafa Sar\u0131g\u00fcl \u00e7\u0131k\u0131yor. Sar\u0131g\u00fcl MHP, CHP ve AKP\u2019nin harmanla\u015fm\u0131\u015f hali. A\u00e7\u0131l\u0131ma \u201cHay\u0131r\u201d demiyor, toplumun de\u011ferleriyle bar\u0131\u015f\u0131k, AB yanl\u0131s\u0131&#8230; Lider olarak y\u00fczde 16 oyu var. Partisi daha kurulmad\u0131 ama Kas\u0131m ay\u0131nda yapt\u0131\u011f\u0131m\u0131z ara\u015ft\u0131rmalarda TDH dedi\u011finizde y\u00fczde 8 oy \u00e7\u0131k\u0131yor. Ba\u015far\u0131s\u0131 Mustafa Sarg\u00fcl ve ekibine ba\u011fl\u0131. Bu hareket CHP\u2019ye k\u0131zg\u0131nlar\u0131n partisi olursa yol alamaz. Bu hareket merkezdeki bo\u015flu\u011fu doldurursa ba\u015far\u0131l\u0131 olur. \u00d6n\u00fcm\u00fczdeki d\u00f6nemde Mustafa Sar\u0131g\u00fcl MHP, CHP ve AKP\u2019nin belal\u0131s\u0131 olur. Halkta talep var Sar\u0131g\u00fcl\u2019e, arz\u0131 sunmak kendisinin elinde.<\/p>\n<p style=\"text-align: justify;\"><strong><em>Numan Kurtulmu\u015f, Saadet Partisi lideri? <\/em><\/strong><\/p>\n<p style=\"text-align: justify;\">Tan\u0131d\u0131k kendisini, \u00e7ok be\u011fendim. Kendi ki\u015fili\u011fini ve s\u00f6ylemini daha iyi ortaya koyar ve parti k\u00fclt\u00fcr\u00fcne yans\u0131t\u0131rsa Saadet Partisi de y\u00fckselen de\u011fer olur. Hoca ve ekibinin a\u011f\u0131rl\u0131\u011f\u0131n\u0131n kalkmas\u0131 laz\u0131m. Abd\u00fcllatif \u015eener\u2019in oyu 2.7 \u00e7\u0131k\u0131yor. Demokrat Parti\u2019nin de oyu o civarlarda. Demokrat Parti merkez alg\u0131s\u0131 yaratamad\u0131. H\u00fcsamettin Cindoruk bana bu konuda sitem ediyor ama ben fotografa bak\u0131p s\u00f6yl\u00fcyorum.<\/p>\n<p style=\"text-align: justify;\"><strong><em>Toparlamak gerekirse 2010\u2019da ya da 2011\u2019de yap\u0131lacak bir se\u00e7imde&#8230; <\/em><\/strong><\/p>\n<p style=\"text-align: justify;\">\u201c2010 veya 2011\u2019de ne olur\u201du kestirmek kehanet olur ama \u015funu s\u00f6yl\u00fcyorum; T\u00fcrkiye bu gerilimle devam ederse se\u00e7men hem AK Parti\u2019ye, hem de CHP ve MHP\u2019ye ders verecek. Meclis\u2019te 5-6\u2019l\u0131 yap\u0131lar olabilir. Bunlar\u0131n kim olaca\u011f\u0131n\u0131 siyasi akt\u00f6rler belirleyecek; Abd\u00fcllatif \u015eener, Mustafa Sar\u0131g\u00fcl, Numan Kurtulmu\u015f, Masum T\u00fcrker belirleyecek. G\u00fc\u00e7 alg\u0131s\u0131 olu\u015fursa oy oranlar\u0131 de\u011fi\u015febilir. Se\u00e7im \u00f6ncesi baz\u0131 i\u015fbirlikleri ve birle\u015fmeler olabilir. Saadet Partisi, BBP ve Abd\u00fclatif \u015eener neden g\u00fc\u00e7 birli\u011fi yapmas\u0131n?<\/p>\n<p style=\"text-align: justify;\"><strong><em>K\u00fcrtlerin \u00e7o\u011fu Abdullah \u00d6calan\u2019a \u201caffa\u201d ve otonom b\u00f6lgeye \u201chay\u0131r\u201d diyor<br \/>\n<\/em><\/strong><\/p>\n<p style=\"text-align: justify;\"><strong><em>Demokratik a\u00e7\u0131l\u0131ma halk deste\u011fi ne durumda, ara\u015ft\u0131rma yapt\u0131n\u0131z m\u0131 bu konuda? <\/em><\/strong><\/p>\n<p style=\"text-align: justify;\">\u015e\u00f6yle bir ara\u015ft\u0131rmam\u0131z var&#8230; G\u00fcneydo\u011fu\u2019da insanlar \u00e7ocuklar\u0131na K\u00fcrt ismi koymak istiyor, buna kimse kar\u015f\u0131 de\u011fil. Kasabalara, beldelere, k\u00f6ylere eski isimleri verilebilir. Sivas\u2019ta, Trakya\u2019da da isimler de\u011fi\u015ftirildi. Eski isimlerini alabilir bu yerler. Ayr\u0131ca okullarda se\u00e7meli ders olarak K\u00fcrt\u00e7e de okutulabilir. Ancak ana dilde e\u011fitim, k\u0131rm\u0131z\u0131 \u00e7izgilerden biri. Da\u011fdakilere af olabilir, ancak PKK\u2019n\u0131n lider kadrosuna affa \u201chay\u0131r\u201d. Abdullah \u00d6calan\u2019a affa \u201chay\u0131r\u201d. Bunun oran\u0131 y\u00fczde 87. G\u00fcneydo\u011fu\u2019da otonom b\u00f6lge kurulmas\u0131na y\u00fczde 99 oran\u0131nda \u201chay\u0131r\u201d \u00e7\u0131k\u0131yor. T\u00fcrkiye\u2019de ya\u015fayan ve ben K\u00fcrd\u00fcm diyenlerin \u00e7o\u011funlu\u011fu da PKK\u2019n\u0131n lider kadrosunun d\u0131\u015f\u0131ndakilere affa \u201cevet\u201d ama lider kadroya, Abdullah \u00d6calan\u2019a \u201chay\u0131r\u201d diyor.<\/p>\n<p style=\"text-align: justify;\"><strong><em>Ya DTP\u2019ye oy verenler? <\/em><\/strong><\/p>\n<p style=\"text-align: justify;\">DTP taban\u0131 t\u00fcm bunlara \u201cevet\u201d diyor. Abdullah \u00d6calan\u2019a da, PKK\u2019n\u0131n lider kadrosuna da af istiyorlar. Ancak DTP taban\u0131 da G\u00fcneydo\u011fu\u2019da ba\u011f\u0131ms\u0131z bir yap\u0131lanmaya, otonom b\u00f6lgeye \u201cevet\u201d demiyor.<\/p>\n<p style=\"text-align: justify;\"><strong><em>DTP\u2019nin kapat\u0131lmas\u0131n\u0131n bir etkisi olur mu? <\/em><\/strong><\/p>\n<p style=\"text-align: justify;\">T\u00fcrkiye\u2019deki se\u00e7menin y\u00fczde 65-70\u2019i ideolojik nedenlerle de\u011fil ekomoniye bakarak oy veriyor. T\u00fcrkiye\u2019de farkl\u0131 bir kitle ise yani, HADEP, HEP, DEP ve DTP\u2019ye oy verenler tamamen ideolojik davran\u0131yor. Sonu\u00e7ta bu se\u00e7menler ba\u011f\u0131ms\u0131z adaylara oy verdiler. Bu partinin kapat\u0131lmas\u0131 dramatik de\u011fi\u015fikliklere neden olmaz. Yine ayn\u0131 oyu al\u0131rlar.<\/p>\n<p style=\"text-align: justify;\"><strong><em>Ya AKP \u201cVazge\u00e7tim a\u00e7\u0131l\u0131mdan\u201d derse&#8230; <\/em><\/strong><\/p>\n<p style=\"text-align: justify;\">AKP\u2019nin bu i\u015ften geri d\u00f6nmesi elbetteki DTP\u2019nin oylar\u0131n\u0131 art\u0131r\u0131r. Ancak b\u00f6lge d\u0131\u015f\u0131ndaki K\u00fcrtlerden de oy al\u0131r bu s\u00fcre\u00e7 ilerlerse. Biraz da T\u00fcrkiye\u2019nin K\u00fcrtleri olma yolunda DTP. Antalya, \u0130stanbul, Mersin, Adana, \u0130zmir gibi yerlerde CHP\u2019ye oy veren se\u00e7menler \u201cDTP\u2019ye oy verece\u011fim\u201d noktas\u0131na gelmi\u015f olabilir.<\/p>\n<p style=\"text-align: justify;\"><span style=\"color: #888888;\">Elif Ergu &#8211; VATAN<\/span><\/p>\n","protected":false},"excerpt":{"rendered":"<\/p>\n<p style=\"text-align: justify;\">\u0130sabetli tahminleriyle tan\u0131nan A&amp;G ara\u015ft\u0131rma \u015eirketi&#8221;nin sahibi Adil G\u00fcr gelecek se\u00e7imlerde ortaya \u00e7\u0131kabilecek tabloyu ve \u00f6ng\u00f6r\u00fclerini payla\u015ft\u0131.<\/p>\n<p style=\"text-align: justify;\">A&amp;G Ara\u015ft\u0131rma \u015eirketi\u2019nin sahibi Adil G\u00fcr, 29 Mart se\u00e7imlerinin sonu\u00e7lar\u0131n\u0131 noktas\u0131 virg\u00fcl\u00fcne do\u011fru tahmin eden ara\u015ft\u0131rmac\u0131n\u0131n ta kendisi. E\u015fi Naile Han\u0131m\u2019la yerel se\u00e7imlerden hemen sonra sohbet etmi\u015f, G\u00fcr ailesini yak\u0131ndan tan\u0131ma f\u0131rsat\u0131 bulmu\u015ftum.<\/p>\n","protected":false},"author":1,"featured_media":0,"comment_status":"open","ping_status":"closed","sticky":false,"template":"","format":"standard","meta":{"footnotes":""},"categories":[105],"tags":[],"class_list":["post-17311","post","type-post","status-publish","format-standard","hentry","category-gundem","odd"],"_links":{"self":[{"href":"http:\/\/www.korhanyilmaz.com\/index.php?rest_route=\/wp\/v2\/posts\/17311","targetHints":{"allow":["GET"]}}],"collection":[{"href":"http:\/\/www.korhanyilmaz.com\/index.php?rest_route=\/wp\/v2\/posts"}],"about":[{"href":"http:\/\/www.korhanyilmaz.com\/index.php?rest_route=\/wp\/v2\/types\/post"}],"author":[{"embeddable":true,"href":"http:\/\/www.korhanyilmaz.com\/index.php?rest_route=\/wp\/v2\/users\/1"}],"replies":[{"embeddable":true,"href":"http:\/\/www.korhanyilmaz.com\/index.php?rest_route=%2Fwp%2Fv2%2Fcomments&post=17311"}],"version-history":[{"count":0,"href":"http:\/\/www.korhanyilmaz.com\/index.php?rest_route=\/wp\/v2\/posts\/17311\/revisions"}],"wp:attachment":[{"href":"http:\/\/www.korhanyilmaz.com\/index.php?rest_route=%2Fwp%2Fv2%2Fmedia&parent=17311"}],"wp:term":[{"taxonomy":"category","embeddable":true,"href":"http:\/\/www.korhanyilmaz.com\/index.php?rest_route=%2Fwp%2Fv2%2Fcategories&post=17311"},{"taxonomy":"post_tag","embeddable":true,"href":"http:\/\/www.korhanyilmaz.com\/index.php?rest_route=%2Fwp%2Fv2%2Ftags&post=17311"}],"curies":[{"name":"wp","href":"https:\/\/api.w.org\/{rel}","templated":true}]}}