{"id":17305,"date":"2009-12-25T22:26:53","date_gmt":"2009-12-25T20:26:53","guid":{"rendered":"http:\/\/www.korhanyilmaz.com\/?p=17305"},"modified":"2009-12-25T22:26:53","modified_gmt":"2009-12-25T20:26:53","slug":"carmih-tezgahi-tutmaz","status":"publish","type":"post","link":"http:\/\/www.korhanyilmaz.com\/?p=17305","title":{"rendered":"\u00c7arm\u0131h tezgah\u0131 tutmaz!"},"content":{"rendered":"<p><a href=\"http:\/\/www.korhanyilmaz.com\/wp-content\/uploads\/2009\/12\/carmih.jpg\"  class=\"lightview\"><img loading=\"lazy\" decoding=\"async\" class=\"size-full wp-image-17306 aligncenter\" src=\"http:\/\/www.korhanyilmaz.com\/wp-content\/uploads\/2009\/12\/carmih.jpg\" alt=\"\" width=\"300\" height=\"225\" \/><\/a><\/p>\n<p style=\"text-align: justify;\">T\u00fcrkiye\u2019yi zora sokmaya \u00e7al\u0131\u015fan Bartholomeos\u2019u Lozan engelliyor<\/p>\n<p style=\"text-align: justify;\">HEYBEL\u0130ADA Ruhban Okulu\u2019nun bir an \u00f6nce a\u00e7\u0131lmas\u0131 i\u00e7in her yolu deneyen Fener Rum papaz\u0131 Bartholomeos\u2019a k\u00f6t\u00fc haber! \u2018\u00c7arm\u0131h\u2019 \u00e7\u0131k\u0131\u015f\u0131 sonras\u0131 form\u00fcl aray\u0131\u015f\u0131n\u0131 h\u0131zland\u0131ran ve Lozan Anla\u015fmas\u0131\u2019n\u0131n 40. maddesini kendisine dayanak yapmak isteyen AKP\u2019ye hukuk izin vermiyor.<!--more--><\/p>\n<p style=\"text-align: justify;\"><strong><em>\u0130ktidar\u0131n B plan\u0131 da haz\u0131r ama&#8230;<\/em><\/strong><\/p>\n<p style=\"text-align: justify;\">YEN\u0130 form\u00fcle g\u00f6re, AKP Lozan Anla\u015fmas\u0131\u2019n\u0131n az\u0131nl\u0131klarla ilgili 40. maddesi uyar\u0131nca Ruhban Okulu\u2019nu a\u00e7acak ve Milli E\u011fitim Bakanl\u0131\u011f\u0131\u2019na ba\u011flayacak. Okulun Y\u00d6K\u2019e ba\u011flanmadan hizmet vermesi ise 2. se\u00e7enek&#8230; Ancak her 2 se\u00e7enek de yine Lozan Anla\u015fmas\u0131\u2019na tak\u0131l\u0131yor!<\/p>\n<p style=\"text-align: justify;\"><strong><em>Ruhban Okulu a\u00e7\u0131lmas\u0131 i\u00e7in siyaset de\u011fil hukuk gerekir.<\/em><\/strong><\/p>\n<p style=\"text-align: justify;\">Marmara \u00dcniversitesi Devletler \u00d6zel Hukuku \u00d6\u011fretim \u00dcyesi Prof.  Sibel \u00d6zel: Bu okul siyasi bir kararla kapat\u0131lmam\u0131\u015ft\u0131r, siyasi bir kararla da a\u00e7\u0131lamaz. Lozan Anla\u015fmas\u0131\u2019n\u0131n 40. Maddesi az\u0131nl\u0131klara imtiyaz hakk\u0131 tan\u0131m\u0131yor. Patrikhaneye ba\u011fl\u0131 bir okul olamaz.<\/p>\n<p style=\"text-align: justify;\"><strong><em>Papaz okulu a\u00e7\u0131lamaz<\/em><\/strong><\/p>\n<p style=\"text-align: justify;\">Heybeliada Ruhban Okulu\u2019nun a\u00e7\u0131lmas\u0131n\u0131n hukuken m\u00fcmk\u00fcn olmad\u0131\u011f\u0131n\u0131 belirten Marmara \u00dcniversitesi \u00d6\u011fretim \u00dcyesi Prof. \u00d6zel, \u201cBu okul siyasi bir kararla kapat\u0131lmam\u0131\u015ft\u0131r, siyasi bir kararla da a\u00e7\u0131lamaz\u201d dedi.<\/p>\n<p style=\"text-align: justify;\">Fener Rum Kilisesi papaz\u0131 Bartholomeos\u2019un, \u201c\u00c7arm\u0131ha gerildik, oksijenimiz t\u00fckeniyor, derin devlet engelliyor\u201d \u00e7\u0131\u011fl\u0131klar\u0131yla a\u00e7\u0131lmas\u0131n\u0131 istedi\u011fi Heybeliada Ruhban Okulu\u2019nun, hukuken a\u00e7\u0131lamayaca\u011f\u0131 belirtildi. Marmara \u00dcniversitesi Devletler \u00d6zel Hukuku Anabilim Dal\u0131 \u00d6\u011fretim \u00dcyesi Prof. Dr. Sibel \u00d6zel, T\u00fcrkiye\u2019de hi\u00e7bir \u00f6zel okulun teoloji e\u011fitimi veremeyece\u011fini s\u00f6yledi. Ruhban Okulu\u2019nun, Lozan Antla\u015fmas\u0131\u2019n\u0131n 40. maddesine g\u00f6re a\u00e7\u0131labilece\u011fi g\u00f6r\u00fc\u015f\u00fcn\u00fcn de yanl\u0131\u015f oldu\u011funu ifade eden \u00d6zel, \u201cAz\u0131nl\u0131klara 40. maddede hak veriliyor ancak T\u00fcrkiye Cumhuriyeti vatanda\u015flar\u0131n\u0131n yararland\u0131\u011f\u0131 haklar veriliyor. E\u011fer yurtd\u0131\u015f\u0131ndan \u00f6\u011frenci bu okula gelirse o zaman buras\u0131 az\u0131nl\u0131k okulu stat\u00fcs\u00fcnden \u00e7\u0131kacakt\u0131r. Ayr\u0131ca Heybeliada Ruhban Okulu\u2019nun da Vakf\u0131 var. Bu vakfa ba\u011fl\u0131 y\u00fcksek okul olsa bile bu, patrikhaneye ba\u011fl\u0131 de\u011fil, ancak ve ancak Y\u00d6K\u2019e ba\u011fl\u0131 olarak a\u00e7\u0131labilir\u201d \u015feklinde konu\u015ftu.<\/p>\n<p style=\"text-align: justify;\"><strong><em>\u0130mam Hatip \u00f6rne\u011fi yanl\u0131\u015f<\/em><\/strong><\/p>\n<p style=\"text-align: justify;\">Prof. Sibel \u00d6zel, \u201c\u00d6zellikle bu okullarla ilgili olarak tart\u0131\u015fma ortaya at\u0131ld\u0131\u011f\u0131nda \u0130mam Hatip liseleri \u00f6rnek g\u00f6steriliyor. \u0130mam Hatip liseleri \u00f6zel liseler de\u011fildir. Milli e\u011fitim Bakanl\u0131\u011f\u0131\u2019n\u0131n d\u0131\u015f\u0131nda hareket edemez. \u00d6zel okullar hukuk sistemimiz i\u00e7erisinde teoloji e\u011fitimi veremiyor. Askeri liseler ve polis okullar\u0131 da yine hukuk sistemiz i\u00e7erisinde \u00f6zel olamaz. Buna \u00f6zellikle dikkat \u00e7ekmek gerekir\u201d dedi. Vak\u0131flara ba\u011fl\u0131 y\u00fcksek okullar\u0131n\u0131n, teoloji e\u011fitimini kendi ba\u015flar\u0131na veremeyeceklerini belirten \u00d6zel, \u201c Vak\u0131flara ba\u011fl\u0131 Y\u00fcksek okullarda yine Y\u00d6K\u2019e ba\u011fl\u0131d\u0131r. \u00d6zel olarak hareket edemez. Heybeliada Ruhban Okulu\u2019nun Vakf\u0131 var. Bu vak\u0131f y\u00fcksek okul a\u00e7acaksa Y\u00d6K\u2019e ba\u011fl\u0131 olarak bunu yapar. T\u00fczel ki\u015fili\u011fi bulunmakta. Patrikhane\u2019ye ba\u011fl\u0131 bir okul olamaz. Yurt d\u0131\u015f\u0131ndan \u00f6\u011frenci alamaz\u201d diye konu\u015ftu.<\/p>\n<p style=\"text-align: justify;\"><strong><em>Kavramlar kar\u0131\u015ft\u0131r\u0131l\u0131yor<\/em><\/strong><\/p>\n<p style=\"text-align: justify;\">Lozan Antla\u015fmas\u0131\u2019n\u0131n 40. maddesinin yanl\u0131\u015f alg\u0131land\u0131\u011f\u0131na da dikkat \u00e7eken Prof. \u00d6zel, \u015funlar\u0131 kaydetti: \u201c Lozan Antla\u015fmas\u0131\u2019n\u0131n 40. maddesi maalesef yanl\u0131\u015f alg\u0131land\u0131\u011f\u0131ndan hukuk d\u0131\u015f\u0131 baz\u0131 bilgiler kamuoyunda dola\u015f\u0131yor. Bir kere Lozan Antla\u015fmas\u0131\u2019n\u0131n 40. maddesi az\u0131nl\u0131klara bir imtiyaz hakk\u0131 tan\u0131m\u0131yor. T\u00fcrk vatanda\u015f\u0131 stat\u00fcs\u00fcnde kendileri taraf\u0131ndan giderleri kar\u015f\u0131lanmak suretiyle hay\u0131r kurumlar\u0131, vak\u0131f a\u00e7ma ve okul kurma hakk\u0131 tan\u0131n\u0131yor. Ancak T\u00fcrk vatanda\u015flar\u0131n\u0131n yararland\u0131\u011f\u0131 haklar kapsam\u0131nda oldu\u011fu da a\u00e7\u0131k\u00e7a ortada. Bunlar yanl\u0131\u015f alg\u0131lan\u0131yor. E\u011fer Heybeliada Ruhban Okulu\u2019nu a\u00e7mak isterseniz ve buraya yabanc\u0131 \u00f6\u011frenci getirmeye kalkarsan\u0131z o zaman az\u0131nl\u0131k stat\u00fcs\u00fc hakk\u0131 ortadan kalkar. Ayn\u0131 \u015fey Vak\u0131f Y\u00fcksek Okullar\u0131 i\u00e7inde ge\u00e7erlidir.\u201d Prof. \u00d6zel, \u201cBug\u00fcn T\u00fcrkiye\u2019de kimse Heybeliada Ruhban Okulu a\u00e7\u0131lamaz demiyor. Ancak bunun \u015fartlar\u0131 a\u00e7\u0131k\u00e7a ortadad\u0131r\u201d dedi. Prof. Sibel \u00d6zel konu\u015fmas\u0131n\u0131 \u015f\u00f6yle s\u00fcrd\u00fcrd\u00fc:<\/p>\n<p style=\"text-align: justify;\"><strong><em>Birtak\u0131m yanl\u0131\u015f anlamalar var<\/em><\/strong><\/p>\n<p style=\"text-align: justify;\">\u201cT\u00fcrk hukuk sistemi i\u00e7erisinde olmak kayd\u0131yla a\u00e7\u0131labilir. Y\u00fcksekokul stat\u00fcs\u00fc ise bunun ad\u0131, o zaman Y\u00d6K\u2019e ba\u011fl\u0131 olacakt\u0131r. E\u011fer lise kapsam\u0131nda a\u00e7\u0131lacaksa o zaman da Milli E\u011fitim Bakanl\u0131\u011f\u0131 kapsam\u0131ndad\u0131r. Bir tak\u0131m yanl\u0131\u015f anla\u015f\u0131lmalar var. O da T\u00fcrkiye\u2019nin Yunanistan\u2019a k\u0131zd\u0131\u011f\u0131 i\u00e7in Heybeliada Ruhban Okulu\u2019nu kapatt\u0131\u011f\u0131 y\u00f6n\u00fcnde. Bu, s\u00f6z konusu de\u011fildir. Buradaki durum \u015fudur: Heybeliada Ruhban Okulu\u2019na kapand\u0131\u011f\u0131 d\u00f6nemde yurt d\u0131\u015f\u0131ndan \u00f6\u011frenci gelmi\u015ftir. Bu da Lozan Antla\u015fmas\u0131\u2019n\u0131n Az\u0131nl\u0131k okullar\u0131 stat\u00fcs\u00fcne ayk\u0131r\u0131 bir durum olu\u015fturdu\u011fu ve T\u00fcrk hukuk sisteminde b\u00f6yle bir e\u011fitim stat\u00fcs\u00fc olmad\u0131\u011f\u0131 i\u00e7in kapat\u0131lmas\u0131 s\u00f6z konusu olmu\u015ftur. Olay tamamen hukukidir. Heybeliada Ruhban Okulu siyasi bir kararla kapat\u0131lmam\u0131\u015ft\u0131r, siyasi bir kararla da a\u00e7\u0131lamaz.\u201d<\/p>\n<p style=\"text-align: justify;\"><strong><em>Bartholomeos ayin y\u00f6netti<\/em><\/strong><\/p>\n<p style=\"text-align: justify;\">Fener Rum Patrikhanesi\u2019nde \u201cNoel Ayini\u201d d\u00fczenlendi. Patrikhane bah\u00e7esindeki Aya Yorgi Kilisesi\u2019nde sabah erken saatlerde ba\u015flayan ayini papaz Bartholomeos y\u00f6netti. T\u00fcrkiye\u2019de ya\u015fayan Rumlar\u2019\u0131n yan\u0131 s\u0131ra Yunanistan ve di\u011fer \u00fclkelerden gelen Ortodokslar\u2019\u0131n da yo\u011fun ilgi g\u00f6sterdi\u011fi ayin s\u0131ras\u0131nda, mumlar yak\u0131larak dualar edildi, ilahiler okundu. Yakla\u015f\u0131k 4 saat s\u00fcren ayin, kat\u0131l\u0131mc\u0131lara ekmek ve \u015farap sunulmas\u0131yla son buldu.<\/p>\n<p style=\"text-align: justify;\"><strong><em>Rum lobisi bast\u0131r\u0131yor<\/em><\/strong><\/p>\n<p style=\"text-align: justify;\">ABD ve Rum lobilerinin bask\u0131s\u0131, Heybeliada Ruhban Okulu\u2019nun a\u00e7\u0131lmas\u0131 konusunda AKP iktidar\u0131n\u0131 yeni aray\u0131\u015flara itti. Fener Rum Kilisesi Papaz\u0131 Bartholomeos\u2019un her f\u0131rsatta g\u00fcndeme getirdi\u011fi Heybeliada Ruhban Okulu\u2019nun a\u00e7\u0131lmas\u0131 i\u00e7in \u00e7al\u0131\u015fma yapan h\u00fck\u00fcmet, yeni bir form\u00fcl \u00fczerinde duruyor. Buna g\u00f6re Anayasa de\u011fi\u015fikli\u011fi olmadan Lozan Anla\u015fmas\u0131\u2019na dayan\u0131larak Ruhban Okulu\u2019nun a\u00e7\u0131lmas\u0131 planlan\u0131yor. Yeni fom\u00fcle g\u00f6re, Lozan Anla\u015fmas\u0131\u2019n\u0131n 40. maddesi gerek\u00e7e g\u00f6sterilip Ruhban Okulu a\u00e7\u0131larak Milli E\u011fitim Bakanl\u0131\u011f\u0131\u2019na ba\u011flanacak. 40. maddeye g\u00f6re, M\u00fcsl\u00fcman olmayan T\u00fcrk vatanda\u015flar\u0131n\u0131n, giderlerini kendilerinin kar\u015f\u0131lamas\u0131 kayd\u0131yla her t\u00fcrl\u00fc e\u011fitim ve \u00f6\u011fretim kurumunu kurma ve dini ayin yapma hakk\u0131 bulunuyor. Ak\u015fam gazetesinde yer alan habere g\u00f6re AKP, Anayasa\u2019n\u0131n 90. maddesine g\u00f6re uluslararas\u0131 anla\u015fmalar\u0131n Anayasa\u2019n\u0131n \u00fczerinde oldu\u011funu belirtip, Lozan\u2019a dayanak yap\u0131larak, Ruhban Okulu\u2019nun tart\u0131\u015fmas\u0131z bi\u00e7imde a\u00e7\u0131labilece\u011fini d\u00fc\u015f\u00fcn\u00fcyor.<\/p>\n<p style=\"text-align: justify;\"><strong><em>B plan\u0131 haz\u0131rland\u0131<\/em><\/strong><\/p>\n<p style=\"text-align: justify;\">AKP iktidar\u0131, Heybeliada Ruhban Okulu\u2019nun lise mi y\u00fcksekokul mu oldu\u011fu y\u00f6n\u00fcndeki tart\u0131\u015fmalara kar\u015f\u0131 B Plan\u0131 da  haz\u0131rlad\u0131. H\u00fck\u00fcmet, Heybeliada Ruhban Okulu\u2019nun y\u00fcksekokul stat\u00fcs\u00fcnde say\u0131lmas\u0131 halinde, Y\u00d6K\u2019e ba\u011flanmadan hizmet vermesini \u00f6ng\u00f6ren ikinci se\u00e7ene\u011fi devreye sokacak. Okul, bir vakfa ba\u011fl\u0131 olarak, iki y\u0131ll\u0131k y\u00fcksekokul stat\u00fcs\u00fcnde a\u00e7\u0131labilecek. Mevcut yasa da buna imkan tan\u0131yor. H\u00fck\u00fcmet, bu iki \u015f\u0131kta da Anayasa de\u011fi\u015fikli\u011fine gerek olmad\u0131\u011f\u0131n\u0131 savunuyor.<\/p>\n<p style=\"text-align: justify;\"><span style=\"color: #888888;\">Haber Kayna\u011f\u0131 : Fatih ERBOZ &#8211; <a href=\"http:\/\/www.yg.yenicaggazetesi.com.tr\/habergoster.php?haber=28678\" target=\"_blank\">yenicaggazetesi.com.tr<\/a><\/span><\/p>\n","protected":false},"excerpt":{"rendered":"<\/p>\n<p style=\"text-align: justify;\">T\u00fcrkiye\u2019yi zora sokmaya \u00e7al\u0131\u015fan Bartholomeos\u2019u Lozan engelliyor<\/p>\n<p style=\"text-align: justify;\">HEYBEL\u0130ADA Ruhban Okulu\u2019nun bir an \u00f6nce a\u00e7\u0131lmas\u0131 i\u00e7in her yolu deneyen Fener Rum papaz\u0131 Bartholomeos\u2019a k\u00f6t\u00fc haber! \u2018\u00c7arm\u0131h\u2019 \u00e7\u0131k\u0131\u015f\u0131 sonras\u0131 form\u00fcl aray\u0131\u015f\u0131n\u0131 h\u0131zland\u0131ran ve Lozan Anla\u015fmas\u0131\u2019n\u0131n 40. maddesini kendisine dayanak yapmak isteyen AKP\u2019ye hukuk izin vermiyor.<\/p>\n","protected":false},"author":1,"featured_media":0,"comment_status":"open","ping_status":"closed","sticky":false,"template":"","format":"standard","meta":{"footnotes":""},"categories":[105],"tags":[],"class_list":["post-17305","post","type-post","status-publish","format-standard","hentry","category-gundem","odd"],"_links":{"self":[{"href":"http:\/\/www.korhanyilmaz.com\/index.php?rest_route=\/wp\/v2\/posts\/17305","targetHints":{"allow":["GET"]}}],"collection":[{"href":"http:\/\/www.korhanyilmaz.com\/index.php?rest_route=\/wp\/v2\/posts"}],"about":[{"href":"http:\/\/www.korhanyilmaz.com\/index.php?rest_route=\/wp\/v2\/types\/post"}],"author":[{"embeddable":true,"href":"http:\/\/www.korhanyilmaz.com\/index.php?rest_route=\/wp\/v2\/users\/1"}],"replies":[{"embeddable":true,"href":"http:\/\/www.korhanyilmaz.com\/index.php?rest_route=%2Fwp%2Fv2%2Fcomments&post=17305"}],"version-history":[{"count":0,"href":"http:\/\/www.korhanyilmaz.com\/index.php?rest_route=\/wp\/v2\/posts\/17305\/revisions"}],"wp:attachment":[{"href":"http:\/\/www.korhanyilmaz.com\/index.php?rest_route=%2Fwp%2Fv2%2Fmedia&parent=17305"}],"wp:term":[{"taxonomy":"category","embeddable":true,"href":"http:\/\/www.korhanyilmaz.com\/index.php?rest_route=%2Fwp%2Fv2%2Fcategories&post=17305"},{"taxonomy":"post_tag","embeddable":true,"href":"http:\/\/www.korhanyilmaz.com\/index.php?rest_route=%2Fwp%2Fv2%2Ftags&post=17305"}],"curies":[{"name":"wp","href":"https:\/\/api.w.org\/{rel}","templated":true}]}}