{"id":17301,"date":"2009-12-26T17:59:06","date_gmt":"2009-12-26T15:59:06","guid":{"rendered":"http:\/\/www.korhanyilmaz.com\/?p=17301"},"modified":"2009-12-26T17:59:06","modified_gmt":"2009-12-26T15:59:06","slug":"polise-kufreden-ak-partili-vekil-istifa-etti","status":"publish","type":"post","link":"http:\/\/www.korhanyilmaz.com\/?p=17301","title":{"rendered":"Polise k\u00fcfreden AK Parti&#039;li vekil istifa etti"},"content":{"rendered":"<p style=\"text-align: center;\"><a href=\"http:\/\/www.korhanyilmaz.com\/wp-content\/uploads\/2009\/12\/basaran.jpg\"  class=\"lightview\"><img loading=\"lazy\" decoding=\"async\" class=\"size-full wp-image-17302 aligncenter\" src=\"http:\/\/www.korhanyilmaz.com\/wp-content\/uploads\/2009\/12\/basaran.jpg\" alt=\"\" width=\"307\" height=\"236\" \/><\/a><\/p>\n<p style=\"text-align: justify;\">Polise k\u00fcfreden AK Parti&#8217;li Feyzi \u0130\u015fba\u015faran partisinden istifa etti. &#8220;D\u00fcnden beri evinin etraf\u0131nda sivil polislerin dola\u015f\u0131p durdu\u011funu&#8221; \u00f6ne s\u00fcren \u0130\u015fba\u015faran, &#8220;Susturuluyoruz. \u015eantaj yap\u0131l\u0131yor. \u00d6l\u00fcmle tehdit ediliyoruz. Ailemin ve benim can g\u00fcvenli\u011fim kalmad\u0131. E\u011fer benim ba\u015f\u0131ma bir \u015fey gelirse, bunun sorumlusu Tayyip Erdo\u011fan&#8217;d\u0131r&#8221; dedi.<!--more--><\/p>\n<p style=\"text-align: justify;\">Parlamentoda bas\u0131n toplant\u0131s\u0131 d\u00fczenleyen \u0130\u015fba\u015faran, TBMM Ba\u015fkanl\u0131\u011f\u0131&#8217;na yazd\u0131\u011f\u0131 istifa dilek\u00e7esini, \u00f6n\u00fcnde bulunan mikrofona ge\u00e7irerek, &#8220;Bu benim istifam, hediyem olsun Ba\u015fbakan&#8217;a&#8230;&#8221; dedi.<\/p>\n<p style=\"text-align: justify;\">\u0130\u015fba\u015faran, istifa dilek\u00e7esinde, &#8220;Parti i\u00e7i demokrasinin i\u015flemedi\u011fi, benim gibi fikrini ifade eden milletvekillerini \u015fantaj ve tehdit ile susturulmaya \u00e7al\u0131\u015f\u0131ld\u0131\u011f\u0131 bir partide milletvekili olarak g\u00f6revimi s\u00fcrd\u00fcrmem imkans\u0131z hale gelmi\u015ftir. Bu nedenle mensubu bulundu\u011fum Adalet ve Kalk\u0131nma Partisi&#8217;nden istifa ediyorum&#8221; ifadesine yer verdi.<\/p>\n<p style=\"text-align: justify;\">&#8220;D\u00fcnden beri evinin etraf\u0131nda sivil polislerin dola\u015f\u0131p durdu\u011funu&#8221; \u00f6ne s\u00fcren \u0130\u015fba\u015faran, &#8220;Can ve mal g\u00fcvenli\u011fimin olmad\u0131\u011f\u0131n\u0131 biliyorum. Buradan b\u00fct\u00fcn d\u00fcnyaya, b\u00fct\u00fcn demokratik \u00fclkelere sesleniyorum, AB \u00fcyesi \u00fclkelerin b\u00fcy\u00fckel\u00e7ilerine sesleniyorum; sesimiz k\u0131s\u0131ld\u0131. Susturuluyoruz. \u015eantaj yap\u0131l\u0131yor. \u00d6l\u00fcmle tehdit ediliyoruz. Ailemin ve benim can g\u00fcvenli\u011fim kalmad\u0131. E\u011fer benim ba\u015f\u0131ma bir \u015fey gelirse, bunun sorumlusu Tayyip Erdo\u011fan&#8217;d\u0131r&#8221; diye konu\u015ftu.<\/p>\n<p style=\"text-align: justify;\"><strong><em>Kur&#8217;an&#8217;a el bast\u0131 <\/em><\/strong><\/p>\n<p style=\"text-align: justify;\">\u0130\u015fba\u015faran polis ile ya\u015fad\u0131\u011f\u0131 tart\u0131\u015fma s\u0131ras\u0131nda yan\u0131nda bulunan bayanlar\u0131n e\u015fi, bald\u0131z\u0131 ve sanat\u00e7\u0131 \u00c7i\u011fdem Tun\u00e7 oldu\u011funa dair Kur&#8217;an-\u0131 Kerim&#8217;e el bast\u0131.<\/p>\n<p style=\"text-align: justify;\"><strong><em><span style=\"color: #993300;\">Meclis&#8217;teki son durum <\/span><\/em><\/strong><\/p>\n<p style=\"text-align: justify;\">Elaz\u0131\u011f Milletvekili Feyzi \u0130\u015fba\u015faran&#8217;\u0131n istifas\u0131yla AK Parti&#8217;nin Meclis&#8217;teki sandalye say\u0131s\u0131 337&#8217;ye d\u00fc\u015ferken, ba\u011f\u0131ms\u0131z milletvekillerinin say\u0131s\u0131 11 oldu. \u0130\u015fba\u015faran&#8217;\u0131n istifas\u0131yla Meclis&#8217;te sandalye da\u011f\u0131l\u0131m\u0131 \u015f\u00f6yle oldu:<\/p>\n<p style=\"text-align: justify;\">Adalet ve Kalk\u0131nma Partisi: 337<\/p>\n<p style=\"text-align: justify;\">Cumhuriyet Halk Partisi: 97<\/p>\n<p style=\"text-align: justify;\">Milliyet\u00e7i Hareket Partisi: 69<\/p>\n<p style=\"text-align: justify;\">Bar\u0131\u015f ve Demokrasi Partisi: 20<\/p>\n<p style=\"text-align: justify;\">Ba\u011f\u0131ms\u0131z Milletvekili: 11<\/p>\n<p style=\"text-align: justify;\">Demokratik Sol Parti: 8<\/p>\n<p style=\"text-align: justify;\">Demokrat Parti: 1<\/p>\n<p style=\"text-align: justify;\">T\u00fcrkiye Partisi: 1<\/p>\n<p style=\"text-align: justify;\">Bo\u015f: 6<\/p>\n<p style=\"text-align: justify;\"><span style=\"color: #999999;\">CNN T\u00dcRK<\/span><\/p>\n","protected":false},"excerpt":{"rendered":"<p style=\"text-align: center;\">\n<p style=\"text-align: justify;\">Polise k\u00fcfreden AK Parti&#8217;li Feyzi \u0130\u015fba\u015faran partisinden istifa etti. &#8220;D\u00fcnden beri evinin etraf\u0131nda sivil polislerin dola\u015f\u0131p durdu\u011funu&#8221; \u00f6ne s\u00fcren \u0130\u015fba\u015faran, &#8220;Susturuluyoruz. \u015eantaj yap\u0131l\u0131yor. \u00d6l\u00fcmle tehdit ediliyoruz. Ailemin ve benim can g\u00fcvenli\u011fim kalmad\u0131. E\u011fer benim ba\u015f\u0131ma bir \u015fey gelirse, bunun sorumlusu Tayyip Erdo\u011fan&#8217;d\u0131r&#8221; dedi.<\/p>\n","protected":false},"author":1,"featured_media":0,"comment_status":"open","ping_status":"closed","sticky":false,"template":"","format":"standard","meta":{"footnotes":""},"categories":[105],"tags":[],"class_list":["post-17301","post","type-post","status-publish","format-standard","hentry","category-gundem","odd"],"_links":{"self":[{"href":"http:\/\/www.korhanyilmaz.com\/index.php?rest_route=\/wp\/v2\/posts\/17301","targetHints":{"allow":["GET"]}}],"collection":[{"href":"http:\/\/www.korhanyilmaz.com\/index.php?rest_route=\/wp\/v2\/posts"}],"about":[{"href":"http:\/\/www.korhanyilmaz.com\/index.php?rest_route=\/wp\/v2\/types\/post"}],"author":[{"embeddable":true,"href":"http:\/\/www.korhanyilmaz.com\/index.php?rest_route=\/wp\/v2\/users\/1"}],"replies":[{"embeddable":true,"href":"http:\/\/www.korhanyilmaz.com\/index.php?rest_route=%2Fwp%2Fv2%2Fcomments&post=17301"}],"version-history":[{"count":0,"href":"http:\/\/www.korhanyilmaz.com\/index.php?rest_route=\/wp\/v2\/posts\/17301\/revisions"}],"wp:attachment":[{"href":"http:\/\/www.korhanyilmaz.com\/index.php?rest_route=%2Fwp%2Fv2%2Fmedia&parent=17301"}],"wp:term":[{"taxonomy":"category","embeddable":true,"href":"http:\/\/www.korhanyilmaz.com\/index.php?rest_route=%2Fwp%2Fv2%2Fcategories&post=17301"},{"taxonomy":"post_tag","embeddable":true,"href":"http:\/\/www.korhanyilmaz.com\/index.php?rest_route=%2Fwp%2Fv2%2Ftags&post=17301"}],"curies":[{"name":"wp","href":"https:\/\/api.w.org\/{rel}","templated":true}]}}