{"id":17295,"date":"2009-12-26T12:48:41","date_gmt":"2009-12-26T10:48:41","guid":{"rendered":"http:\/\/www.korhanyilmaz.com\/?p=17295"},"modified":"2009-12-26T12:48:41","modified_gmt":"2009-12-26T10:48:41","slug":"karargahtaki-arama-8-askeri-personel-gozaltinda","status":"publish","type":"post","link":"http:\/\/www.korhanyilmaz.com\/?p=17295","title":{"rendered":"Karargahtaki arama: 8 askeri personel g\u00f6zalt\u0131nda"},"content":{"rendered":"<p style=\"text-align: center;\"><a href=\"http:\/\/www.korhanyilmaz.com\/wp-content\/uploads\/2009\/12\/SU\u0130KAST.jpg\"  class=\"lightview\"><img loading=\"lazy\" decoding=\"async\" class=\"size-full wp-image-17296 aligncenter\" src=\"http:\/\/www.korhanyilmaz.com\/wp-content\/uploads\/2009\/12\/SU\u0130KAST.jpg\" alt=\"\" width=\"306\" height=\"234\" \/><\/a><\/p>\n<p style=\"text-align: justify;\">Ba\u015fbakan Yard\u0131mc\u0131s\u0131 B\u00fclent Ar\u0131n\u00e7&#8217;\u0131n evinin yak\u0131nlar\u0131nda g\u00f6zalt\u0131na al\u0131nan, sonra serbest b\u0131rak\u0131lan iki subay\u0131n karargahtaki b\u00fcrolar\u0131nda d\u00fcn gece arama yap\u0131ld\u0131. Genelkurmay Ba\u015fkanl\u0131\u011f\u0131 arama sonras\u0131 8 askeri personelin g\u00f6zalt\u0131na al\u0131nd\u0131\u011f\u0131n\u0131 a\u00e7\u0131klad\u0131.<!--more--><\/p>\n<p style=\"text-align: justify;\">Genelkurmay Ba\u015fkanl\u0131\u011f\u0131&#8217;n\u0131n internet sitesinde yer alan bilgi notunda, &#8220;Y\u00fcr\u00fct\u00fclmekte olan bir soru\u015fturma kapsam\u0131nda d\u00fcn ak\u015fam (25.12.2009) Saat 19.30&#8217;dan itibaren, Ankara Seferberlik B\u00f6lge Ba\u015fkanl\u0131\u011f\u0131nda soru\u015fturmay\u0131 y\u00fcr\u00fcten Cumhuriyet Savc\u0131lar\u0131 nezaretinde bir arama yap\u0131lm\u0131\u015ft\u0131r. \u0130lgili kanun ve mevzuat uyar\u0131nca aranan yerin askeri mahal olmas\u0131 nedeniyle arama Cumhuriyet Savc\u0131lar\u0131 nezaretinde Merkez Komutanl\u0131\u011f\u0131 g\u00f6revlileri taraf\u0131ndan icra edilmi\u015ftir. Sabah Saat 05.46&#8217;da sona eren aramay\u0131 m\u00fcteakip burada g\u00f6revli 8 askeri personel g\u00f6zalt\u0131na al\u0131narak, Ankara Merkez Komutanl\u0131\u011f\u0131&#8217;na g\u00f6t\u00fcr\u00fclm\u00fc\u015flerdir&#8221; ifadeleri yer ald\u0131.<\/p>\n<p style=\"text-align: justify;\">Kirazl\u0131dere mevkiindeki Ba\u015fkanl\u0131k binas\u0131nda, d\u00fcn ak\u015fam saat 19.00&#8217;da ba\u015flat\u0131lan arama \u00e7al\u0131\u015fmalar\u0131 bug\u00fcn sabah saat 06.00&#8217;da tamamland\u0131.<\/p>\n<p style=\"text-align: justify;\">Ter\u00f6r ve organize su\u00e7lara ili\u015fkin soru\u015fturmalara bakmakla g\u00f6revli 3 Cumhuriyet Savc\u0131s\u0131n\u0131n e\u015fli\u011finde ger\u00e7ekle\u015ftirilen aramay\u0131, Ankara Emniyet M\u00fcd\u00fcrl\u00fc\u011f\u00fc Ter\u00f6rle M\u00fccadele \u015eube M\u00fcd\u00fcrl\u00fc\u011f\u00fcnde g\u00f6revli polisler yapt\u0131.<\/p>\n<p style=\"text-align: justify;\">Aramada, askeri savc\u0131 da haz\u0131r bulundu. Arama s\u0131ras\u0131nda, Ankara 11. A\u011f\u0131r Ceza Mahkemesi N\u00f6bet\u00e7i Hakimi de Seferberlik Tetkik Kurulu Ankara B\u00f6lge Ba\u015fkanl\u0131\u011f\u0131&#8217;na gitti.<\/p>\n<p style=\"text-align: justify;\">Ge\u00e7ti\u011fimiz cumartesi g\u00fcn\u00fc g\u00f6zalt\u0131na al\u0131nd\u0131ktan sonra serbest b\u0131rak\u0131lan iki subay\u0131n b\u00fcrosunda yap\u0131lan aramada, baz\u0131 belge ve dok\u00fcmana el konulurken, bu ki\u015filere ait b\u00fcrolardaki bilgisayarlar\u0131n harddiskleri de kopyaland\u0131.<\/p>\n<p style=\"text-align: justify;\">Araman\u0131n ard\u0131ndan, Cumhuriyet Savc\u0131lar\u0131 ile polis ekipleri Seferberlik Tetkik Kurulu Ankara B\u00f6lge Ba\u015fkanl\u0131\u011f\u0131&#8217;n\u0131n bulundu\u011fu Kirazl\u0131dere mevkiindeki askeri b\u00f6lgeden ayr\u0131ld\u0131.<\/p>\n<p style=\"text-align: justify;\">Arama boyunca gazeteciler askeri b\u00f6lgenin d\u0131\u015f\u0131nda tutuldu.<\/p>\n<p style=\"text-align: justify;\"><span style=\"color: #888888;\">CNN T\u00dcRK<\/span><\/p>\n","protected":false},"excerpt":{"rendered":"<p style=\"text-align: center;\">\n<p style=\"text-align: justify;\">Ba\u015fbakan Yard\u0131mc\u0131s\u0131 B\u00fclent Ar\u0131n\u00e7&#8217;\u0131n evinin yak\u0131nlar\u0131nda g\u00f6zalt\u0131na al\u0131nan, sonra serbest b\u0131rak\u0131lan iki subay\u0131n karargahtaki b\u00fcrolar\u0131nda d\u00fcn gece arama yap\u0131ld\u0131. Genelkurmay Ba\u015fkanl\u0131\u011f\u0131 arama sonras\u0131 8 askeri personelin g\u00f6zalt\u0131na al\u0131nd\u0131\u011f\u0131n\u0131 a\u00e7\u0131klad\u0131.<\/p>\n","protected":false},"author":1,"featured_media":0,"comment_status":"open","ping_status":"closed","sticky":false,"template":"","format":"standard","meta":{"footnotes":""},"categories":[105],"tags":[],"class_list":["post-17295","post","type-post","status-publish","format-standard","hentry","category-gundem","odd"],"_links":{"self":[{"href":"http:\/\/www.korhanyilmaz.com\/index.php?rest_route=\/wp\/v2\/posts\/17295","targetHints":{"allow":["GET"]}}],"collection":[{"href":"http:\/\/www.korhanyilmaz.com\/index.php?rest_route=\/wp\/v2\/posts"}],"about":[{"href":"http:\/\/www.korhanyilmaz.com\/index.php?rest_route=\/wp\/v2\/types\/post"}],"author":[{"embeddable":true,"href":"http:\/\/www.korhanyilmaz.com\/index.php?rest_route=\/wp\/v2\/users\/1"}],"replies":[{"embeddable":true,"href":"http:\/\/www.korhanyilmaz.com\/index.php?rest_route=%2Fwp%2Fv2%2Fcomments&post=17295"}],"version-history":[{"count":0,"href":"http:\/\/www.korhanyilmaz.com\/index.php?rest_route=\/wp\/v2\/posts\/17295\/revisions"}],"wp:attachment":[{"href":"http:\/\/www.korhanyilmaz.com\/index.php?rest_route=%2Fwp%2Fv2%2Fmedia&parent=17295"}],"wp:term":[{"taxonomy":"category","embeddable":true,"href":"http:\/\/www.korhanyilmaz.com\/index.php?rest_route=%2Fwp%2Fv2%2Fcategories&post=17295"},{"taxonomy":"post_tag","embeddable":true,"href":"http:\/\/www.korhanyilmaz.com\/index.php?rest_route=%2Fwp%2Fv2%2Ftags&post=17295"}],"curies":[{"name":"wp","href":"https:\/\/api.w.org\/{rel}","templated":true}]}}