{"id":17292,"date":"2009-12-26T11:54:38","date_gmt":"2009-12-26T09:54:38","guid":{"rendered":"http:\/\/www.korhanyilmaz.com\/?p=17292"},"modified":"2009-12-26T11:54:38","modified_gmt":"2009-12-26T09:54:38","slug":"ergenekonda-capan-koyun-gibi-meledi","status":"publish","type":"post","link":"http:\/\/www.korhanyilmaz.com\/?p=17292","title":{"rendered":"Ergenekon&#039;da \u00c7apan koyun gibi &#039;me&#039;ledi"},"content":{"rendered":"<p style=\"text-align: center;\"><a href=\"http:\/\/www.korhanyilmaz.com\/wp-content\/uploads\/2009\/12\/CAPAN.jpg\"  class=\"lightview\"><img loading=\"lazy\" decoding=\"async\" class=\"size-full wp-image-17293 aligncenter\" src=\"http:\/\/www.korhanyilmaz.com\/wp-content\/uploads\/2009\/12\/CAPAN.jpg\" alt=\"\" width=\"306\" height=\"235\" \/><\/a><\/p>\n<p style=\"text-align: justify;\">\u0130kinci ergenekon davas\u0131n\u0131n d\u00fcn g\u00f6r\u00fclen 28. duru\u015fmas\u0131nda cezaevinden mahkeme salonuna koyun gibi getirildiklerini belirten Esenyurt eski Belediye Ba\u015fkan\u0131 G\u00fcrb\u00fcz \u00c7apan, &#8220;Duru\u015fma manya\u011f\u0131 olduk&#8221; dedi. \u00c7apan, koyun yak\u0131\u015ft\u0131rmas\u0131n\u0131n ard\u0131ndan mahkeme ba\u015fkan\u0131na bak\u0131p boynunu b\u00fckerek &#8220;me&#8221; sesi \u00e7\u0131kard\u0131. <!--more--><\/p>\n<p style=\"text-align: justify;\">\u0130kinci Ergenekon davas\u0131n\u0131n 28. duru\u015fmas\u0131nda Tuncay \u00d6zkan\u2019\u0131n savunmas\u0131 tamamland\u0131.<\/p>\n<p style=\"text-align: justify;\">Talepler b\u00f6l\u00fcm\u00fcnde s\u00f6z alan tutuklu san\u0131k Durmu\u015f Ali \u00d6zo\u011flu davan\u0131n 4 etaptan olu\u015ftu\u011funu belirterek, \u00fc\u00e7\u00fcnc\u00fc etab\u0131nda intihar olaylar\u0131n\u0131n ya\u015fand\u0131\u011f\u0131n\u0131, 4. etab\u0131nda ise suikastlerin ba\u015flayaca\u011f\u0131n\u0131 s\u00f6yledi.<\/p>\n<p style=\"text-align: justify;\">Suikastlerin ABD taraf\u0131ndan yap\u0131laca\u011f\u0131n\u0131 savunan \u00d6zo\u011flu, duru\u015fmalara kat\u0131lan Mehmet Ali Pekg\u00fczel ve Nihat Ta\u015fk\u0131n&#8217;\u0131n da aralar\u0131nda bulundu\u011fu 4 soru\u015fturma savc\u0131s\u0131 ve mahkeme heyetinin isimlerini s\u0131ralad\u0131.<\/p>\n<p style=\"text-align: justify;\"><strong><em>Mahkeme ba\u015fkan\u0131ndan uyar\u0131 <\/em><\/strong><\/p>\n<p style=\"text-align: justify;\">\u00d6zo\u011flu daha sonra, suikastlerin bu minvalde, s\u0131ralad\u0131\u011f\u0131 ki\u015filere y\u00f6nelik olaca\u011f\u0131n\u0131 belirterek, &#8220;Bu dava art\u0131k kamuoyunun g\u00f6z\u00fcnde bitmi\u015ftir&#8221; dedi.<\/p>\n<p style=\"text-align: justify;\">\u00d6zo\u011flu&#8217;nun tehdit gibi s\u00f6zleri, Mahkeme Ba\u015fkan\u0131 K\u00f6ksal \u015eeng\u00fcn&#8217;\u00fc k\u0131zd\u0131rd\u0131. \u015eeng\u00fcn&#8217;\u00fcn &#8220;S\u0131n\u0131r\u0131n\u0131z\u0131 a\u015f\u0131yorsunuz.&#8221; uyar\u0131s\u0131 \u00fczerine \u00d6zo\u011flu, kayg\u0131s\u0131n\u0131 dile getirdi\u011fini s\u00f6yledi. Ba\u015fkan \u015eeng\u00fcn de &#8220;Kayg\u0131y\u0131 a\u015f\u0131yorsunuz&#8221; diye ikinci kez uyar\u0131da bulundu.<\/p>\n<p style=\"text-align: justify;\">Havay\u0131 biraz yumu\u015fataca\u011f\u0131n\u0131 belirterek s\u00f6zlerine ba\u015flayan G\u00fcrb\u00fcz \u00c7apan so\u011fuk sava\u015f\u0131n art\u0131klar\u0131n\u0131n tasfiye edilmeye \u00e7al\u0131\u015f\u0131ld\u0131\u011f\u0131n\u0131 belirterek &#8220;Ama esas adam\u0131 alam\u0131yorsunuz. Ayta\u00e7 Yalman geldi gitti. Onu tutuklamad\u0131n\u0131z. Cumhuriyet \u00c7al\u0131\u015fma Grubunu da Jandarma komutan\u0131n\u0131 da ayartan oydu&#8221; dedi.<\/p>\n<p style=\"text-align: justify;\">Mahkemeden ba\u015fka adalet bekleyip, medet umacak kimseleri olmad\u0131\u011f\u0131n\u0131 belirten \u00c7apan, &#8220;Cezaevinden mahkeme salonuna koyun gibi getirildiklerini belirten \u00c7apan, &#8220;Duru\u015fma manya\u011f\u0131 olduk.&#8221; dedi. \u00c7apan, koyun yak\u0131\u015ft\u0131rmas\u0131n\u0131n ard\u0131ndan mahkeme ba\u015fkan\u0131na bak\u0131p boynunu b\u00fckerek &#8220;Mee&#8221; sesi \u00e7\u0131kard\u0131.<\/p>\n<p style=\"text-align: justify;\">\u00c7apan&#8217;\u0131n bu s\u00f6zleri de izleyici b\u00f6l\u00fcm\u00fcnde kahkahalara neden oldu.<\/p>\n<p style=\"text-align: justify;\"><strong><em>&#8220;Buradaki insanlar ka\u00e7maz intihar eder&#8221; <\/em><\/strong><\/p>\n<p style=\"text-align: justify;\">Tutuklu san\u0131k Hasan Ataman Y\u0131ld\u0131r\u0131m da Ergenekon s\u00fcrecinin sivil bir darbe oldu\u011funu savunanarak, &#8220;TSK&#8217;ya sald\u0131r\u0131 vard\u0131r. Bu da Atat\u00fcrk Cumhuriyeti&#8217;ne, Cumhuriyet&#8217;in temeli olan Anayasaya sald\u0131r\u0131d\u0131r. \u00dc\u00e7 subay\u0131n ifadesine ba\u015fvurulup b\u0131rak\u0131l\u0131yor. Daha sonra birisi, tutuklanma iste\u011fiyle tekrar \u00e7a\u011fr\u0131l\u0131yor. Bu ki\u015fi Deniz Yarbay Ali Tatar. \u0130ntihar etti biliyorsunuz. Burada ya\u015fananlar\u0131n bir senaryo oldu\u011funu bizim anlad\u0131\u011f\u0131m\u0131z gibi fark edemedi\u011fi i\u00e7in onurunu korumak i\u00e7in intihar etti. Buradaki insanlar ka\u00e7maz. \u0130ntihar eder. Onuruyla \u00f6lmek i\u00e7in&#8221; dedi.<\/p>\n<p style=\"text-align: justify;\"><span style=\"color: #888888;\">CNN T\u00dcRK<\/span><\/p>\n","protected":false},"excerpt":{"rendered":"<p style=\"text-align: center;\">\n<p style=\"text-align: justify;\">\u0130kinci ergenekon davas\u0131n\u0131n d\u00fcn g\u00f6r\u00fclen 28. duru\u015fmas\u0131nda cezaevinden mahkeme salonuna koyun gibi getirildiklerini belirten Esenyurt eski Belediye Ba\u015fkan\u0131 G\u00fcrb\u00fcz \u00c7apan, &#8220;Duru\u015fma manya\u011f\u0131 olduk&#8221; dedi. \u00c7apan, koyun yak\u0131\u015ft\u0131rmas\u0131n\u0131n ard\u0131ndan mahkeme ba\u015fkan\u0131na bak\u0131p boynunu b\u00fckerek &#8220;me&#8221; sesi \u00e7\u0131kard\u0131. <\/p>\n","protected":false},"author":1,"featured_media":0,"comment_status":"open","ping_status":"closed","sticky":false,"template":"","format":"standard","meta":{"footnotes":""},"categories":[105],"tags":[],"class_list":["post-17292","post","type-post","status-publish","format-standard","hentry","category-gundem","odd"],"_links":{"self":[{"href":"http:\/\/www.korhanyilmaz.com\/index.php?rest_route=\/wp\/v2\/posts\/17292","targetHints":{"allow":["GET"]}}],"collection":[{"href":"http:\/\/www.korhanyilmaz.com\/index.php?rest_route=\/wp\/v2\/posts"}],"about":[{"href":"http:\/\/www.korhanyilmaz.com\/index.php?rest_route=\/wp\/v2\/types\/post"}],"author":[{"embeddable":true,"href":"http:\/\/www.korhanyilmaz.com\/index.php?rest_route=\/wp\/v2\/users\/1"}],"replies":[{"embeddable":true,"href":"http:\/\/www.korhanyilmaz.com\/index.php?rest_route=%2Fwp%2Fv2%2Fcomments&post=17292"}],"version-history":[{"count":0,"href":"http:\/\/www.korhanyilmaz.com\/index.php?rest_route=\/wp\/v2\/posts\/17292\/revisions"}],"wp:attachment":[{"href":"http:\/\/www.korhanyilmaz.com\/index.php?rest_route=%2Fwp%2Fv2%2Fmedia&parent=17292"}],"wp:term":[{"taxonomy":"category","embeddable":true,"href":"http:\/\/www.korhanyilmaz.com\/index.php?rest_route=%2Fwp%2Fv2%2Fcategories&post=17292"},{"taxonomy":"post_tag","embeddable":true,"href":"http:\/\/www.korhanyilmaz.com\/index.php?rest_route=%2Fwp%2Fv2%2Ftags&post=17292"}],"curies":[{"name":"wp","href":"https:\/\/api.w.org\/{rel}","templated":true}]}}