{"id":17283,"date":"2009-12-25T19:51:16","date_gmt":"2009-12-25T17:51:16","guid":{"rendered":"http:\/\/www.korhanyilmaz.com\/?p=17283"},"modified":"2009-12-25T19:51:16","modified_gmt":"2009-12-25T17:51:16","slug":"erdogana-cay-simit-sorusu","status":"publish","type":"post","link":"http:\/\/www.korhanyilmaz.com\/?p=17283","title":{"rendered":"Erdo\u011fan&#039;a &#039;\u00e7ay simit&#039; sorusu"},"content":{"rendered":"<p><a href=\"http:\/\/www.korhanyilmaz.com\/wp-content\/uploads\/2009\/12\/simit_hesabi.jpg\"  class=\"lightview\"><img loading=\"lazy\" decoding=\"async\" class=\"size-full wp-image-17284 aligncenter\" src=\"http:\/\/www.korhanyilmaz.com\/wp-content\/uploads\/2009\/12\/simit_hesabi.jpg\" alt=\"\" width=\"329\" height=\"210\" \/><\/a><\/p>\n<p style=\"text-align: justify;\">CHP&#8217;li Kesici, b\u00fct\u00e7enin son g\u00fcn konu\u015fmalar\u0131nda h\u00fck\u00fcmete Ba\u015fbakan&#8217;\u0131n \u00f6rne\u011fiyle y\u00fcklendi.<\/p>\n<p style=\"text-align: justify;\">CHP \u0130stanbul Milletvekili \u0130lhan Kesici, b\u00fct\u00e7enin son g\u00fcn konu\u015fmalar\u0131nda h\u00fck\u00fcmete, Ba\u015fbakan Erdo\u011fan\u2019\u0131n 2002 y\u0131l\u0131nda Afyon\u2019da yapt\u0131\u011f\u0131 konu\u015fmada dile getirdi\u011fi, \u2018\u00e7ay-simit hesab\u0131\u2019yla y\u00fcklendi. Kesici, 5 ki\u015filik bir ailenin sadece \u00e7ay ve simitle ya\u015famas\u0131n\u0131n maliyetinin 900 TL oldu\u011funu, asgari \u00fccretin ise 546 TL oldu\u011funu belirterek, h\u00fck\u00fcmete \u201cAllah\u2019tan korkunuz yok mu, vicdan\u0131n\u0131z insaf\u0131n\u0131z yok mu\u201d diye seslendi. Kesici, \u201dEkonomik anlamda Azrail ABD&#8217;de dola\u015f\u0131yor, \u00f6l\u00fcler T\u00fcrkiye&#8217;de \u00e7\u0131k\u0131yor\u201d dedi. <!--more--><\/p>\n<p style=\"text-align: justify;\">Meclis Genel Kurulu\u2019nda 2010 b\u00fct\u00e7esi \u00fczerinde CHP grubu ad\u0131na konu\u015fan \u0130stanbul Milletvekili \u0130lhan Kesici, Ba\u015fbakan Recep Tayyip Erdo\u011fan\u2019\u0131n b\u00fct\u00e7e g\u00f6r\u00fc\u015fmelerinin ilk g\u00fcn\u00fcnde yapt\u0131\u011f\u0131 konu\u015fmadaki \u2018inad\u0131na\u2019 s\u00f6z\u00fcn\u00fc hat\u0131rlatt\u0131. Ba\u015fbakan\u2019\u0131n b\u00fct\u00e7e g\u00f6r\u00fc\u015fmelerinde inad\u0131na ekonominin d\u0131\u015f\u0131nda b\u00fct\u00e7enin d\u0131\u015f\u0131ndaki alanlara kaymas\u0131n\u0131 yad\u0131rgad\u0131\u011f\u0131n\u0131 s\u00f6yleyen Kesici, Ba\u015fbakan\u2019\u0131n 1920\u2019lere gitti\u011fini, Maliye Bakan\u0131\u2019n\u0131n T\u00fcrkiye\u2019ye 2050\u2019ler d\u00fcnyas\u0131nda yer bulmaya \u00e7al\u0131\u015ft\u0131\u011f\u0131n\u0131, AKP Grup Ba\u015fkanvekili Nurettin Canikli\u2019nin ise 2001\u2019den bu yana gelemedi\u011fini s\u00f6yledi. 2010 mali y\u0131l\u0131 b\u00fct\u00e7esini \u2018vas\u0131fs\u0131z, mah\u00e7up, ki\u015filiksiz, iddias\u0131z\u2019 bir b\u00fct\u00e7e olarak nitelendiren \u0130lhan Kesici, 2010 y\u0131l\u0131 b\u00fct\u00e7esinin vergi gelirlerinde y\u00fczde 18,2\u2019lik art\u0131\u015f \u00f6ng\u00f6rd\u00fc\u011f\u00fcn\u00fc belirtti ve bu rakama inan\u0131lmas\u0131 halinde, 1 Ocak\u2019tan itibaren halk\u0131n \u00fczerine \u201cya\u011fmurdan bo\u015fal\u0131rm\u0131\u015f, g\u00f6ky\u00fcz\u00fcnden ta\u015f ya\u011f\u0131yormu\u015f gibi zam, vergi ya\u011faca\u011f\u0131\u2019n\u0131 s\u00f6yledi. Kesici, \u201cBunun komikli\u011fin d\u0131\u015f\u0131nda ba\u015fka hi\u00e7bir anlam\u0131 yok\u201d dedi. AKP\u2019nin 2001 y\u0131l\u0131nda ya\u015fanan krizin \u00fcst\u00fcne geldi\u011fini savunarak, \u201cBu kriz olmas\u0131yd\u0131, muhtemelen AKP burada ya da bu b\u00fcy\u00fckl\u00fckte olmayabilirdi. O krizin ertesinde, krizin y\u00f6netiminde bulunan DSP, MHP, ANAP, y\u00fczde 53&#8217;l\u00fck oyla se\u00e7imden \u00e7\u0131km\u0131\u015ft\u0131, krizin ertesinde y\u00fczde 15 ile \u00e7\u0131kt\u0131lar. T\u00fcrk halk\u0131, kendisine o krizleri ya\u015fatan b\u00fct\u00fcn bu partileri parlamentonun d\u0131\u015f\u0131na att\u0131lar. Parlamentonun d\u0131\u015f\u0131na \u00e7\u0131km\u0131\u015f olanlardan sadece, hem dersine iyi \u00e7al\u0131\u015fm\u0131\u015f hem de di\u011fer gereklerini yerine getirmi\u015f olan MHP ile bug\u00fcn beraber \u00e7al\u0131\u015f\u0131yoruz. Ekonomiyle ilgili hadiselere en \u00e7ok dikkat etmesi gereken parti; AKP\u2019dir\u201d diye konu\u015ftu. K\u00fcresel ekonomik krizi hat\u0131rlatan Kesici, \u201cBu yar\u0131m d\u00fcnya krizi gibi bir \u015fey oldu. D\u00fcnyan\u0131n bat\u0131s\u0131nda var, do\u011fusunda yok gibi. T\u00fcrkiye ise eksi 6,5. D\u00fcnyada da kriz var, eksi 1. Ba\u015fbakan&#8217;a g\u00f6re te\u011fet ge\u00e7ti; eksi 6,5.Bu nas\u0131l i\u015f, ekonomik anlamda Azrail ABD&#8217;de dola\u015f\u0131yor, \u00f6l\u00fcler T\u00fcrkiye&#8217;de \u00e7\u0131k\u0131yor\u201d dedi. H\u00fck\u00fcmet \u00fcyelerinin a\u011fz\u0131ndan bal damlad\u0131\u011f\u0131n\u0131 s\u00f6yleyen Kesici, \u201cDuyan da zannediyor ki d\u00fcnya bal olmu\u015f, bir tek bizim ka\u015f\u0131\u011f\u0131n sap\u0131 k\u0131r\u0131k\u201d diye konu\u015ftu.<\/p>\n<p style=\"text-align: justify;\"><strong><em>&#8221; Uyan Gaflet Uykusundan &#8221; <\/em><\/strong><\/p>\n<p style=\"text-align: justify;\">Kesici konu\u015fmas\u0131nda \u00e7ok sevdi\u011fini s\u00f6yledi\u011fi bir ilahinin m\u0131sralar\u0131na da yer verdi. Kesici, h\u00fck\u00fcmete \u201cuyan ey g\u00f6zlerim gafletten uyan\/uyan uykusu \u00e7ok g\u00f6zlerim uyan\/Azrail\u2019in kast\u0131 canad\u0131r inan\/uyan ey g\u00f6zlerim gafletten uyan\/uyan uykusu \u00e7ok g\u00f6zlerim uyan\u201d m\u0131sralar\u0131n\u0131 okuyarak h\u00fck\u00fcmete, \u201cBu yakla\u015f\u0131m gaflet yakla\u015f\u0131m\u0131d\u0131r. Bundan hem kendiniz hem aziz milletimiz i\u00e7in uyanmak laz\u0131md\u0131r\u201d diye seslendi.<\/p>\n<p style=\"text-align: justify;\"><strong><em>Erdo\u011fan&#8217;\u0131n 2002 deki Asgari \u00dccretlinin &#8221; \u00c7ay &#8211; Simit Hesab\u0131 &#8221; n\u0131 Hat\u0131rlatt\u0131 <\/em><\/strong><\/p>\n<p style=\"text-align: justify;\">Kesici, Ba\u015fbakan\u2019\u0131n ki\u015fi ba\u015f\u0131na geliri 3 bin 300 dolardan 10 bin 500 \u00e7\u0131kard\u0131klar\u0131n\u0131 s\u00f6yledi\u011fini hat\u0131rlatarak, \u201cSenede bir kravat kadar refah art\u0131\u015f\u0131 yapt\u0131n\u0131z\u201d dedi. Kesici konu\u015fmas\u0131nda, Ba\u015fbakan Erdo\u011fan\u2019\u0131n, 2002 y\u0131l\u0131 se\u00e7imlerindeki \u2018\u00e7ay-simit\u2019 hesab\u0131n\u0131 da hat\u0131rlatt\u0131. 5 ki\u015filik bir ailenin g\u00fcnde \u00fc\u00e7 \u00f6\u011f\u00fcn olmak \u00fczere ayl\u0131k masraf\u0131n\u0131n 2002 rakamlar\u0131yla 180 milyon lira oldu\u011funu ayn\u0131 d\u00f6nemde asgari \u00fccretin ise 184 milyon lira oldu\u011funu s\u00f6yleyen Kesici, Ba\u015fbakan Erdo\u011fan\u2019\u0131n bu hesaptan yola \u00e7\u0131karak \u201cAllah\u2019tan korkunuz yok mu, vicdan\u0131n\u0131z, insaf\u0131n\u0131z yok mu?\u201d dedi\u011fini belirtti. Kesici, 2009 rakamlar\u0131yla ise yine 5 ki\u015filik bir ailenin \u00e7ay-simit masraf\u0131n\u0131n 900 liray\u0131 buldu\u011funu, asgari \u00fccretin ise 546 TL oldu\u011funu ifade ederek, \u201cSay\u0131n Ba\u015fbakan&#8217;\u0131n sorusuyla soruyorum: Sizin Allah&#8217;tan korkunuz yok mu? Sizin vicdan\u0131n\u0131z yok mu?\u201d diye konu\u015ftu. Kesici, s\u00f6zlerini \u015f\u00f6yle tamamlad\u0131:<\/p>\n<p style=\"text-align: justify;\">\u201cT\u00fcrk halk\u0131 b\u00fcy\u00fck umutla sizi iktidara getirdi, 2002 y\u0131l\u0131nda. Onu takiben 4 se\u00e7imde \u00fcst \u00fcste y\u00fczde 40 ve y\u00fczde 40&#8217;\u0131n \u00fcst\u00fcnde oy verdi. T\u00fcrkiye y\u00f6netiminin tamam\u0131n\u0131 ele ald\u0131n\u0131z. Cumhurba\u015fkan\u0131, Ba\u015fbakan, Meclis Ba\u015fkan\u0131, Y\u00d6K Ba\u015fkan\u0131, akl\u0131n\u0131za ne gelirse hi\u00e7bir d\u00f6nemde olmad\u0131\u011f\u0131 kadar T\u00fcrkiye y\u00f6netimin her noktas\u0131nda vars\u0131n\u0131z. Fakat ne oldu? \u0130ster \u00e7ay-simit ekonomisini alal\u0131m, ister bor\u00e7lar\u0131, faizleri alal\u0131m, ister bir kravat kadar refah art\u0131\u015f\u0131n\u0131 alal\u0131m, siz ispat etmi\u015f oldunuz ki bu g\u00fczel \u00fclkeyi, bu aziz vatan\u0131, bu b\u00fcy\u00fck milleti idare etmekte ehil de\u011filsiniz. Siz ispat etmi\u015f oldunuz ki ehil de\u011filsiniz, yeterli de\u011filsiniz. 7 senenin \u00f6zeti budur. 2009 y\u0131l\u0131 b\u00fct\u00e7esi refah\u0131 art\u0131ran bir b\u00fct\u00e7e de\u011fil, a\u015f, i\u015f, istihdam vaat eden bir b\u00fct\u00e7e de\u011fil. Bu nedenle, b\u00fct\u00e7eye ret oyu verece\u011fiz.\u201d<\/p>\n<p style=\"text-align: justify;\"><strong><em>Kuliste \u00c7ay &#8211; Simit \u0130kram Etti <\/em><\/strong><\/p>\n<p style=\"text-align: justify;\">Kesici, Genel Kurul\u2019a verilen k\u0131sa arada ise Meclis kulisinde \u00e7ay-simit ikram etti.<\/p>\n<p style=\"text-align: justify;\"><span style=\"color: #888888;\">VATAN<\/span><\/p>\n","protected":false},"excerpt":{"rendered":"<\/p>\n<p style=\"text-align: justify;\">CHP&#8217;li Kesici, b\u00fct\u00e7enin son g\u00fcn konu\u015fmalar\u0131nda h\u00fck\u00fcmete Ba\u015fbakan&#8217;\u0131n \u00f6rne\u011fiyle y\u00fcklendi.<\/p>\n<p style=\"text-align: justify;\">CHP \u0130stanbul Milletvekili \u0130lhan Kesici, b\u00fct\u00e7enin son g\u00fcn konu\u015fmalar\u0131nda h\u00fck\u00fcmete, Ba\u015fbakan Erdo\u011fan\u2019\u0131n 2002 y\u0131l\u0131nda Afyon\u2019da yapt\u0131\u011f\u0131 konu\u015fmada dile getirdi\u011fi, \u2018\u00e7ay-simit hesab\u0131\u2019yla y\u00fcklendi. Kesici, 5 ki\u015filik bir ailenin sadece \u00e7ay ve simitle ya\u015famas\u0131n\u0131n maliyetinin 900 TL oldu\u011funu, asgari \u00fccretin ise 546 <\/p>\n","protected":false},"author":1,"featured_media":0,"comment_status":"open","ping_status":"closed","sticky":false,"template":"","format":"standard","meta":{"footnotes":""},"categories":[105],"tags":[],"class_list":["post-17283","post","type-post","status-publish","format-standard","hentry","category-gundem","odd"],"_links":{"self":[{"href":"http:\/\/www.korhanyilmaz.com\/index.php?rest_route=\/wp\/v2\/posts\/17283","targetHints":{"allow":["GET"]}}],"collection":[{"href":"http:\/\/www.korhanyilmaz.com\/index.php?rest_route=\/wp\/v2\/posts"}],"about":[{"href":"http:\/\/www.korhanyilmaz.com\/index.php?rest_route=\/wp\/v2\/types\/post"}],"author":[{"embeddable":true,"href":"http:\/\/www.korhanyilmaz.com\/index.php?rest_route=\/wp\/v2\/users\/1"}],"replies":[{"embeddable":true,"href":"http:\/\/www.korhanyilmaz.com\/index.php?rest_route=%2Fwp%2Fv2%2Fcomments&post=17283"}],"version-history":[{"count":0,"href":"http:\/\/www.korhanyilmaz.com\/index.php?rest_route=\/wp\/v2\/posts\/17283\/revisions"}],"wp:attachment":[{"href":"http:\/\/www.korhanyilmaz.com\/index.php?rest_route=%2Fwp%2Fv2%2Fmedia&parent=17283"}],"wp:term":[{"taxonomy":"category","embeddable":true,"href":"http:\/\/www.korhanyilmaz.com\/index.php?rest_route=%2Fwp%2Fv2%2Fcategories&post=17283"},{"taxonomy":"post_tag","embeddable":true,"href":"http:\/\/www.korhanyilmaz.com\/index.php?rest_route=%2Fwp%2Fv2%2Ftags&post=17283"}],"curies":[{"name":"wp","href":"https:\/\/api.w.org\/{rel}","templated":true}]}}