{"id":17276,"date":"2009-12-25T15:25:45","date_gmt":"2009-12-25T13:25:45","guid":{"rendered":"http:\/\/www.korhanyilmaz.com\/?p=17276"},"modified":"2009-12-25T15:25:45","modified_gmt":"2009-12-25T13:25:45","slug":"ergenekon-ozkan-kursuyu-yumrukladi","status":"publish","type":"post","link":"http:\/\/www.korhanyilmaz.com\/?p=17276","title":{"rendered":"Ergenekon: \u00d6zkan k\u00fcrs\u00fcy\u00fc yumruklad\u0131"},"content":{"rendered":"<p style=\"text-align: center;\"><a href=\"http:\/\/www.korhanyilmaz.com\/wp-content\/uploads\/2009\/12\/tuncay_ozkan.jpg\"  class=\"lightview\"><img loading=\"lazy\" decoding=\"async\" class=\"size-full wp-image-17275 aligncenter\" src=\"http:\/\/www.korhanyilmaz.com\/wp-content\/uploads\/2009\/12\/tuncay_ozkan.jpg\" alt=\"\" width=\"292\" height=\"201\" \/><\/a><\/p>\n<p style=\"text-align: justify;\">\u0130kinci Ergenekon davas\u0131n\u0131n 28. duru\u015fmas\u0131nda \u00e7apraz sorgusu s\u00fcren Tuncay \u00d6zkan savc\u0131n\u0131n sorusuna sinirlendi. San\u0131k k\u00fcrs\u00fcs\u00fcn\u00fc yumruklayan \u00d6zkan, &#8220;Ba\u015fkalar\u0131n\u0131n yapt\u0131\u011f\u0131 telefon g\u00f6r\u00fc\u015fmelerinden dolay\u0131 beni yalanc\u0131l\u0131kla su\u00e7layamazs\u0131n\u0131z. Ben yalanc\u0131 de\u011filim. Yalanc\u0131 sizsiniz. \u0130ade ederim&#8221; dedi. <!--more--><\/p>\n<p style=\"text-align: justify;\">\u0130stanbul 13\u2019\u00fcnc\u00fc A\u011f\u0131r Ceza Mahkemesi\u2019nce Silivri\u2019de g\u00f6r\u00fclen ikinci Ergenekon davas\u0131n\u0131n 28\u2019inci duru\u015fmas\u0131nda tutuklu san\u0131k Tuncay \u00d6zkan\u2019\u0131n \u00e7apraz sorgusu devam ediyor.<\/p>\n<p style=\"text-align: justify;\">Savc\u0131 Mehmet Ali Pekg\u00fczel d\u00fcn kald\u0131\u011f\u0131 yerden sorular\u0131n\u0131 sormaya devam etti. Pekg\u00fczel\u2019in, \u201cHur\u015fit Tolon ile bir telefon g\u00f6r\u00fc\u015fmeniz var. Bu g\u00f6r\u00fc\u015fmede bahsetti\u011finiz yemekte Erdal \u015eenel de vard\u0131. Ba\u015fka kim vard\u0131?&#8221; sorusuna \u00d6zkan, yeme\u011fin bir toplant\u0131 yada \u00f6zel bir yemek olmad\u0131\u011f\u0131n\u0131 ifade etti.<\/p>\n<p style=\"text-align: justify;\"><strong><em>&#8220;Yalanc\u0131 sizsiniz, iade ederim&#8221; <\/em><\/strong><\/p>\n<p style=\"text-align: justify;\">Savc\u0131 Pekg\u00fczel, \u201cMustafa Balbay\u2019\u0131n yapt\u0131\u011f\u0131 bir konu\u015fmada &#8216;Tuncay \u00d6zkan ayn\u0131 konuyu \u00fc\u00e7 ki\u015fiyede farkl\u0131 anlatm\u0131\u015f\u2019 \u015feklinde ifadesi var s\u00f6zlerine \u00e7ok sinirlenen \u00d6zkan, san\u0131k k\u00fcrs\u00fcs\u00fcn\u00fc yumruklayarak &#8220;Ba\u015fkalar\u0131n\u0131n yapt\u0131\u011f\u0131 telefon g\u00f6r\u00fc\u015fmelerinden dolay\u0131 beni yalanc\u0131l\u0131kla su\u00e7layamazs\u0131n\u0131z. Ben yalanc\u0131 de\u011filim. Yalanc\u0131 sizsiniz. \u0130ade ederim&#8221; diye konu\u015ftu.<\/p>\n<p style=\"text-align: justify;\"><strong><em>&#8220;N.T. ad\u0131nda ba\u015fka Ergenekon savc\u0131s\u0131 var m\u0131?&#8221; <\/em><\/strong><\/p>\n<p style=\"text-align: justify;\">Ard\u0131ndan savc\u0131 Nihat Ta\u015fk\u0131n, Tuncay \u00d6zkan\u2019a sorular\u0131n\u0131 y\u00f6neltti.<\/p>\n<p style=\"text-align: justify;\">Ta\u015fk\u0131n hakk\u0131nda bir gazetede \u00e7\u0131kan haberde, Ta\u015fk\u0131n\u2019\u0131n bir uyu\u015fturucu \u00e7etesi \u00fcyesiyle telefonda g\u00f6r\u00fc\u015ft\u00fc\u011f\u00fc iddialar\u0131n yer ald\u0131\u011f\u0131n\u0131 ifade eden \u00d6zkan, sorular\u0131na cevap vermeyece\u011fini, ondan gelen sorular\u0131 Ba\u015fkan K\u00f6ksal \u015eeng\u00fcn\u2019den geldi\u011fini farz ederek cevaplayaca\u011f\u0131n\u0131 ifade etti.<\/p>\n<p style=\"text-align: justify;\">Nihat Ta\u015fk\u0131n bu konuya cevap vermek istedi\u011fini belirtti.<\/p>\n<p style=\"text-align: justify;\">Ta\u015fk\u0131n, d\u00fcn \u00d6zkan\u2019\u0131n kendisine verdi\u011fi haber k\u00fcp\u00fcr\u00fcn\u00fc g\u00f6stererek, &#8220;Verdi\u011finiz gazetede benden bahsetmiyor. Ben ne Rize\u2019liyim ne de Trabzon\u2019lu. Uyu\u015fturucu ka\u00e7ak\u00e7\u0131s\u0131 arkada\u015f\u0131m yok. Sakaryal\u0131y\u0131m. Madem bir g\u00fcvensizlik olu\u015ftu. Sizin savc\u0131 se\u00e7me savc\u0131lar\u0131n da san\u0131k se\u00e7me hakk\u0131 yok&#8221; diye konu\u015ftu.<\/p>\n<p style=\"text-align: justify;\">Tuncay \u00f6zkan ise, &#8220;Gazetenin birinci sayfas\u0131n\u0131 getirmeyi unutmu\u015fum. \u0130smi N.T. olan ba\u015fka bir Ergenekon savc\u0131s\u0131 var m\u0131?&#8221; ifadesini kulland\u0131.<\/p>\n<p style=\"text-align: justify;\">Ta\u015fk\u0131n da haberde bahsi ge\u00e7en ki\u015finin kendisi olmad\u0131\u011f\u0131n\u0131, uyu\u015fturucu ka\u00e7ak\u00e7\u0131l\u0131\u011f\u0131 yapan bir \u00e7etenin \u00fcyesi ile de irtibat\u0131n\u0131n bulunmad\u0131\u011f\u0131n\u0131 ifade ederek, 3. iddianamede g\u00f6rev almad\u0131\u011f\u0131n\u0131, haftan\u0131n d\u00f6rt g\u00fcn\u00fc duru\u015fmalara \u00e7\u0131kt\u0131\u011f\u0131n\u0131 anlatt\u0131. Ard\u0131ndan sorular\u0131na devam eden Ta\u015fk\u0131n, Tuncay G\u00fcney&#8217;in 2001 y\u0131l\u0131nda g\u00f6zalt\u0131na al\u0131nd\u0131\u011f\u0131nda kendisiyle ilgili ifadelerini sordu\u011fu \u00d6zkan, &#8220;G\u00fcney&#8217;in z\u0131rvalar\u0131n\u0131 soruyorsunuz&#8221; diyerek tepki g\u00f6sterdi.<\/p>\n<p style=\"text-align: justify;\">Savc\u0131 Ta\u015fk\u0131n&#8217;\u0131n \u0130brahim \u015eahin ve Abdullah \u00c7atl\u0131&#8217;y\u0131 ayn\u0131 foto\u011fraf karesinde g\u00f6steren d\u00fc\u011f\u00fcn foto\u011fraf\u0131na ili\u015fkin sorusuna da \u00d6zkan, Kanal D&#8217;de Haber M\u00fcd\u00fcr\u00fc oldu\u011fu d\u00f6nemde bir muhabirinin kendisine gazeteci Haluk Girti&#8217;den ald\u0131\u011f\u0131 bu foto\u011fraflar\u0131 getirdi\u011fini ve bunlar\u0131 yay\u0131mlad\u0131klar\u0131n\u0131 s\u00f6yledi.<\/p>\n<p style=\"text-align: justify;\"><strong><em>Belge tart\u0131\u015fmas\u0131 <\/em><\/strong><\/p>\n<p style=\"text-align: justify;\">Tutuklu san\u0131k Levent Ers\u00f6z ile 16 Aral\u0131k 2003 tarihinde yap\u0131ld\u0131\u011f\u0131 iddia edilen g\u00f6r\u00fc\u015fmeye ili\u015fkin belge ile ilgili soru y\u00f6neltmek istedi\u011fini belirten Ta\u015fk\u0131n, &#8220;Size \u0131srarla bu konuda soru sormam\u0131z\u0131n nedeni 311 ve 312. maddelerdeki su\u00e7land\u0131\u011f\u0131n\u0131z konularla do\u011frudan ba\u011flant\u0131l\u0131. Siz kabul etmedi\u011finize g\u00f6re nas\u0131l yaz\u0131lm\u0131\u015f, san\u0131klara nas\u0131l da\u011f\u0131t\u0131lm\u0131\u015f olabilece\u011fi konusunda a\u00e7\u0131klama yapar m\u0131s\u0131n\u0131z?&#8221; dedi.<\/p>\n<p style=\"text-align: justify;\">\u00d6zkan, &#8220;Savc\u0131lar 16 Aral\u0131k 2003 belgesine dayanarak benim 20 y\u0131l ayn\u0131 elbiseyi giyip giymedi\u011fimi, taze fasulyeyi etli mi etsiz mi sevdi\u011fimi sordular. Beni bu delille mi tutuyorsunuz?&#8221; diye konu\u015ftu.<\/p>\n<p style=\"text-align: justify;\">Ta\u015fk\u0131n, &#8220;Levent Ers\u00f6z, Hasan Atilla U\u011fur bir akraban\u0131z de\u011fil. Kendilerinden bir talepte bulunmad\u0131\u011f\u0131n\u0131z\u0131 s\u00f6yl\u00fcyorsunuz. Bu ki\u015filer kendi kafalar\u0131na g\u00f6re mi Mehmet Emin Karamehmet ile g\u00f6r\u00fc\u015ft\u00fcler? Siz talepte bulunmadan i\u015finizle ilgili g\u00f6r\u00fc\u015ft\u00fcklerine g\u00f6re sizden bir beklentileri oldu\u011fu izlenimi do\u011fuyor&#8221; dedi.<\/p>\n<p style=\"text-align: justify;\">\u00d6zkan da Ers\u00f6z ve U\u011fur&#8217;u tan\u0131mad\u0131\u011f\u0131n\u0131 tekrarlad\u0131. Savc\u0131 Ta\u015fk\u0131n, \u00d6zkan&#8217;\u0131n \u0130\u015f\u00e7i Partisinin d\u00fczenledi\u011fi &#8220;Susurluk&#8221; konulu sempozyuma konu\u015fmac\u0131 olarak kat\u0131ld\u0131\u011f\u0131n\u0131 hat\u0131rlatmas\u0131 \u00fczerine \u00d6zkan, &#8220;Benim kat\u0131ld\u0131\u011f\u0131m panelde Nail G\u00fcreli de vard\u0131. Eski \u00fc\u00e7 y\u00f6netici a\u011fabeyimiz vard\u0131. \u00dc\u00e7 ki\u015fi konu\u015ftuk. Benden \u00f6nce konu\u015fan Erol M\u00fctercimler&#8217;i dinledim. Konferanstaki sunumunun buradaki Ergenekon ile ilgisi yok&#8221; diye konu\u015ftu.<\/p>\n<p style=\"text-align: justify;\">Ta\u015fk\u0131n&#8217;\u0131n \u00d6zden \u00d6rnek&#8217;e ait oldu\u011fu iddia edilen g\u00fcnl\u00fcklerle ilgili sorusu \u00fczerine de \u00d6zkan, bu konuda ilk haber yapan gazeteci oldu\u011funu belirterek, &#8220;(Bunun \u00fcst\u00fcne gidelim) dedim. Komutana telefon a\u00e7t\u0131m, o\u011flu \u00e7\u0131kt\u0131, yalanlad\u0131. Haberden ka\u00e7an gazeteci olur mu?&#8221; dedi.<\/p>\n<p style=\"text-align: justify;\">Savc\u0131 Ta\u015fk\u0131n&#8217;\u0131n, Tuncay G\u00fcney&#8217;in &#8220;Susurluk olay\u0131&#8221;na ili\u015fkin beyan\u0131n\u0131 okuyarak, &#8220;Susurluk konusunda bir\u00e7ok ara\u015ft\u0131rma yapt\u0131n\u0131z. Meclisteki komisyona ifade verdiniz. Susurluk kazas\u0131ndaki arac\u0131n ba\u015fka bir ara\u00e7 taraf\u0131ndan takip edildi\u011fi sizin beyan\u0131n\u0131zda da var. Bir\u00e7ok ki\u015fi Susurluk kazas\u0131n\u0131n tam olarak ayd\u0131nlat\u0131lmad\u0131\u011f\u0131n\u0131 d\u00fc\u015f\u00fcn\u00fcyor, siz de&#8221; \u015fekildeki beyan\u0131 \u00fczerine \u00d6zkan, &#8220;Ben \u00f6yle d\u00fc\u015f\u00fcnm\u00fcyorum&#8221; dedi. Ta\u015fk\u0131n&#8217;\u0131n, &#8220;Bu tarihte Ergenekon \u00f6rg\u00fct\u00fcnden bahsedildi\u011fini biliyordunuz. Komisyona s\u00f6ylediniz mi?&#8221; sorusuna kar\u015f\u0131l\u0131k \u00d6zkan, Susurluk ile ilgili yarg\u0131lamada pek \u00e7ok \u015feyin \u00e7\u00f6z\u00fcld\u00fc\u011f\u00fcne inand\u0131\u011f\u0131n\u0131 belirterek, yarg\u0131laman\u0131n halen devam etti\u011fini hat\u0131rlatt\u0131.<\/p>\n<p style=\"text-align: justify;\"><strong><em>Tuncay G\u00fcney&#8217;in s\u00f6yledikleri <\/em><\/strong><\/p>\n<p style=\"text-align: justify;\">\u00d6zkan, &#8220;Biz iddialar\u0131 topluyoruz, de\u011ferlendirmeye \u00e7al\u0131\u015f\u0131yoruz. Tuncay G\u00fcney o tarihte daha \u00e7ocuk. Siz duymad\u0131n\u0131z m\u0131 bu iddialar\u0131? Susurluk&#8217;la ilgili can\u0131m\u0131z\u0131 ortaya koyacak \u015fekilde \u00e7al\u0131\u015ft\u0131k, ara\u015ft\u0131rma yapt\u0131k. Bulabildiklerimizi Ba\u015fsavc\u0131 Aykut Cengiz Engin&#8217;e teslim ettik. Madem benim kitaplar\u0131mda bunlarla ilgili \u00e7al\u0131\u015fmalar oldu\u011funu biliyordunuz, beni bu adamlarla nas\u0131l yan yana koyars\u0131n\u0131z? Tuncay G\u00fcney&#8217;in s\u00f6yledi\u011fi hi\u00e7bir \u015feyin ger\u00e7ek oldu\u011funa inanm\u0131yorum. Benden alan\u0131 alm\u0131\u015f sonuna kendi yalan\u0131n\u0131 katm\u0131\u015ft\u0131r&#8221; dedi.<\/p>\n<p style=\"text-align: justify;\">Ta\u015fk\u0131n&#8217;\u0131n, Kanalt\u00fcrk&#8217;te malzemelerini koydu\u011fu iddia edilen depoda \u00e7\u0131kan dok\u00fcmana y\u00f6nelik &#8220;Bunlar\u0131n i\u00e7inde su\u00e7 unsuru varsa kimi sorumlu tutmak laz\u0131m?&#8221; sorusuna \u00d6zkan, \u00f6nce bu malzemelerin kendisine ait olmad\u0131\u011f\u0131n\u0131 s\u00f6yledi.<\/p>\n<p style=\"text-align: justify;\">Ta\u015fk\u0131n&#8217;\u0131n, bu malzemeler aras\u0131nda \u00dcmit O\u011fuztan&#8217;\u0131n ar\u015fivi ve \u00f6rg\u00fct belgelerinin yer ald\u0131\u011f\u0131n\u0131 belirtmesi \u00fczerine \u00d6zkan, bunlar\u0131n kurumda \u00e7al\u0131\u015fan gazetecilerin &#8220;Ergenekon&#8221; iddianamesi \u00e7\u0131kt\u0131ktan sonra internetten indirdi\u011fi belgeler oldu\u011funu s\u00f6yledi. \u00d6zkan, &#8220;15 ayd\u0131r buraday\u0131m, (\u00fczerinde parmak izi ara\u015ft\u0131r) diyorum, (sizindir) diyorsunuz. Ara\u015ft\u0131rma yapman\u0131za ne gerek var. As\u0131n beni. Kesin karar\u0131n\u0131z\u0131 vermi\u015fsiniz&#8221; dedi.<\/p>\n<p style=\"text-align: justify;\"><strong><em>&#8220;T\u00fcrkan Saylan&#8217;\u0131 tan\u0131r\u0131m ancak&#8230;&#8221; <\/em><\/strong><\/p>\n<p style=\"text-align: justify;\">Tuncay \u00d6zkan ayr\u0131ca Ergenekon Soru\u015fturmas\u0131 kapsam\u0131nda evi aranan ve 18 May\u0131s g\u00fcn\u00fc vefat eden \u00c7a\u011fda\u015f Ya\u015fam\u0131 Destekleme Derne\u011fi (\u00c7YDD) Ba\u015fkan\u0131 T\u00fcrkan Saylan&#8217;\u0131 tan\u0131d\u0131\u011f\u0131n\u0131 ancak hi\u00e7 ortak projeleri olmad\u0131\u011f\u0131n\u0131 s\u00f6yledi.<\/p>\n<p style=\"text-align: justify;\">\u00d6zkan, &#8220;T\u00fcrkan Saylan\u2019\u0131 Ege ve G\u00fcneydo\u011fu yollar\u0131nda tan\u0131d\u0131m. Okul yapmaya gidi\u015f geli\u015fi s\u0131ras\u0131nda. Kendisiyle ortak bir projemiz olmad\u0131. T\u00fcrkan Han\u0131mla ilgili \u00e7al\u0131\u015fmalar\u0131n\u0131zda benim verdi\u011fim gizli burslar\u0131 da a\u00e7\u0131k ettiniz. Teess\u00fcf ederim&#8221; dedi.<\/p>\n<p style=\"text-align: justify;\"><strong><em>\u00c7\u00f6mez&#8217;le g\u00f6r\u00fc\u015ft\u00fcn\u00fcz m\u00fc? <\/em><\/strong><\/p>\n<p style=\"text-align: justify;\">\u00d6zkan savc\u0131n\u0131n, &#8220;Hur\u015fit Tolon ile yapt\u0131\u011f\u0131n\u0131z bir telefon g\u00f6r\u00fc\u015fmesinde Turhan \u00c7\u00f6mez ile g\u00f6r\u00fc\u015fmenizde yarar oldu\u011funu s\u00f6yl\u00fcyor. Bu g\u00f6r\u00fc\u015fmeden sonra Turhan \u00c7\u00f6mez ile g\u00f6r\u00fc\u015ft\u00fcn\u00fcz m\u00fc? sorusuna da, &#8220;Turhan \u00c7\u00f6mez&#8217;i bir kere g\u00f6rd\u00fcm. Se\u00e7imlerde canl\u0131 yay\u0131na geldi&#8221; dedi.<\/p>\n<p style=\"text-align: justify;\">Tuncay \u00d6zkan, &#8220;Cumhuriyet Gazetesi ile organik ba\u011f\u0131n\u0131z var m\u0131?&#8221; \u015feklindeki bir soruya da, &#8220;\u0130leti\u015fim Fak\u00fcltesi&#8217;nde okurken Cumhuriyet Gazetesi&#8217;nin ve G\u0131rg\u0131r dergisinin okul k\u00fct\u00fcphanesine al\u0131nmas\u0131 engellendi. 15 g\u00fcn oturma eylemi yapt\u0131m. Bu y\u00fczden okuldan at\u0131ld\u0131m. Cumhuriyet Gazetesi benim i\u00e7in okul oldu, yuva oldu. Cumhuriyetin ruhunu sevdim. Ayr\u0131ld\u0131ktan sonra organik ba\u011f\u0131m\u0131 kestim. Cumhuriyet benim ruhum. E\u011fer Cumhuriyet&#8217;ten dolay\u0131 bana bir ceza kesecekseniz kesin cezam\u0131&#8221; diye konu\u015ftu.<\/p>\n<p style=\"text-align: justify;\"><strong><em>Di\u011fer san\u0131klar\u0131n sorular\u0131<\/em><\/strong><\/p>\n<p style=\"text-align: justify;\">Tuncay \u00d6zkan, savc\u0131lar\u0131n sorular\u0131n\u0131n ard\u0131ndan san\u0131klar\u0131n sorular\u0131na cevap verdi.<\/p>\n<p style=\"text-align: justify;\">Duru\u015fmada s\u00f6z alan Mustafa Balbay, \u00d6zkan ve kendisinin savunmalar\u0131nda gazetecili\u011fin sorunlar\u0131na de\u011findiklerini ifade ederek, &#8220;Benim kafamda edebiyat alan\u0131nda, onun kafas\u0131nda da siyasette ilerlemek vard\u0131. \u00d6zkan, Cumhuriyet gazetesinden ayr\u0131ld\u0131ktan sonra yollar\u0131m\u0131z birle\u015fmedi. Ahmet Taner K\u0131\u015flal\u0131&#8217;n\u0131n cenaze t\u00f6reninden sonra 5 dakika u\u011frad\u0131&#8221; dedi.<\/p>\n<p style=\"text-align: justify;\">\u00d6zkan da Balbay&#8217;\u0131 do\u011frulayarak, g\u00f6r\u00fc\u015fmediklerini belirtti.<\/p>\n<p style=\"text-align: justify;\">Balbay da, \u00d6zkan&#8217;a y\u00f6nelik &#8220;yalanc\u0131&#8221; \u015feklinde bir beyan\u0131 olmad\u0131\u011f\u0131n\u0131 ifade ederek, Kanalt\u00fcrk&#8217;\u00fcn de Cumhuriyet gazetesi gibi ter\u00f6r \u00f6rg\u00fct\u00fcn\u00fcn merkeziymi\u015f gibi g\u00f6sterildi\u011fini s\u00f6yledi. Tutuklu san\u0131k Osman G\u00fcrb\u00fcz&#8217;\u00fcn &#8220;Benimle ilgili \u00e7ok haber yapt\u0131n\u0131z&#8221; demesi \u00fczerine \u00d6zkan, d\u00f6nemin bakanlar\u0131ndan Ey\u00fcp A\u015f\u0131k&#8217;\u0131n Osman G\u00fcrb\u00fcz&#8217;\u00fcn &#8220;Ye\u015fil&#8221; oldu\u011funu iddia etti\u011fini, yapt\u0131klar\u0131 ara\u015ft\u0131rma \u00fczerine &#8220;Ye\u015fil&#8221;in Mahmut Y\u0131ld\u0131r\u0131m oldu\u011funu tespit ettiklerini dile getirdi.<\/p>\n<p style=\"text-align: justify;\">\u00d6zkan, &#8220;Osman G\u00fcrb\u00fcz ile ilgili ola\u011fan\u00fcst\u00fc bir s\u0131r perdesi yarat\u0131lmaya \u00e7al\u0131\u015f\u0131l\u0131yordu. O d\u00f6nemde Ye\u015fil&#8217;in yapt\u0131\u011f\u0131n\u0131 Osman G\u00fcrb\u00fcz&#8217;\u00fcn \u00fczerine atm\u0131\u015flard\u0131&#8221; dedi.<\/p>\n<p style=\"text-align: justify;\">Tutuklu san\u0131k Adil Serdar Sa\u00e7an da Tuncay \u00d6zkan&#8217;a hayat\u0131 boyunca hi\u00e7bir evrak, belge vermedi\u011fini belirterek, &#8220;Organize \u015fubedeyken, 3 tane DGM ba\u015fsavc\u0131s\u0131yla \u00e7al\u0131\u015ft\u0131m. Hakk\u0131mda &#8216;bas\u0131na bilgi verdin&#8217; diye soru\u015fturma a\u00e7\u0131lmad\u0131, ald\u0131\u011f\u0131m ceza yoktur. Organize \u015eube mafyaya kar\u015f\u0131 operasyon yapm\u0131\u015ft\u0131r. Nas\u0131l bir mafya dosyas\u0131 vererek, Ergenekon \u00f6rg\u00fct\u00fcn\u00fcn ama\u00e7lar\u0131 do\u011frultusunda kullan\u0131rs\u0131n? O d\u00f6nemde \u00c7ak\u0131c\u0131&#8217;n\u0131n aleyhine haber yap\u0131lacak \u00f6yle mi? O d\u00f6nemde mafya aleyhine haber yapt\u0131rmak i\u00e7in g\u00f6be\u011fimiz \u00e7atl\u0131yordu. Haberler \u00e7\u0131km\u0131yordu. 3-5 gazeteci, televizyoncu haber yap\u0131yordu. Ona da &#8216;Ergenekon&#8217;un ama\u00e7lar\u0131 do\u011frultusunda haber yapt\u0131rd\u0131&#8217; deniliyor&#8221; diye konu\u015ftu.<\/p>\n<p style=\"text-align: justify;\">Duru\u015fma, mahkeme heyeti \u00fcyelerinin \u00d6zkan&#8217;a sorular\u0131n\u0131 y\u00f6neltmesiyle devam ediyor.<\/p>\n<p style=\"text-align: justify;\"><span style=\"color: #888888;\">CNN T\u00dcRK<\/span><\/p>\n","protected":false},"excerpt":{"rendered":"<p style=\"text-align: center;\">\n<p style=\"text-align: justify;\">\u0130kinci Ergenekon davas\u0131n\u0131n 28. duru\u015fmas\u0131nda \u00e7apraz sorgusu s\u00fcren Tuncay \u00d6zkan savc\u0131n\u0131n sorusuna sinirlendi. San\u0131k k\u00fcrs\u00fcs\u00fcn\u00fc yumruklayan \u00d6zkan, &#8220;Ba\u015fkalar\u0131n\u0131n yapt\u0131\u011f\u0131 telefon g\u00f6r\u00fc\u015fmelerinden dolay\u0131 beni yalanc\u0131l\u0131kla su\u00e7layamazs\u0131n\u0131z. Ben yalanc\u0131 de\u011filim. Yalanc\u0131 sizsiniz. \u0130ade ederim&#8221; dedi. <\/p>\n","protected":false},"author":1,"featured_media":0,"comment_status":"open","ping_status":"closed","sticky":false,"template":"","format":"standard","meta":{"footnotes":""},"categories":[105],"tags":[],"class_list":["post-17276","post","type-post","status-publish","format-standard","hentry","category-gundem","odd"],"_links":{"self":[{"href":"http:\/\/www.korhanyilmaz.com\/index.php?rest_route=\/wp\/v2\/posts\/17276","targetHints":{"allow":["GET"]}}],"collection":[{"href":"http:\/\/www.korhanyilmaz.com\/index.php?rest_route=\/wp\/v2\/posts"}],"about":[{"href":"http:\/\/www.korhanyilmaz.com\/index.php?rest_route=\/wp\/v2\/types\/post"}],"author":[{"embeddable":true,"href":"http:\/\/www.korhanyilmaz.com\/index.php?rest_route=\/wp\/v2\/users\/1"}],"replies":[{"embeddable":true,"href":"http:\/\/www.korhanyilmaz.com\/index.php?rest_route=%2Fwp%2Fv2%2Fcomments&post=17276"}],"version-history":[{"count":0,"href":"http:\/\/www.korhanyilmaz.com\/index.php?rest_route=\/wp\/v2\/posts\/17276\/revisions"}],"wp:attachment":[{"href":"http:\/\/www.korhanyilmaz.com\/index.php?rest_route=%2Fwp%2Fv2%2Fmedia&parent=17276"}],"wp:term":[{"taxonomy":"category","embeddable":true,"href":"http:\/\/www.korhanyilmaz.com\/index.php?rest_route=%2Fwp%2Fv2%2Fcategories&post=17276"},{"taxonomy":"post_tag","embeddable":true,"href":"http:\/\/www.korhanyilmaz.com\/index.php?rest_route=%2Fwp%2Fv2%2Ftags&post=17276"}],"curies":[{"name":"wp","href":"https:\/\/api.w.org\/{rel}","templated":true}]}}