{"id":17264,"date":"2009-12-24T23:41:06","date_gmt":"2009-12-24T21:41:06","guid":{"rendered":"http:\/\/www.korhanyilmaz.com\/?p=17264"},"modified":"2009-12-24T23:41:06","modified_gmt":"2009-12-24T21:41:06","slug":"akp-fener-sorusturmasini-engelliyor","status":"publish","type":"post","link":"http:\/\/www.korhanyilmaz.com\/?p=17264","title":{"rendered":"&#039;AKP Fener soru\u015fturmas\u0131n\u0131 engelliyor&#039;"},"content":{"rendered":"<div id=\"attachment_17265\" style=\"width: 119px\" class=\"wp-caption alignleft\"><a title=\"CHP Konya Milletvekili Atilla Kart\" href=\"http:\/\/www.korhanyilmaz.com\/wp-content\/uploads\/2009\/12\/atilla_kart.jpg\"  class=\"lightview\"><img loading=\"lazy\" decoding=\"async\" aria-describedby=\"caption-attachment-17265\" class=\"size-full wp-image-17265 \" style=\"margin-left: 10px; margin-right: 10px;\" src=\"http:\/\/www.korhanyilmaz.com\/wp-content\/uploads\/2009\/12\/atilla_kart.jpg\" alt=\"\" width=\"109\" height=\"205\" \/><\/a><p id=\"caption-attachment-17265\" class=\"wp-caption-text\">Atilla Kart<\/p><\/div>\n<p style=\"text-align: justify;\">CHP Konya Milletvekili Atilla Kart, Deniz Feneri e.V soru\u015fturmas\u0131 kapsam\u0131nda Adalet Bakanl\u0131\u011f\u0131n\u0131n, Alman makamlar\u0131n\u0131n adli yard\u0131m taleplerini yerine getirmedi\u011fini, \u201csavsaklad\u0131\u011f\u0131n\u0131\u201d \u00f6ne s\u00fcrd\u00fc. Kart, TBMM\u2019de d\u00fczenledi\u011fi bas\u0131n toplant\u0131s\u0131nda, Ankara Cumhuriyet Ba\u015fsavc\u0131l\u0131\u011f\u0131\u2019n\u0131n s\u00fcrd\u00fcrd\u00fc\u011f\u00fc soru\u015fturmada mahkeme karar\u0131yla Deniz Feneri yolsuzlulu\u011fu iddias\u0131yla ba\u011flant\u0131l\u0131 18 ki\u015finin mal varl\u0131\u011f\u0131na ihtiyati tedbir konuldu\u011funu, ancak bu karar\u0131n bihakk\u0131n uygulanmad\u0131\u011f\u0131n\u0131 ileri s\u00fcrd\u00fc.<\/p>\n<p style=\"text-align: justify;\"><strong><em>Elimizde net bilgiler var<\/em><\/strong><\/p>\n<p style=\"text-align: justify;\">Adalet Bakan\u0131\u2019n\u0131n Deniz Feneri e. V\u2019nin Deniz Feneri Yard\u0131mla\u015fma ve Dayan\u0131\u015fma Derne\u011fi\u2019ne yapt\u0131\u011f\u0131 yard\u0131mlar\u0131 a\u00e7\u0131klamad\u0131\u011f\u0131n\u0131, \u201cgizlemeye devam etti\u011fini\u201d \u00f6ne s\u00fcren Kart, \u201cTaraf\u0131m\u0131za ula\u015fan bilgiler net bilgilerdir. Yard\u0131m miktar\u0131n\u0131n 10 milyon euro civar\u0131nda oldu\u011funu g\u00f6steriyor. Say\u0131n Adalet Bakan\u0131\u2019na bir kez daha soruyoruz: Yap\u0131lan yard\u0131m\u0131n miktar\u0131n\u0131 neden a\u00e7\u0131klam\u0131yorsunuz?\u201d diye konu\u015ftu.<!--more--><\/p>\n<p style=\"text-align: justify;\"><strong><em>\u015eeffafl\u0131k ilkesi ihlal edildi<\/em><\/strong><\/p>\n<p style=\"text-align: justify;\">\u0130\u00e7i\u015fleri Bakanl\u0131\u011f\u0131 b\u00fcnyesindeki Dernekler Daire Ba\u015fkanl\u0131\u011f\u0131\u2019n\u0131n haz\u0131rlad\u0131\u011f\u0131 raporlarda \u201cDeniz Feneri Yard\u0131mla\u015fma ve Dayan\u0131\u015fma Derne\u011fi\u2019nin T\u00fcrkiye\u2019deki \u00e7al\u0131\u015fmalar\u0131nda \u015feffafl\u0131k ilkesinin ihlal edildi\u011fi, ku\u015fku uyand\u0131ran faaliyetlerde bulunuldu\u011funun\u201d belirtildi\u011fini ifade eden Kart, H\u00fck\u00fcmetin, bu Derne\u011fin \u00e7al\u0131\u015fmalar\u0131 y\u00f6n\u00fcnden \u00f6nleyici i\u015flemleri yapmad\u0131\u011f\u0131n\u0131 s\u00f6yledi. Kart, \u201c\u0130\u00e7i\u015fleri Bakanl\u0131\u011f\u0131, Derne\u011fi kamu yarar\u0131na \u00e7al\u0131\u015fan dernek stat\u00fcs\u00fcnden \u00e7\u0131karmamas\u0131 kabul edilemez\u201d dedi. Kart, \u201cH\u00fck\u00fcmet, T\u00fcrkiye\u2019deki soru\u015fturmay\u0131 bilin\u00e7li olarak engellemi\u015ftir, engellemeye devam etmektedir\u201d dedi.<\/p>\n<p style=\"text-align: justify;\"><span style=\"color: #888888;\">Haber Kayna\u011f\u0131 : <a href=\"http:\/\/www.yg.yenicaggazetesi.com.tr\/habergoster.php?haber=28625\" target=\"_blank\">yenicaggazetesi.com.tr<\/a><\/span><\/p>\n","protected":false},"excerpt":{"rendered":"<p id=\"caption-attachment-17265\" class=\"wp-caption-text\">Atilla Kart<\/p>\n<p style=\"text-align: justify;\">CHP Konya Milletvekili Atilla Kart, Deniz Feneri e.V soru\u015fturmas\u0131 kapsam\u0131nda Adalet Bakanl\u0131\u011f\u0131n\u0131n, Alman makamlar\u0131n\u0131n adli yard\u0131m taleplerini yerine getirmedi\u011fini, \u201csavsaklad\u0131\u011f\u0131n\u0131\u201d \u00f6ne s\u00fcrd\u00fc. Kart, TBMM\u2019de d\u00fczenledi\u011fi bas\u0131n toplant\u0131s\u0131nda, Ankara Cumhuriyet Ba\u015fsavc\u0131l\u0131\u011f\u0131\u2019n\u0131n s\u00fcrd\u00fcrd\u00fc\u011f\u00fc soru\u015fturmada mahkeme karar\u0131yla Deniz Feneri yolsuzlulu\u011fu iddias\u0131yla ba\u011flant\u0131l\u0131 18 ki\u015finin mal varl\u0131\u011f\u0131na ihtiyati tedbir konuldu\u011funu, ancak bu karar\u0131n <\/p>\n","protected":false},"author":1,"featured_media":0,"comment_status":"open","ping_status":"closed","sticky":false,"template":"","format":"standard","meta":{"footnotes":""},"categories":[105],"tags":[],"class_list":["post-17264","post","type-post","status-publish","format-standard","hentry","category-gundem","odd"],"_links":{"self":[{"href":"http:\/\/www.korhanyilmaz.com\/index.php?rest_route=\/wp\/v2\/posts\/17264","targetHints":{"allow":["GET"]}}],"collection":[{"href":"http:\/\/www.korhanyilmaz.com\/index.php?rest_route=\/wp\/v2\/posts"}],"about":[{"href":"http:\/\/www.korhanyilmaz.com\/index.php?rest_route=\/wp\/v2\/types\/post"}],"author":[{"embeddable":true,"href":"http:\/\/www.korhanyilmaz.com\/index.php?rest_route=\/wp\/v2\/users\/1"}],"replies":[{"embeddable":true,"href":"http:\/\/www.korhanyilmaz.com\/index.php?rest_route=%2Fwp%2Fv2%2Fcomments&post=17264"}],"version-history":[{"count":0,"href":"http:\/\/www.korhanyilmaz.com\/index.php?rest_route=\/wp\/v2\/posts\/17264\/revisions"}],"wp:attachment":[{"href":"http:\/\/www.korhanyilmaz.com\/index.php?rest_route=%2Fwp%2Fv2%2Fmedia&parent=17264"}],"wp:term":[{"taxonomy":"category","embeddable":true,"href":"http:\/\/www.korhanyilmaz.com\/index.php?rest_route=%2Fwp%2Fv2%2Fcategories&post=17264"},{"taxonomy":"post_tag","embeddable":true,"href":"http:\/\/www.korhanyilmaz.com\/index.php?rest_route=%2Fwp%2Fv2%2Ftags&post=17264"}],"curies":[{"name":"wp","href":"https:\/\/api.w.org\/{rel}","templated":true}]}}