{"id":17261,"date":"2009-12-25T12:47:51","date_gmt":"2009-12-25T10:47:51","guid":{"rendered":"http:\/\/www.korhanyilmaz.com\/?p=17261"},"modified":"2009-12-25T12:47:51","modified_gmt":"2009-12-25T10:47:51","slug":"kilicdaroglu-geri-adim-atmiyor-bir-belge-daha","status":"publish","type":"post","link":"http:\/\/www.korhanyilmaz.com\/?p=17261","title":{"rendered":"K\u0131l\u0131\u00e7daro\u011flu geri ad\u0131m atm\u0131yor: Bir belge daha!"},"content":{"rendered":"<p style=\"text-align: center;\"><a href=\"http:\/\/www.korhanyilmaz.com\/wp-content\/uploads\/2009\/12\/k\u0131l\u0131cdaroglu.jpg\"  class=\"lightview\"><img loading=\"lazy\" decoding=\"async\" class=\"aligncenter size-full wp-image-17262\" src=\"http:\/\/www.korhanyilmaz.com\/wp-content\/uploads\/2009\/12\/k\u0131l\u0131cdaroglu.jpg\" alt=\"\" width=\"307\" height=\"236\" \/><\/a><\/p>\n<p style=\"text-align: justify;\">CHP Grup Ba\u015fkanvekili Kemal K\u0131l\u0131\u00e7daro\u011flu, \u00f6nceki g\u00fcn isim ve adres yerleri bo\u015f b\u0131rak\u0131lan bir arama emrini bas\u0131na g\u00f6stermi\u015f ve ne ama\u00e7la haz\u0131rland\u0131\u011f\u0131n\u0131 sormu\u015ftu. Ard\u0131ndan savc\u0131l\u0131ktan yalanlama gelmi\u015fti. K\u0131l\u0131\u00e7daro\u011flu bug\u00fcn de kameralar\u0131n kar\u015f\u0131s\u0131na ge\u00e7ti ve ba\u015fsavc\u0131n\u0131n konuyla ilgili yapt\u0131\u011f\u0131 a\u00e7\u0131klamalar\u0131n do\u011fru olmad\u0131\u011f\u0131n\u0131 s\u00f6yledi; ortada iki ayr\u0131 yarg\u0131 karar\u0131n\u0131n bulundu\u011funu ifade etti.<!--more--><\/p>\n<p style=\"text-align: justify;\">K\u0131l\u0131\u00e7daro\u011flu, Erzurum 2. A\u011f\u0131r Ceza Mahkemesi&#8217;nin arama konusunda iki ayr\u0131 karar\u0131n\u0131n s\u00f6z konusu oldu\u011funu belirterek, birinde arama yap\u0131lacak ki\u015fi, adres ve di\u011fer bilgilerin bulunmad\u0131\u011f\u0131n\u0131, di\u011ferinde ise s\u00f6z konusu bilgilerin yer ald\u0131\u011f\u0131n\u0131 s\u00f6yledi.<\/p>\n<p style=\"text-align: justify;\">K\u0131l\u0131\u00e7daro\u011flu, d\u00fczenledi\u011fi bas\u0131n toplant\u0131s\u0131nda, s\u00f6z konusu bilgilerin yer ald\u0131\u011f\u0131 ikinci karar\u0131n fotokopisini bas\u0131n mensuplar\u0131na da\u011f\u0131tt\u0131.<\/p>\n<p style=\"text-align: justify;\">Erzurum Cumhuriyet Ba\u015fsavc\u0131s\u0131 Sinan Ku\u015f&#8217;un &#8220;do\u011frular\u0131 s\u00f6ylemedi\u011fini&#8221; ileri s\u00fcren K\u0131l\u0131\u00e7daro\u011flu, &#8220;Biri dolu, biri bo\u015f olmak \u00fczere iki karar s\u00f6z konusudur&#8221; dedi.<\/p>\n<p style=\"text-align: justify;\">Kemal K\u0131l\u0131\u00e7daro\u011flu, her iki kararda imzalar\u0131n farkl\u0131 yerlere at\u0131ld\u0131\u011f\u0131n\u0131 ifade etti.<\/p>\n<p style=\"text-align: justify;\">K\u0131l\u0131\u00e7daro\u011flu, konuya ili\u015fkin a\u00e7\u0131klama yapt\u0131\u011f\u0131 ge\u00e7en \u00e7ar\u015famba g\u00fcn\u00fc ikinci karar\u0131n da ellerinde oldu\u011funu belirterek, &#8220;Yarg\u0131ya duydu\u011fumuz sayg\u0131 gere\u011fi o karar\u0131 a\u00e7\u0131klamam\u0131\u015ft\u0131k&#8221; diye konu\u015ftu.<\/p>\n<p style=\"text-align: justify;\">K\u0131l\u0131\u00e7daro\u011flu&#8217;ndan yeni belge&#8230;<\/p>\n<p style=\"text-align: justify;\">23 Aral\u0131k&#8217;ta Erzurum 2. A\u011f\u0131r Ceza Mahkemesi karar\u0131n\u0131n fotokopisini TBMM&#8217;de bas\u0131n mensuplar\u0131na da\u011f\u0131tan K\u0131l\u0131\u00e7daro\u011flu, kararda, ilgili yasan\u0131n \u00f6ng\u00f6rd\u00fc\u011f\u00fc &#8220;araman\u0131n nedeni, aranacak ki\u015fi ve arama yap\u0131lacak evler ve di\u011fer adresler&#8221; gibi zorunlu bilgilerin yer almad\u0131\u011f\u0131n\u0131 kaydetmi\u015fti.<\/p>\n<p style=\"text-align: justify;\">D\u00fcn de Erzurum Cumhuriyet Ba\u015fsavc\u0131s\u0131 Sinan Ku\u015f, K\u0131l\u0131\u00e7daro\u011flu&#8217;na yan\u0131t vermi\u015f ve karar\u0131n usul ve kanuna uygun oldu\u011funu a\u00e7\u0131klam\u0131\u015ft\u0131.<\/p>\n<p style=\"text-align: justify;\"><span style=\"color: #888888;\">CNN T\u00dcRK<\/span><\/p>\n","protected":false},"excerpt":{"rendered":"<p style=\"text-align: center;\">\n<p style=\"text-align: justify;\">CHP Grup Ba\u015fkanvekili Kemal K\u0131l\u0131\u00e7daro\u011flu, \u00f6nceki g\u00fcn isim ve adres yerleri bo\u015f b\u0131rak\u0131lan bir arama emrini bas\u0131na g\u00f6stermi\u015f ve ne ama\u00e7la haz\u0131rland\u0131\u011f\u0131n\u0131 sormu\u015ftu. Ard\u0131ndan savc\u0131l\u0131ktan yalanlama gelmi\u015fti. K\u0131l\u0131\u00e7daro\u011flu bug\u00fcn de kameralar\u0131n kar\u015f\u0131s\u0131na ge\u00e7ti ve ba\u015fsavc\u0131n\u0131n konuyla ilgili yapt\u0131\u011f\u0131 a\u00e7\u0131klamalar\u0131n do\u011fru olmad\u0131\u011f\u0131n\u0131 s\u00f6yledi; ortada iki ayr\u0131 yarg\u0131 karar\u0131n\u0131n bulundu\u011funu ifade etti.<\/p>\n","protected":false},"author":1,"featured_media":0,"comment_status":"open","ping_status":"closed","sticky":false,"template":"","format":"standard","meta":{"footnotes":""},"categories":[105],"tags":[],"class_list":["post-17261","post","type-post","status-publish","format-standard","hentry","category-gundem","odd"],"_links":{"self":[{"href":"http:\/\/www.korhanyilmaz.com\/index.php?rest_route=\/wp\/v2\/posts\/17261","targetHints":{"allow":["GET"]}}],"collection":[{"href":"http:\/\/www.korhanyilmaz.com\/index.php?rest_route=\/wp\/v2\/posts"}],"about":[{"href":"http:\/\/www.korhanyilmaz.com\/index.php?rest_route=\/wp\/v2\/types\/post"}],"author":[{"embeddable":true,"href":"http:\/\/www.korhanyilmaz.com\/index.php?rest_route=\/wp\/v2\/users\/1"}],"replies":[{"embeddable":true,"href":"http:\/\/www.korhanyilmaz.com\/index.php?rest_route=%2Fwp%2Fv2%2Fcomments&post=17261"}],"version-history":[{"count":0,"href":"http:\/\/www.korhanyilmaz.com\/index.php?rest_route=\/wp\/v2\/posts\/17261\/revisions"}],"wp:attachment":[{"href":"http:\/\/www.korhanyilmaz.com\/index.php?rest_route=%2Fwp%2Fv2%2Fmedia&parent=17261"}],"wp:term":[{"taxonomy":"category","embeddable":true,"href":"http:\/\/www.korhanyilmaz.com\/index.php?rest_route=%2Fwp%2Fv2%2Fcategories&post=17261"},{"taxonomy":"post_tag","embeddable":true,"href":"http:\/\/www.korhanyilmaz.com\/index.php?rest_route=%2Fwp%2Fv2%2Ftags&post=17261"}],"curies":[{"name":"wp","href":"https:\/\/api.w.org\/{rel}","templated":true}]}}