{"id":17255,"date":"2009-12-24T17:17:56","date_gmt":"2009-12-24T15:17:56","guid":{"rendered":"http:\/\/www.korhanyilmaz.com\/?p=17255"},"modified":"2009-12-24T17:17:56","modified_gmt":"2009-12-24T15:17:56","slug":"26-yil-hapsi-istenen-savcidan-sok-iddialar","status":"publish","type":"post","link":"http:\/\/www.korhanyilmaz.com\/?p=17255","title":{"rendered":"26 y\u0131l hapsi istenen savc\u0131dan \u015fok iddialar"},"content":{"rendered":"<p style=\"text-align: center;\"><a href=\"http:\/\/www.korhanyilmaz.com\/wp-content\/uploads\/2009\/12\/savci.jpg\"  class=\"lightview\"><img loading=\"lazy\" decoding=\"async\" class=\"aligncenter size-full wp-image-17256\" src=\"http:\/\/www.korhanyilmaz.com\/wp-content\/uploads\/2009\/12\/savci.jpg\" alt=\"\" width=\"329\" height=\"210\" \/><\/a><\/p>\n<p style=\"text-align: justify;\">Meslekten ihrac\u0131 istenen Erzincan Cumhuriyet Ba\u015fsavc\u0131s\u0131 \u0130lhan Cihaner \u015fok iddialarda bulundu.<\/p>\n<p style=\"text-align: justify;\"><strong>1-<\/strong>Cemil \u00c7i\u00e7ek, \u0130smaila\u011fa cemaatinden g\u00f6zalt\u0131na al\u0131nanlar\u0131n serbest b\u0131rak\u0131lmas\u0131n\u0131 istedi.<\/p>\n<p style=\"text-align: justify;\"><strong>2-<\/strong>Adalet Bakanl\u0131\u011f\u0131\u2019ndan arayan bir Genel M\u00fcd\u00fcr Yard\u0131mc\u0131s\u0131 \u201cBa\u015f\u0131n derde girer\u201d dedi.<\/p>\n<p style=\"text-align: justify;\"><strong>3-<\/strong>Bir bakan\u0131n o\u011flundan r\u00fc\u015fvet alan savc\u0131yla ilgili dosyay\u0131 Adalet Bakanl\u0131\u011f\u0131 s\u00fcr\u00fcncemede b\u0131rakt\u0131. <!--more--><\/p>\n<p style=\"text-align: justify;\">ANKARA &#8211; \u0130smaila\u011fa cemaati ile Fethullah G\u00fclen grubuna y\u00f6nelik y\u00fcr\u00fctt\u00fc\u011f\u00fc soru\u015fturmadan sonra Adalet Bakanl\u0131\u011f\u0131 taraf\u0131ndan hakk\u0131nda 26 y\u0131la kadar hapis istemiyle dava a\u00e7\u0131lan ve meslekten ihrac\u0131 istenen Erzincan Cumhuriyet Ba\u015fsavc\u0131s\u0131 \u0130lhan Cihaner \u015fok iddialarda bulundu. Cihaner, HSYK\u2019ya g\u00f6nderdi\u011fi savunmada baz\u0131 bakanlar\u0131 ve Adalet Bakanl\u0131\u011f\u0131\u2019n\u0131 su\u00e7lad\u0131.<\/p>\n<p style=\"text-align: justify;\"><strong><em>\u00c7i\u00e7ek\u2019ten telefon <\/em><\/strong><\/p>\n<p style=\"text-align: justify;\">Cihaner, savunmas\u0131nda, \u0130smaila\u011fa cemaatine ili\u015fkin soru\u015fturma s\u0131ras\u0131nda \u015f\u00fcpheliler g\u00f6zalt\u0131nda iken sekreterinin Cemil \u00c7i\u00e7ek\u2019in g\u00f6r\u00fc\u015fmek istedi\u011fini s\u00f6yleyerek telefonu ba\u011flad\u0131\u011f\u0131n\u0131 belirterek \u015f\u00f6yle devam etti: \u201cCemil \u00c7i\u00e7ek \u00f6zetle; \u2019Cezan\u0131n alt ve \u00fcst s\u0131n\u0131r\u0131n\u0131, cezaevlerin dolulu\u011funu ve genel se\u00e7imler \u00f6ncesi kendilerini siyaseten \u00e7ok zorda b\u0131rakaca\u011f\u0131n\u0131 s\u00f6yleyerek g\u00f6zalt\u0131ndaki \u015f\u00fcphelileri sal\u0131vermemi\u2019istedi. Ben yasal gere\u011fini yapaca\u011f\u0131m\u0131 s\u00f6yleyerek konu\u015fmay\u0131 sonland\u0131rd\u0131m ve sorguya sevk etti\u011fim 9 ki\u015fi tutukland\u0131. Sekreterime konu\u015fman\u0131n tarih ve saatini not almas\u0131 talimat\u0131n\u0131 verip bir tutanak tuttum\u201d dedi. Cihaner, bu tutana\u011f\u0131 da savunmas\u0131na ekledi.<\/p>\n<p style=\"text-align: justify;\"><strong><em>\u201cBa\u015f\u0131n derde girer\u201d <\/em><\/strong><\/p>\n<p style=\"text-align: justify;\">Cihaner, savunmas\u0131nda, Adalet Bakanl\u0131\u011f\u0131 Ceza \u0130\u015fleri Genel M\u00fcd\u00fcr Yard\u0131mc\u0131s\u0131 \u00c7etin \u015een\u2019in de kendisini cep telefonundan arayarak \u201cB\u00f6yle soru\u015fturmalar insan\u0131n ba\u015f\u0131n\u0131 derde sokar. Ankara\u2019da ortal\u0131k toz duman. Yapt\u0131\u011f\u0131n soru\u015fturma Ergenekon soru\u015fturmas\u0131na misilleme olarak alg\u0131lanacakt\u0131r\u201d dedi\u011fini ileri s\u00fcrd\u00fc. Cihaner, kendisinin de \u015een\u2019e, \u201cSoru\u015fturmay\u0131 ba\u015flatt\u0131\u011f\u0131mda ortada Ergenekon diye adland\u0131r\u0131lan bir soru\u015fturma yoktu. Ayr\u0131ca \u00f6yle denilse bile bu kayg\u0131 ile soru\u015fturmadan geri durulamaz\u201d dedi\u011fini belirtti.<\/p>\n<p style=\"text-align: justify;\"><strong><em>\u201cSavc\u0131ya r\u00fc\u015fvet\u201d <\/em><\/strong><\/p>\n<p style=\"text-align: justify;\">Cihaner\u2019in savunmas\u0131nda yer alan bir ba\u015fka iddia ise ismini vermedi\u011fi bir bakan\u0131n o\u011flundan r\u00fc\u015fvet alan bir savc\u0131ya ili\u015fkin oldu. Cihaner\u2019in bu iddias\u0131 savunmas\u0131na \u015f\u00f6yle yans\u0131d\u0131: \u201cBu s\u00fcre\u00e7te m\u00fclhakat savc\u0131lar\u0131ndan birisi hakk\u0131nda r\u00fc\u015fvet, g\u00f6revi k\u00f6t\u00fcye kullanma gibi su\u00e7larla ilgili inceleme ba\u015flatt\u0131m. Elde edilen delillerden r\u00fc\u015fvet verdi\u011fi iddia edilen ki\u015filer aras\u0131nda eski bir bakan\u0131n o\u011flu oldu\u011fu, ayr\u0131ca y\u00fcksek bir b\u00fcrokrat\u0131n da r\u00fc\u015fvet istedi\u011fi y\u00f6n\u00fcnde \u015f\u00fcpheler olu\u015ftu. Ceza \u0130\u015fleri Genel M\u00fcd\u00fcrl\u00fc\u011f\u00fc, bu dosyay\u0131 da kendilerine g\u00f6ndermemi istedi. Ancak fezlekede bir tak\u0131m acil koruma tedbirlerine ba\u015fvurulmas\u0131 gerekti\u011fini belirtmeme ra\u011fmen \u00e7ok sonra m\u00fcfetti\u015f g\u00f6nderildi.\u201d<\/p>\n<p style=\"text-align: justify;\"><span style=\"color: #888888;\">Kemal G\u00f6kta\u015f &#8211; VATAN<\/span><\/p>\n","protected":false},"excerpt":{"rendered":"<p style=\"text-align: center;\">\n<p style=\"text-align: justify;\">Meslekten ihrac\u0131 istenen Erzincan Cumhuriyet Ba\u015fsavc\u0131s\u0131 \u0130lhan Cihaner \u015fok iddialarda bulundu.<\/p>\n<p style=\"text-align: justify;\">1-Cemil \u00c7i\u00e7ek, \u0130smaila\u011fa cemaatinden g\u00f6zalt\u0131na al\u0131nanlar\u0131n serbest b\u0131rak\u0131lmas\u0131n\u0131 istedi.<\/p>\n<p style=\"text-align: justify;\">2-Adalet Bakanl\u0131\u011f\u0131\u2019ndan arayan bir Genel M\u00fcd\u00fcr Yard\u0131mc\u0131s\u0131 \u201cBa\u015f\u0131n derde girer\u201d dedi.<\/p>\n<p style=\"text-align: justify;\">3-Bir bakan\u0131n o\u011flundan r\u00fc\u015fvet alan savc\u0131yla ilgili dosyay\u0131 Adalet Bakanl\u0131\u011f\u0131 s\u00fcr\u00fcncemede b\u0131rakt\u0131. <\/p>\n","protected":false},"author":1,"featured_media":0,"comment_status":"open","ping_status":"closed","sticky":false,"template":"","format":"standard","meta":{"footnotes":""},"categories":[105],"tags":[],"class_list":["post-17255","post","type-post","status-publish","format-standard","hentry","category-gundem","odd"],"_links":{"self":[{"href":"http:\/\/www.korhanyilmaz.com\/index.php?rest_route=\/wp\/v2\/posts\/17255","targetHints":{"allow":["GET"]}}],"collection":[{"href":"http:\/\/www.korhanyilmaz.com\/index.php?rest_route=\/wp\/v2\/posts"}],"about":[{"href":"http:\/\/www.korhanyilmaz.com\/index.php?rest_route=\/wp\/v2\/types\/post"}],"author":[{"embeddable":true,"href":"http:\/\/www.korhanyilmaz.com\/index.php?rest_route=\/wp\/v2\/users\/1"}],"replies":[{"embeddable":true,"href":"http:\/\/www.korhanyilmaz.com\/index.php?rest_route=%2Fwp%2Fv2%2Fcomments&post=17255"}],"version-history":[{"count":0,"href":"http:\/\/www.korhanyilmaz.com\/index.php?rest_route=\/wp\/v2\/posts\/17255\/revisions"}],"wp:attachment":[{"href":"http:\/\/www.korhanyilmaz.com\/index.php?rest_route=%2Fwp%2Fv2%2Fmedia&parent=17255"}],"wp:term":[{"taxonomy":"category","embeddable":true,"href":"http:\/\/www.korhanyilmaz.com\/index.php?rest_route=%2Fwp%2Fv2%2Fcategories&post=17255"},{"taxonomy":"post_tag","embeddable":true,"href":"http:\/\/www.korhanyilmaz.com\/index.php?rest_route=%2Fwp%2Fv2%2Ftags&post=17255"}],"curies":[{"name":"wp","href":"https:\/\/api.w.org\/{rel}","templated":true}]}}