{"id":17247,"date":"2009-12-24T10:32:01","date_gmt":"2009-12-24T08:32:01","guid":{"rendered":"http:\/\/www.korhanyilmaz.com\/?p=17247"},"modified":"2009-12-24T10:32:01","modified_gmt":"2009-12-24T08:32:01","slug":"tokat-saldirisindan-kurtulan-asker-anlatiyor","status":"publish","type":"post","link":"http:\/\/www.korhanyilmaz.com\/?p=17247","title":{"rendered":"Tokat sald\u0131r\u0131s\u0131ndan kurtulan asker anlat\u0131yor"},"content":{"rendered":"<p><a href=\"http:\/\/www.korhanyilmaz.com\/wp-content\/uploads\/2009\/12\/tokat1.jpg\"  class=\"lightview\"><img loading=\"lazy\" decoding=\"async\" class=\"aligncenter size-full wp-image-17246\" src=\"http:\/\/www.korhanyilmaz.com\/wp-content\/uploads\/2009\/12\/tokat1.jpg\" alt=\"\" width=\"292\" height=\"209\" \/><\/a><\/p>\n<p style=\"text-align: justify;\">Tokat&#8217;\u0131n Re\u015fadiye il\u00e7esindeki ter\u00f6rist sald\u0131r\u0131da a\u011f\u0131r yaralanan Uzman \u00c7avu\u015f Yusuf \u00d6zt\u00fcrk, tedavi g\u00f6rd\u00fc\u011f\u00fc G\u00fclhane Askeri T\u0131p Akademisi&#8217;nden (GATA) taburcu edildi.<\/p>\n<p style=\"text-align: justify;\">Adana&#8217;n\u0131n Tufanbeyli il\u00e7esindeki baba evine gelen Uzman \u00c7avu\u015f \u00d6zt\u00fcrk, ter\u00f6rist sald\u0131r\u0131da aya\u011f\u0131na, baca\u011f\u0131na, bald\u0131r\u0131na ve karn\u0131na isabet eden kur\u015funlar\u0131n, v\u00fccuduna girip \u00e7\u0131kt\u0131\u011f\u0131n\u0131, g\u00f6\u011fs\u00fcne bir kur\u015funun sapland\u0131\u011f\u0131n\u0131, bacak kemi\u011finde \u00e7atlaklar oldu\u011funu, 3 kur\u015funun ise kafas\u0131n\u0131 s\u0131y\u0131rd\u0131\u011f\u0131n\u0131 belirterek, mucize eseri kurtuldu\u011funu s\u00f6yledi. <!--more--><\/p>\n<p style=\"text-align: justify;\">Sald\u0131r\u0131n\u0131n yap\u0131ld\u0131\u011f\u0131 s\u0131rada havan\u0131n sisli oldu\u011funu anlatan \u00d6zt\u00fcrk, &#8220;Ancak 2 metre \u00f6n\u00fcm\u00fcz\u00fc g\u00f6rebiliyorduk. Kala\u015fnikof t\u00fcfeklerle tarad\u0131lar. Yaraland\u0131ktan sonra silah\u0131m\u0131n kabzas\u0131n\u0131 karn\u0131mdaki yaraya palaska ile s\u0131k\u0131\u015ft\u0131rarak tampon yapt\u0131m. K\u0131sa s\u00fcre i\u00e7inde aranabilecek b\u00fct\u00fcn \u00f6nemli telefonlara bilgi verdim. Daha sonra yaral\u0131 halde bir kilometre y\u00fcr\u00fcyerek k\u00f6y dolmu\u015funa ula\u015fmay\u0131 ba\u015fard\u0131m&#8221; dedi.<\/p>\n<p style=\"text-align: justify;\">Arkada\u015f\u0131yla g\u00fcvenli b\u00f6lgeye geldiklerini s\u00f6yleyen \u00d6zt\u00fcrk, &#8220;Sald\u0131r\u0131dan hemen sonra yukar\u0131dan T\u00fcrk\u00e7e bir sesle &#8216;2 ki\u015fi ka\u00e7\u0131yor&#8217; ba\u011f\u0131rt\u0131s\u0131n\u0131 duydum&#8221; dedi.<\/p>\n<p style=\"text-align: justify;\">\u00d6zt\u00fcrk&#8217;\u00fc evinde Tufanbeyli Kaymakam\u0131 Cevat Uyan\u0131k, Belediye Ba\u015fkan\u0131 Recep Bal\u0131, Jandarma B\u00f6l\u00fck Komutan Vekili Jandarma K\u0131demli Ba\u015f\u00e7avu\u015f R\u0131dvan G\u00fclc\u00fc ve Emniyet Amiri Bahad\u0131r Sakin ziyaret ederek, ge\u00e7mi\u015f olsun dile\u011finde bulundu.<\/p>\n<p style=\"text-align: justify;\">Ter\u00f6ristler 8 Aral\u0131k&#8217;ta Tokat&#8217;\u0131n Re\u015fadiye il\u00e7esi Sazak K\u00f6y\u00fc yak\u0131nlar\u0131nda devriye g\u00f6revi yapan jandarma ekiplerine ate\u015f a\u00e7m\u0131\u015f; olayda 7 asker \u015fehit olmu\u015f, 3 asker yaralanm\u0131\u015ft\u0131.<\/p>\n<p style=\"text-align: justify;\"><span style=\"color: #888888;\">CNN T\u00dcRK<\/span><\/p>\n","protected":false},"excerpt":{"rendered":"<\/p>\n<p style=\"text-align: justify;\">Tokat&#8217;\u0131n Re\u015fadiye il\u00e7esindeki ter\u00f6rist sald\u0131r\u0131da a\u011f\u0131r yaralanan Uzman \u00c7avu\u015f Yusuf \u00d6zt\u00fcrk, tedavi g\u00f6rd\u00fc\u011f\u00fc G\u00fclhane Askeri T\u0131p Akademisi&#8217;nden (GATA) taburcu edildi.<\/p>\n<p style=\"text-align: justify;\">Adana&#8217;n\u0131n Tufanbeyli il\u00e7esindeki baba evine gelen Uzman \u00c7avu\u015f \u00d6zt\u00fcrk, ter\u00f6rist sald\u0131r\u0131da aya\u011f\u0131na, baca\u011f\u0131na, bald\u0131r\u0131na ve karn\u0131na isabet eden kur\u015funlar\u0131n, v\u00fccuduna girip \u00e7\u0131kt\u0131\u011f\u0131n\u0131, g\u00f6\u011fs\u00fcne bir kur\u015funun sapland\u0131\u011f\u0131n\u0131, bacak kemi\u011finde \u00e7atlaklar oldu\u011funu, <\/p>\n","protected":false},"author":1,"featured_media":0,"comment_status":"open","ping_status":"closed","sticky":false,"template":"","format":"standard","meta":{"footnotes":""},"categories":[105],"tags":[],"class_list":["post-17247","post","type-post","status-publish","format-standard","hentry","category-gundem","odd"],"_links":{"self":[{"href":"http:\/\/www.korhanyilmaz.com\/index.php?rest_route=\/wp\/v2\/posts\/17247","targetHints":{"allow":["GET"]}}],"collection":[{"href":"http:\/\/www.korhanyilmaz.com\/index.php?rest_route=\/wp\/v2\/posts"}],"about":[{"href":"http:\/\/www.korhanyilmaz.com\/index.php?rest_route=\/wp\/v2\/types\/post"}],"author":[{"embeddable":true,"href":"http:\/\/www.korhanyilmaz.com\/index.php?rest_route=\/wp\/v2\/users\/1"}],"replies":[{"embeddable":true,"href":"http:\/\/www.korhanyilmaz.com\/index.php?rest_route=%2Fwp%2Fv2%2Fcomments&post=17247"}],"version-history":[{"count":0,"href":"http:\/\/www.korhanyilmaz.com\/index.php?rest_route=\/wp\/v2\/posts\/17247\/revisions"}],"wp:attachment":[{"href":"http:\/\/www.korhanyilmaz.com\/index.php?rest_route=%2Fwp%2Fv2%2Fmedia&parent=17247"}],"wp:term":[{"taxonomy":"category","embeddable":true,"href":"http:\/\/www.korhanyilmaz.com\/index.php?rest_route=%2Fwp%2Fv2%2Fcategories&post=17247"},{"taxonomy":"post_tag","embeddable":true,"href":"http:\/\/www.korhanyilmaz.com\/index.php?rest_route=%2Fwp%2Fv2%2Ftags&post=17247"}],"curies":[{"name":"wp","href":"https:\/\/api.w.org\/{rel}","templated":true}]}}