{"id":17240,"date":"2009-12-24T16:15:31","date_gmt":"2009-12-24T14:15:31","guid":{"rendered":"http:\/\/www.korhanyilmaz.com\/?p=17240"},"modified":"2009-12-24T16:15:31","modified_gmt":"2009-12-24T14:15:31","slug":"genelkurmay-aciklamasina-arinc-yorumu","status":"publish","type":"post","link":"http:\/\/www.korhanyilmaz.com\/?p=17240","title":{"rendered":"Genelkurmay a\u00e7\u0131klamas\u0131na Ar\u0131n\u00e7 yorumu"},"content":{"rendered":"<p style=\"text-align: center;\"><a href=\"http:\/\/www.korhanyilmaz.com\/wp-content\/uploads\/2009\/12\/arinc2.jpg\"  class=\"lightview\"><img loading=\"lazy\" decoding=\"async\" class=\"aligncenter size-full wp-image-17241\" src=\"http:\/\/www.korhanyilmaz.com\/wp-content\/uploads\/2009\/12\/arinc2.jpg\" alt=\"\" width=\"307\" height=\"236\" \/><\/a><\/p>\n<p style=\"text-align: justify;\">Ba\u015fbakan Yard\u0131mc\u0131s\u0131 B\u00fclent Ar\u0131n\u00e7, Genelkurmay Ba\u015fkanl\u0131\u011f\u0131&#8217;n\u0131n kendisine y\u00f6nelik suikast iddialar\u0131 hakk\u0131ndaki a\u00e7\u0131klamas\u0131 i\u00e7in, &#8220;Asker kabul ediyor, ancak amac\u0131m farkl\u0131 diyor&#8221; yorumunu yapt\u0131.<\/p>\n<p style=\"text-align: justify;\">Ankara&#8217;da iki askeri personel, 19 Aral\u0131k&#8217;ta, B\u00fclent Ar\u0131n\u00e7&#8217;\u0131n evinin bulundu\u011fu sokakta, \u015f\u00fcphe \u00fczerine yakalanm\u0131\u015f daha sonra serbest b\u0131rak\u0131lm\u0131\u015ft\u0131. Olay g\u00fcnlerdir T\u00fcrkiye&#8217;nin g\u00fcndeminde. <!--more--><\/p>\n<p style=\"text-align: justify;\">Genelkurmay Ba\u015fkanl\u0131\u011f\u0131 d\u00fcn &#8220;S\u00f6z konusu askeri personel, bilgi s\u0131zd\u0131rd\u0131\u011f\u0131 iddia edilen bir askeri personel hakk\u0131nda bilgi topluyordu&#8221; a\u00e7\u0131klamas\u0131nda bulundu.<\/p>\n<p style=\"text-align: justify;\">Ba\u015fbakan Yard\u0131mc\u0131s\u0131 Ar\u0131n\u00e7, bug\u00fcn \u0130stanbul&#8217;daki Ihlamur Kasr\u0131&#8217;nda kameralar\u0131n kar\u015f\u0131na ge\u00e7ti ve hem iddialar\u0131 aktard\u0131 hem a\u00e7\u0131klamay\u0131 yorumlad\u0131.<\/p>\n<p style=\"text-align: justify;\">Olay\u0131 askere sormaya gerek duymad\u0131\u011f\u0131n\u0131 belirten Ar\u0131n\u00e7, hafta ba\u015f\u0131nda Ankara Emniyet M\u00fcd\u00fcr\u00fc&#8217;nden bilgi ald\u0131\u011f\u0131n\u0131 kaydetti.<\/p>\n<p style=\"text-align: justify;\"><strong><em>Ar\u0131n\u00e7&#8217;\u0131n a\u00e7\u0131klamalar\u0131ndan \u00f6ne \u00e7\u0131kan ba\u015fl\u0131klar \u015f\u00f6yle: <\/em><\/strong><\/p>\n<p style=\"text-align: justify;\">Su\u00e7 duyurusu yapacak m\u0131?<\/p>\n<p style=\"text-align: justify;\">&#8211; Olay\u0131n bir ma\u011fduru varsa, o benim<\/p>\n<p style=\"text-align: justify;\">&#8211; \u015eu an su\u00e7 duyurusunda bulunmay\u0131 d\u00fc\u015f\u00fcnm\u00fcyorum<\/p>\n<p style=\"text-align: justify;\"><strong><em>Yakalanma an\u0131<\/em><\/strong><\/p>\n<p style=\"text-align: justify;\">&#8211; Emniyet M\u00fcd\u00fcr\u00fcn\u00fcn anlatt\u0131\u011f\u0131na g\u00f6re olay \u015f\u00f6yle cereyan etmi\u015f. San\u0131yorum Cumartesi g\u00fcn\u00fc saat 14.30 s\u0131ralar\u0131nda emniyetin telefonuna bir ihbar yap\u0131lm\u0131\u015f. Bu ihbarda iki sivil arac\u0131n benim konutumun civar\u0131nda s\u00fcrekli dola\u015ft\u0131\u011f\u0131, i\u00e7indeki \u015fah\u0131slar\u0131n bir eylemde bulunabilecekleri ve bu konuda bir tertibat al\u0131nmas\u0131 istenmi\u015f.<\/p>\n<p style=\"text-align: justify;\">&#8211; Bir tanesini benim soka\u011f\u0131mdan daha geni\u015f olan bir \u00fcst sokakta park etmi\u015f durumda g\u00f6rm\u00fc\u015fler ve beklemeye ba\u015flam\u0131\u015flar. &#8216;Nas\u0131l olsa gelecekler ve ara\u00e7la ilgilenecekler&#8217; diye&#8230; Daha sonra bir ara\u00e7la iki ki\u015fi gelmi\u015f ve bu araca y\u00f6neldikleri s\u0131rada polis duruma hakim olmu\u015f.<\/p>\n<p style=\"text-align: justify;\"><strong><em>Ka\u011f\u0131tta Ar\u0131n\u00e7&#8217;\u0131n adresi mi vard\u0131?<\/em><\/strong><\/p>\n<p style=\"text-align: justify;\">San\u0131yorum en \u00e7ok tart\u0131\u015fma konusu olan \u015fey, bizim evimizin bir ka\u011f\u0131da yaz\u0131l\u0131 olarak ellerine ge\u00e7mesi. Bunlardan birisi ara\u00e7lar\u0131n ba\u015f\u0131ndayken su i\u00e7mek istemi\u015f. Bir pet \u015fi\u015fe getirilmi\u015f, pet \u015fi\u015fenin kapa\u011f\u0131n\u0131 a\u00e7m\u0131\u015f, fark ettirmeden yere mi d\u00fc\u015f\u00fcrm\u00fc\u015f, cebine mi sokmu\u015f, bir hareketlilik g\u00f6rm\u00fc\u015fler ve sonra &#8216;Elini \u00e7\u0131kart ve onu ver&#8217; denilmi\u015f. O da alelacele elinden \u00e7\u0131kard\u0131\u011f\u0131n\u0131 a\u011fz\u0131na g\u00f6t\u00fcrmek ve su i\u00e7mek isterken, bana s\u00f6ylenen bu, polisler taraf\u0131ndan eli tutulmu\u015f ve elindeki ka\u011f\u0131t al\u0131nm\u0131\u015f. Bu ka\u011f\u0131tta da bizim soka\u011f\u0131m\u0131z\u0131n numaras\u0131 ve apartman\u0131m\u0131z\u0131n ismi yaz\u0131l\u0131ym\u0131\u015f. Bunlar \u00fcst arama tutana\u011f\u0131nda dercedilmi\u015f. Ara\u00e7lar\u0131n i\u00e7inde arama yap\u0131lm\u0131\u015f. Bilebildi\u011fim kadar\u0131yla kanunsuz say\u0131labilecek, dikkat \u00e7ekilebilecek bir nesne bulunamam\u0131\u015f.<\/p>\n<p style=\"text-align: justify;\">&#8211; \u015e\u00fcpheli \u015fah\u0131slara ait arama yap\u0131lan evlerden ba\u015fkalar\u0131n\u0131n da isimleri \u00e7\u0131k\u0131p \u00e7\u0131kmad\u0131\u011f\u0131n\u0131 bilmiyorum. Arama 12.30 gibi ba\u015flay\u0131p 17.00 gibi bitmi\u015f. Bulunanlar savc\u0131l\u0131\u011fa teslim edilmi\u015f. Bundan sonras\u0131n\u0131 bilmiyorum.<\/p>\n<p style=\"text-align: justify;\"><strong><em>Askerlerin kimli\u011fi?<\/em><\/strong><\/p>\n<p style=\"text-align: justify;\">&#8211; Yakalanan \u015fah\u0131slar kendilerinin subay oldu\u011funu s\u00f6ylemi\u015f. Askerlerden biri albay, biri binba\u015f\u0131<\/p>\n<p style=\"text-align: justify;\"><strong><em>Ara\u00e7lar kime ait?<\/em><\/strong><\/p>\n<p style=\"text-align: justify;\">&#8211; Ara\u00e7lardan biri Genelkurmay veya Kara Kuvvetleri Komutanl\u0131\u011f\u0131&#8217;na ait, di\u011feri rent a car firmas\u0131ndan kiral\u0131k<\/p>\n<p style=\"text-align: justify;\"><strong><em>Askerlerin serbest b\u0131rak\u0131lmas\u0131<\/em><\/strong><\/p>\n<p style=\"text-align: justify;\">&#8211; Serbest b\u0131rakma karar\u0131 adliyenin i\u015fi. Bu konularla \u00e7ok fazla ilgili de\u011filiz<\/p>\n<p style=\"text-align: justify;\">&#8211; Genelkurmay ki\u015fileri do\u011fruluyor. Ka\u011f\u0131t par\u00e7as\u0131 iddias\u0131n\u0131n ara\u015ft\u0131r\u0131ld\u0131\u011f\u0131 belirtiliyor.<\/p>\n<p style=\"text-align: justify;\"><strong><em>Soru i\u015faretleri<\/em><\/strong><\/p>\n<p style=\"text-align: justify;\">&#8211; Neden g\u00f6zetleme yap\u0131ld\u0131\u011f\u0131n\u0131 kendilerine g\u00f6re a\u00e7\u0131klam\u0131\u015flar. Bas\u0131nda bu a\u00e7\u0131klamaya kar\u015f\u0131 pek \u00e7ok sorular var. Cevap verilir mi bilmiyorum.<\/p>\n<p style=\"text-align: justify;\">&#8211; A\u00e7\u0131klama olumlu ama sonu\u00e7 al\u0131c\u0131 de\u011fil<\/p>\n<p style=\"text-align: justify;\"><strong><em>Savc\u0131l\u0131k soru\u015fturmas\u0131<\/em><\/strong><\/p>\n<p style=\"text-align: justify;\">&#8211; Tahkikat sonucu beklenmeli. Buna g\u00f6re hepimiz T\u00fcrkiye&#8217;de huzurlu bir hayat s\u00fcrd\u00fc\u011f\u00fcm\u00fcze bir kez daha inanal\u0131m.<\/p>\n<p style=\"text-align: justify;\">&#8211; \u0130lk g\u00fcnden bu yana &#8220;B\u00fclent Ar\u0131n\u00e7&#8217;a suikast haz\u0131rl\u0131\u011f\u0131&#8221; \u015feklinde haberler veriliyor. Bu, insanlar\u0131 \u00fczen, s\u0131kan, hatta tedirgin eden bir \u015fey. O g\u00fcn yap\u0131lan tespitler, elde edilen bilgi ve bulgular, olay\u0131n g\u00fcpe g\u00fcnd\u00fcz cereyan etmesi, Allah korusun bir suikast, eylem, k\u00f6t\u00fc fiil yap\u0131laca\u011f\u0131 anlam\u0131na gelmiyor. Bu \u00e7ok ileri bir iddia. Ama yap\u0131lan i\u015f bir bilgi toplama m\u0131d\u0131r, bir g\u00f6zetleme midir, haz\u0131rl\u0131k m\u0131d\u0131r? Bunun takdirini adli makamlar yapacakt\u0131r. Benim \u015fahsen bir endi\u015fem yok.<\/p>\n<p style=\"text-align: justify;\">&#8211; Ben T\u00fcrkiye&#8217;de bir siyasi \u015fahsiyete kar\u015f\u0131, bir ba\u015fbakan yard\u0131mc\u0131s\u0131na kar\u015f\u0131, hele hele T\u00fcrkiye&#8217;nin en g\u00fczide kurumu, en onurlu kurumu, en disiplinli kurumu silahl\u0131 kuvvetler i\u00e7erisinde b\u00f6yle bir yanl\u0131\u015fl\u0131k yapacak kimsenin olmad\u0131\u011f\u0131na b\u00fct\u00fcn g\u00f6nl\u00fcmle inanmak istiyorum. Ama bunu bir adli tahkikat sonucunda verece\u011fime de inan\u0131yorum ve o g\u00fcn\u00fc de bir an evvel hasretle bekliyorum.<\/p>\n<p style=\"text-align: justify;\"><strong><em>Konuyu MGK&#8217;ya ta\u015f\u0131yacak m\u0131?<\/em><\/strong><\/p>\n<p style=\"text-align: justify;\">&#8211; MGK&#8217;da bu konuyla ilgili bir konu\u015fma yapmayaca\u011f\u0131m.<\/p>\n<p style=\"text-align: justify;\"><strong><em>Muhalefete tepki<\/em><\/strong><\/p>\n<p style=\"text-align: justify;\">&#8211; Bunu mizah konusu yapmaya \u00e7al\u0131\u015fanlar\u0131 anlam\u0131yorum.Safsata kelimesini b\u00f6yle bir olay kar\u015f\u0131s\u0131nda kullanmak&#8230; (CHP milletvekili \u015eahin Meng\u00fc&#8217;ye tepki olarak)<\/p>\n<p style=\"text-align: justify;\"><strong><em>&#8220;Su\u00e7u de\u011fi\u015ftirerek kabul etme&#8230;&#8221; <\/em><\/strong><\/p>\n<p style=\"text-align: justify;\">B\u00fclent Ar\u0131n\u00e7, NTV&#8217;ye yapt\u0131\u011f\u0131 bir ba\u015fka a\u00e7\u0131klamada ise, Genelkurmay a\u00e7\u0131klamas\u0131n\u0131, &#8220;su\u00e7u de\u011fi\u015ftirerek kabul etmek&#8221; anlam\u0131na gelen hukuki bir terimle, &#8220;tevil-i ikrar&#8221; s\u00f6zleriyle de\u011ferlendirmi\u015fti.<\/p>\n<p style=\"text-align: justify;\">Ar\u0131n\u00e7, &#8220;Bir defa tespitler kabul edilmi\u015f, iki asker ki\u015fi oradad\u0131r. Bir ka\u011f\u0131t varsa bu ka\u011f\u0131t hakk\u0131nda muhtelif iddialar vard\u0131r diyorlar. \u015e\u00fcphesiz bu iddialar da de\u011ferlendirilecektir. Ama o iki ki\u015finin orada istihbarat ama\u00e7l\u0131 bulundu\u011funu kabul ediyorlar, bunun bana y\u00f6nelik olmad\u0131\u011f\u0131n\u0131, bir asker ki\u015fiye y\u00f6nelik oldu\u011funu s\u00f6yl\u00fcyorlar. Bilemem, onlar\u0131n s\u00f6yledi\u011fi bu. Ben ceza avukat\u0131y\u0131m, bizim ceza hukukumuzdaki tabirle bu tevil yollu ikrard\u0131r&#8221; ifadesini kulland\u0131.<\/p>\n<p style=\"text-align: justify;\">Ar\u0131n\u00e7, &#8220;Hem aramalar, hem de elde edilen belgeler, bilgiler savc\u0131l\u0131\u011fa intikal etmi\u015f. Ne savc\u0131l\u0131k\u00e7a, ne hakimle veya yarg\u0131n\u0131n herhangi bir organ\u0131yla bu konuyu g\u00f6r\u00fc\u015fmedim. Gazetelerde yer alan bilgiler de, san\u0131yorum oradan buradan s\u0131zan bilgilerdir. Benim ne bir belgeyle ne bir kamera kayd\u0131yla ilgili hi\u00e7bir bilgim yok. O iki ki\u015finin oralarda sivil bir ara\u00e7la, sivil bir k\u0131yafetle tespit edildi\u011fi, \u00fcst aramas\u0131 yap\u0131ld\u0131\u011f\u0131, bunlar\u0131n asker ki\u015filer oldu\u011fu s\u00f6ylendi. Zaten bunlar\u0131 Genelkurmay da kabul ediyor. Olay \u015fu anda tahkikat a\u015famas\u0131nda. Onu sab\u0131rla bekleyelim, san\u0131r\u0131m birka\u00e7 g\u00fcne kadar bu konuda bir bilgi ortaya \u00e7\u0131kacak&#8221; diye konu\u015ftu.<\/p>\n<p style=\"text-align: justify;\"><span style=\"color: #888888;\">CNN T\u00dcRK<\/span><\/p>\n","protected":false},"excerpt":{"rendered":"<p style=\"text-align: center;\">\n<p style=\"text-align: justify;\">Ba\u015fbakan Yard\u0131mc\u0131s\u0131 B\u00fclent Ar\u0131n\u00e7, Genelkurmay Ba\u015fkanl\u0131\u011f\u0131&#8217;n\u0131n kendisine y\u00f6nelik suikast iddialar\u0131 hakk\u0131ndaki a\u00e7\u0131klamas\u0131 i\u00e7in, &#8220;Asker kabul ediyor, ancak amac\u0131m farkl\u0131 diyor&#8221; yorumunu yapt\u0131.<\/p>\n<p style=\"text-align: justify;\">Ankara&#8217;da iki askeri personel, 19 Aral\u0131k&#8217;ta, B\u00fclent Ar\u0131n\u00e7&#8217;\u0131n evinin bulundu\u011fu sokakta, \u015f\u00fcphe \u00fczerine yakalanm\u0131\u015f daha sonra serbest b\u0131rak\u0131lm\u0131\u015ft\u0131. Olay g\u00fcnlerdir T\u00fcrkiye&#8217;nin g\u00fcndeminde. <\/p>\n","protected":false},"author":1,"featured_media":0,"comment_status":"open","ping_status":"closed","sticky":false,"template":"","format":"standard","meta":{"footnotes":""},"categories":[105],"tags":[],"class_list":["post-17240","post","type-post","status-publish","format-standard","hentry","category-gundem","odd"],"_links":{"self":[{"href":"http:\/\/www.korhanyilmaz.com\/index.php?rest_route=\/wp\/v2\/posts\/17240","targetHints":{"allow":["GET"]}}],"collection":[{"href":"http:\/\/www.korhanyilmaz.com\/index.php?rest_route=\/wp\/v2\/posts"}],"about":[{"href":"http:\/\/www.korhanyilmaz.com\/index.php?rest_route=\/wp\/v2\/types\/post"}],"author":[{"embeddable":true,"href":"http:\/\/www.korhanyilmaz.com\/index.php?rest_route=\/wp\/v2\/users\/1"}],"replies":[{"embeddable":true,"href":"http:\/\/www.korhanyilmaz.com\/index.php?rest_route=%2Fwp%2Fv2%2Fcomments&post=17240"}],"version-history":[{"count":0,"href":"http:\/\/www.korhanyilmaz.com\/index.php?rest_route=\/wp\/v2\/posts\/17240\/revisions"}],"wp:attachment":[{"href":"http:\/\/www.korhanyilmaz.com\/index.php?rest_route=%2Fwp%2Fv2%2Fmedia&parent=17240"}],"wp:term":[{"taxonomy":"category","embeddable":true,"href":"http:\/\/www.korhanyilmaz.com\/index.php?rest_route=%2Fwp%2Fv2%2Fcategories&post=17240"},{"taxonomy":"post_tag","embeddable":true,"href":"http:\/\/www.korhanyilmaz.com\/index.php?rest_route=%2Fwp%2Fv2%2Ftags&post=17240"}],"curies":[{"name":"wp","href":"https:\/\/api.w.org\/{rel}","templated":true}]}}