{"id":17234,"date":"2009-12-24T15:45:30","date_gmt":"2009-12-24T13:45:30","guid":{"rendered":"http:\/\/www.korhanyilmaz.com\/?p=17234"},"modified":"2009-12-24T15:45:30","modified_gmt":"2009-12-24T13:45:30","slug":"bassavcidan-kilicdarogluna-yanit","status":"publish","type":"post","link":"http:\/\/www.korhanyilmaz.com\/?p=17234","title":{"rendered":"Ba\u015fsavc\u0131&#039;dan K\u0131l\u0131\u00e7daro\u011flu&#039;na yan\u0131t"},"content":{"rendered":"<p><a href=\"http:\/\/www.korhanyilmaz.com\/wp-content\/uploads\/2009\/12\/sinan_kus.jpg\"  class=\"lightview\"><img loading=\"lazy\" decoding=\"async\" class=\"size-full wp-image-17235 alignleft\" style=\"margin-left: 10px; margin-right: 10px;\" src=\"http:\/\/www.korhanyilmaz.com\/wp-content\/uploads\/2009\/12\/sinan_kus.jpg\" alt=\"\" width=\"212\" height=\"257\" \/><\/a><\/p>\n<p style=\"text-align: justify;\">Erzurum Cumhuriyet Ba\u015fsavc\u0131s\u0131 Sinan Ku\u015f, CHP Grup ba\u015fkanvekili Kemal K\u0131l\u0131\u00e7daro\u011flu&#8217;nun a\u00e7\u0131klamas\u0131yla g\u00fcndeme gelen, Erzurum 2. A\u011f\u0131r Ceza Mahkemesi&#8217;nce verilen karar\u0131n usul ve kanuna uygun oldu\u011funu a\u00e7\u0131klad\u0131.<\/p>\n<p style=\"text-align: justify;\">Ba\u015fsavc\u0131 Ku\u015f, makam\u0131nda yapt\u0131\u011f\u0131 a\u00e7\u0131klamada, Erzurum 2. A\u011f\u0131r Ceza Mahkemesi taraf\u0131ndan verilen bir mahkeme karar\u0131nda, ilgili yasan\u0131n \u00f6ng\u00f6rd\u00fc\u011f\u00fc, &#8220;arama nedeni, aranacak ki\u015fi, arama yap\u0131lacak yer ve di\u011fer adresler&#8221; gibi zorunlu bilgilerin yer almad\u0131\u011f\u0131, hatta aran\u0131lacak \u015f\u00fcphelilerin isim ve adreslerin bulundu\u011fu b\u00f6l\u00fcm\u00fcn bo\u015f oldu\u011fu, adeta (bo\u015f arama karar\u0131) verildi\u011fi y\u00f6n\u00fcnde ger\u00e7e\u011fi yans\u0131tmayan iddiaya dayal\u0131 haberlerin yer almas\u0131 nedeniyle a\u00e7\u0131klama yap\u0131lmas\u0131na ihtiya\u00e7 duyuldu\u011funu belirtti. <!--more--><\/p>\n<p style=\"text-align: justify;\">Erzurum 2. A\u011f\u0131r ceza Mahkemesinin 18 Kas\u0131m 2009 tarihindeki &#8220;El Koyma ve Arama Karar\u0131&#8221;n\u0131 an\u0131msatan Ku\u015f, &#8220;Hakim taraf\u0131ndan verilen bu karar\u0131n usul ve kanuna uygun oldu\u011fu g\u00f6r\u00fclmektedir. (Kararda aran\u0131lacak \u015f\u00fcphelilerin isim ve adresleri de a\u00e7\u0131k\u00e7a yaz\u0131lm\u0131\u015ft\u0131r.) Bu kararda bo\u015f b\u0131rak\u0131ld\u0131\u011f\u0131 belirtilen isim ve adreslerin, konunun hassasiyetine ve gizlili\u011fine binaen delil karartma durumunun \u00f6n\u00fcne ge\u00e7ilmesi a\u00e7\u0131s\u0131ndan isim ve adreslerin \u00fczeri kapat\u0131larak, Cumhuriyet Ba\u015fsavc\u0131l\u0131\u011f\u0131m\u0131zca (CMK&#8217;n\u0131n 250. Maddesi ile Yetkili G\u00f6revli) 18.11.2009 saat 11.34&#8217;te, kurumlar aras\u0131 \u00e7at\u0131\u015fmaya sebebiyet vermemek ve ilgili makam\u0131n nezaketen bilgilendirilmesine y\u00f6nelik olarak, Erzincan Merkez komutanl\u0131\u011f\u0131na faks \u00e7ekilmi\u015ftir. G\u00f6revli Cumhuriyet savc\u0131lar\u0131 da faks\u0131n \u00e7ekilmesine m\u00fcteakip Erzincan&#8217;a hareket etmi\u015flerdir&#8221; dedi.<\/p>\n<p style=\"text-align: justify;\">Ba\u015fsavc\u0131s\u0131 Ku\u015f, an\u0131lan karar\u0131n asl\u0131n\u0131n daha sonra Erzurum Savc\u0131lar\u0131 taraf\u0131ndan gerek Erzincan Merkez Komutanl\u0131\u011f\u0131 g\u00f6revlilerin, gerekse arama ve mahallinde bulunan \u015f\u00fcpheliler ile \u015f\u00fcpheli temsilcilerine g\u00f6nderildi\u011fini kaydetti.<\/p>\n<p style=\"text-align: justify;\">Ku\u015f, durumun bilahare de mahkeme karar\u0131n\u0131n icras\u0131, yine yetkili Cumhuriyet Savc\u0131lar\u0131n\u0131n kat\u0131l\u0131m\u0131yla Merkez Komutanl\u0131\u011f\u0131 g\u00f6revlileri ve Erzincan 3. Ordu Komutanl\u0131\u011f\u0131 Askeri savc\u0131s\u0131yla birlikte yerine getirildi\u011fini belirtti.<\/p>\n<p style=\"text-align: justify;\"><span style=\"color: #888888;\">CNN T\u00dcRK<\/span><\/p>\n","protected":false},"excerpt":{"rendered":"<\/p>\n<p style=\"text-align: justify;\">Erzurum Cumhuriyet Ba\u015fsavc\u0131s\u0131 Sinan Ku\u015f, CHP Grup ba\u015fkanvekili Kemal K\u0131l\u0131\u00e7daro\u011flu&#8217;nun a\u00e7\u0131klamas\u0131yla g\u00fcndeme gelen, Erzurum 2. A\u011f\u0131r Ceza Mahkemesi&#8217;nce verilen karar\u0131n usul ve kanuna uygun oldu\u011funu a\u00e7\u0131klad\u0131.<\/p>\n<p style=\"text-align: justify;\">Ba\u015fsavc\u0131 Ku\u015f, makam\u0131nda yapt\u0131\u011f\u0131 a\u00e7\u0131klamada, Erzurum 2. A\u011f\u0131r Ceza Mahkemesi taraf\u0131ndan verilen bir mahkeme karar\u0131nda, ilgili yasan\u0131n \u00f6ng\u00f6rd\u00fc\u011f\u00fc, &#8220;arama nedeni, aranacak ki\u015fi, arama yap\u0131lacak <\/p>\n","protected":false},"author":1,"featured_media":0,"comment_status":"open","ping_status":"closed","sticky":false,"template":"","format":"standard","meta":{"footnotes":""},"categories":[105],"tags":[],"class_list":["post-17234","post","type-post","status-publish","format-standard","hentry","category-gundem","odd"],"_links":{"self":[{"href":"http:\/\/www.korhanyilmaz.com\/index.php?rest_route=\/wp\/v2\/posts\/17234","targetHints":{"allow":["GET"]}}],"collection":[{"href":"http:\/\/www.korhanyilmaz.com\/index.php?rest_route=\/wp\/v2\/posts"}],"about":[{"href":"http:\/\/www.korhanyilmaz.com\/index.php?rest_route=\/wp\/v2\/types\/post"}],"author":[{"embeddable":true,"href":"http:\/\/www.korhanyilmaz.com\/index.php?rest_route=\/wp\/v2\/users\/1"}],"replies":[{"embeddable":true,"href":"http:\/\/www.korhanyilmaz.com\/index.php?rest_route=%2Fwp%2Fv2%2Fcomments&post=17234"}],"version-history":[{"count":0,"href":"http:\/\/www.korhanyilmaz.com\/index.php?rest_route=\/wp\/v2\/posts\/17234\/revisions"}],"wp:attachment":[{"href":"http:\/\/www.korhanyilmaz.com\/index.php?rest_route=%2Fwp%2Fv2%2Fmedia&parent=17234"}],"wp:term":[{"taxonomy":"category","embeddable":true,"href":"http:\/\/www.korhanyilmaz.com\/index.php?rest_route=%2Fwp%2Fv2%2Fcategories&post=17234"},{"taxonomy":"post_tag","embeddable":true,"href":"http:\/\/www.korhanyilmaz.com\/index.php?rest_route=%2Fwp%2Fv2%2Ftags&post=17234"}],"curies":[{"name":"wp","href":"https:\/\/api.w.org\/{rel}","templated":true}]}}