{"id":17231,"date":"2009-12-24T16:19:50","date_gmt":"2009-12-24T14:19:50","guid":{"rendered":"http:\/\/www.korhanyilmaz.com\/?p=17231"},"modified":"2009-12-24T16:19:50","modified_gmt":"2009-12-24T14:19:50","slug":"pkknin-sivil-olusumuna-operasyon-34-gozalti","status":"publish","type":"post","link":"http:\/\/www.korhanyilmaz.com\/?p=17231","title":{"rendered":"PKK&#039;n\u0131n sivil olu\u015fumuna operasyon: 34 g\u00f6zalt\u0131"},"content":{"rendered":"<p><a href=\"http:\/\/www.korhanyilmaz.com\/wp-content\/uploads\/2009\/12\/KCK.jpg\"  class=\"lightview\"><img loading=\"lazy\" decoding=\"async\" class=\"aligncenter size-full wp-image-17232\" src=\"http:\/\/www.korhanyilmaz.com\/wp-content\/uploads\/2009\/12\/KCK.jpg\" alt=\"\" width=\"292\" height=\"238\" \/><\/a><\/p>\n<p style=\"text-align: justify;\">Ter\u00f6r \u00f6rg\u00fct\u00fc PKK&#8217;n\u0131n KCK yap\u0131lanmas\u0131na y\u00f6nelik 11 ilde s\u00fcrd\u00fcr\u00fclen e\u015fzamanl\u0131 operasyon kapsam\u0131nda aralar\u0131nda eski DTP&#8217;li belediye ba\u015fkanlar\u0131n\u0131n da bulundu\u011fu 34 ki\u015fi g\u00f6zalt\u0131na al\u0131nd\u0131.<\/p>\n<p style=\"text-align: justify;\">Eski DTP&#8217;li Ahmet T\u00fcrk operasyonda g\u00f6zalt\u0131na al\u0131nanlarla ilgili, &#8220;Hepsi demokratik siyasetin i\u00e7indeler&#8221; dedi. <!--more--><\/p>\n<p style=\"text-align: justify;\">Diyarbak\u0131r Cumhuriyet Ba\u015fsavc\u0131l\u0131\u011f\u0131&#8217;n\u0131n ter\u00f6r \u00f6rg\u00fct\u00fc PKK&#8217;n\u0131n sivil olu\u015fumu &#8220;K\u00fcrdistan Topluluklar Birli\u011fi\/T\u00fcrkiye Meclisi (KCK\/TM) Yap\u0131lanmas\u0131&#8221;na y\u00f6nelik y\u00fcr\u00fctt\u00fc\u011f\u00fc soru\u015fturma kapsam\u0131nda operasyonlar s\u00fcr\u00fcyor.<\/p>\n<p style=\"text-align: justify;\">11 ilde ger\u00e7ekle\u015ftirilen ve 8&#8217;i belediye ba\u015fkan\u0131 34 ki\u015finin g\u00f6zalt\u0131na al\u0131nd\u0131\u011f\u0131 operasyonlarda, KCK\/TM yap\u0131lanmas\u0131yla ili\u015fkileri oldu\u011fu ileri s\u00fcr\u00fcl\u00fcn belediye ba\u015fkanlar\u0131n\u0131n Emniyet M\u00fcd\u00fcrl\u00fc\u011f\u00fc Ter\u00f6rle M\u00fccadele \u015eubesinde ifade al\u0131nma i\u015flemlerine ba\u015fland\u0131\u011f\u0131 bildirildi.<\/p>\n<p style=\"text-align: justify;\">Diyarbak\u0131r Cumhuriyet Ba\u015fsavc\u0131l\u0131\u011f\u0131&#8217;nca bu sabah erken saatlerde ba\u015flat\u0131lan e\u015fzamanl\u0131 operasyonda g\u00f6zalt\u0131na al\u0131nanlar aras\u0131nda siyasi yasakl\u0131 olan Siirt Belediye Ba\u015fkan\u0131 Selim Sadak, \u015e\u0131rnak&#8217;\u0131n Cizre il\u00e7esi Belediye Ba\u015fkan\u0131 Ayd\u0131n Budak, K\u0131z\u0131ltepe Belediye Ba\u015fkan\u0131 Ferhan T\u00fcrk ve DTP&#8217;nin kapat\u0131lmas\u0131 \u00fczerine Bar\u0131\u015f ve Demokrasi Partisine (BDP) ge\u00e7en Diyarbak\u0131r Kayap\u0131nar Belediyesi Ba\u015fkan\u0131 Z\u00fclk\u00fcf Karatekin, Sur Belediye Ba\u015fkan\u0131 Abdullah Demirba\u015f, \u00c7\u0131nar Belediye Ba\u015fkan\u0131 Ahmet Cengiz, Viran\u015fehir Belediye Ba\u015fkan\u0131 Leyla G\u00fcven, kapat\u0131lan DTP&#8217;nin eski Dicle Belediye Ba\u015fkan\u0131 Abdullah Akengin, Diyarbak\u0131r B\u00fcy\u00fck\u015fehir Belediye Ba\u015fkan Vekili Ali \u015eim\u015fek, BDP Diyarbak\u0131r \u0130l Ba\u015fkan\u0131 F\u0131rat Anl\u0131, \u0130HD Genel Ba\u015fkan Yard\u0131mc\u0131s\u0131 ve Diyarbak\u0131r \u015eube Ba\u015fkan\u0131 Muharrem Erbey, Demokratik Toplum Kongresi E\u015fba\u015fkan\u0131 Hatip Dicle, kapat\u0131lan DTP&#8217;nin eski Batman Belediye Ba\u015fkan\u0131 H\u00fcseyin Kalkan da bulunuyor.<\/p>\n<p style=\"text-align: justify;\"><strong><em>KCK&#8217;n\u0131n anlat\u0131ld\u0131\u011f\u0131 iddianame <\/em><\/strong><\/p>\n<p style=\"text-align: justify;\">Diyarbak\u0131r Cumhuriyet Ba\u015fsavc\u0131l\u0131\u011f\u0131&#8217;nca 28 May\u0131s 2009 tarihinde haz\u0131rlanan ve KCK\/TM yap\u0131lanmas\u0131n\u0131n anlat\u0131ld\u0131\u011f\u0131 iddianamede, KCK\/TM mensuplar\u0131n\u0131n, \u00f6rg\u00fct ad\u0131na s\u00f6zde yarg\u0131lama faaliyetleri yapt\u0131klar\u0131 yer al\u0131yor.<\/p>\n<p style=\"text-align: justify;\">S\u00f6zde mahkemede, baz\u0131 belediye ba\u015fkanlar\u0131n\u0131n da yapt\u0131klar\u0131 faaliyetlerden dolay\u0131 yarg\u0131land\u0131klar\u0131 ve cezaland\u0131r\u0131ld\u0131klar\u0131 anlat\u0131l\u0131yor. Ter\u00f6r \u00f6rg\u00fct\u00fcn\u00fcn s\u00f6zde anayasas\u0131 olan KCK s\u00f6zle\u015fmesi kapsam\u0131nda KCK\/TM yap\u0131s\u0131n\u0131n &#8220;Demokratik Cumhuriyet&#8221; ile alakal\u0131 planlamalar yap\u0131p, \u00f6rg\u00fct\u00fcn yap\u0131s\u0131n\u0131, resmi kurumlar i\u00e7inde kurmak ve faaliyetlerini d\u00fczenlemek i\u00e7in &#8220;\u00d6zg\u00fcr belediyecilik&#8221; ad\u0131 alt\u0131nda bir model \u00e7al\u0131\u015fmas\u0131 yapt\u0131klar\u0131 da ifade ediliyor.<\/p>\n<p style=\"text-align: justify;\">\u0130ddianamede ayr\u0131ca ter\u00f6r \u00f6rg\u00fct\u00fc PKK&#8217;n\u0131n Avrupa sorumlusu olan &#8220;Amed&#8221; kod adl\u0131 Sabri Ok&#8217;un, \u0130.U. i\u00e7in Diyarbak\u0131r B\u00fcy\u00fck\u015fehir Belediye Ba\u015fkan\u0131 Osman Baydemir ile telefonda g\u00f6r\u00fc\u015ft\u00fc\u011f\u00fc ve \u0130.U&#8217;yu listeye yerle\u015ftirmesini istedi\u011fi iddia edilmi\u015fti.<\/p>\n<p style=\"text-align: justify;\"><strong><em>Kandil&#8217;den ald\u0131klar\u0131 talimatlar\u0131 iletiyorlar <\/em><\/strong><\/p>\n<p style=\"text-align: justify;\">\u0130ddianamede, ter\u00f6r \u00f6rg\u00fct\u00fc PKK ad\u0131na faaliyet y\u00fcr\u00fcten KCK\/TM mensuplar\u0131n\u0131n s\u0131k s\u0131k \u00f6rg\u00fct\u00fcn Kandil&#8217;de bulunan kamplar\u0131na giderek toplant\u0131lara kat\u0131ld\u0131\u011f\u0131, verilen talimatlar\u0131 ve g\u00f6zlemlerini di\u011fer TM \u00fcyelerine anlatt\u0131klar\u0131 kaydediliyor.<\/p>\n<p style=\"text-align: justify;\">KCK\/TM yap\u0131lanmas\u0131nda yer alan mensuplar\u0131n, ter\u00f6r \u00f6rg\u00fct\u00fc PKK&#8217;dan bahsederken &#8220;\u00d6rg\u00fct&#8221;, &#8220;Hareket&#8221; \u015feklinde isimler kulland\u0131klar\u0131, \u00f6rg\u00fct\u00fcn eleba\u015f\u0131 Abdullah \u00d6calan i\u00e7in de &#8220;\u00d6nderlik&#8221; ifadesinin kullan\u0131ld\u0131\u011f\u0131 belirtiliyor.<\/p>\n<p style=\"text-align: justify;\"><span style=\"color: #888888;\">CNN T\u00dcRK<\/span><\/p>\n","protected":false},"excerpt":{"rendered":"<\/p>\n<p style=\"text-align: justify;\">Ter\u00f6r \u00f6rg\u00fct\u00fc PKK&#8217;n\u0131n KCK yap\u0131lanmas\u0131na y\u00f6nelik 11 ilde s\u00fcrd\u00fcr\u00fclen e\u015fzamanl\u0131 operasyon kapsam\u0131nda aralar\u0131nda eski DTP&#8217;li belediye ba\u015fkanlar\u0131n\u0131n da bulundu\u011fu 34 ki\u015fi g\u00f6zalt\u0131na al\u0131nd\u0131.<\/p>\n<p style=\"text-align: justify;\">Eski DTP&#8217;li Ahmet T\u00fcrk operasyonda g\u00f6zalt\u0131na al\u0131nanlarla ilgili, &#8220;Hepsi demokratik siyasetin i\u00e7indeler&#8221; dedi. <\/p>\n","protected":false},"author":1,"featured_media":0,"comment_status":"open","ping_status":"closed","sticky":false,"template":"","format":"standard","meta":{"footnotes":""},"categories":[105],"tags":[],"class_list":["post-17231","post","type-post","status-publish","format-standard","hentry","category-gundem","odd"],"_links":{"self":[{"href":"http:\/\/www.korhanyilmaz.com\/index.php?rest_route=\/wp\/v2\/posts\/17231","targetHints":{"allow":["GET"]}}],"collection":[{"href":"http:\/\/www.korhanyilmaz.com\/index.php?rest_route=\/wp\/v2\/posts"}],"about":[{"href":"http:\/\/www.korhanyilmaz.com\/index.php?rest_route=\/wp\/v2\/types\/post"}],"author":[{"embeddable":true,"href":"http:\/\/www.korhanyilmaz.com\/index.php?rest_route=\/wp\/v2\/users\/1"}],"replies":[{"embeddable":true,"href":"http:\/\/www.korhanyilmaz.com\/index.php?rest_route=%2Fwp%2Fv2%2Fcomments&post=17231"}],"version-history":[{"count":0,"href":"http:\/\/www.korhanyilmaz.com\/index.php?rest_route=\/wp\/v2\/posts\/17231\/revisions"}],"wp:attachment":[{"href":"http:\/\/www.korhanyilmaz.com\/index.php?rest_route=%2Fwp%2Fv2%2Fmedia&parent=17231"}],"wp:term":[{"taxonomy":"category","embeddable":true,"href":"http:\/\/www.korhanyilmaz.com\/index.php?rest_route=%2Fwp%2Fv2%2Fcategories&post=17231"},{"taxonomy":"post_tag","embeddable":true,"href":"http:\/\/www.korhanyilmaz.com\/index.php?rest_route=%2Fwp%2Fv2%2Ftags&post=17231"}],"curies":[{"name":"wp","href":"https:\/\/api.w.org\/{rel}","templated":true}]}}