{"id":17223,"date":"2009-12-23T07:37:04","date_gmt":"2009-12-23T05:37:04","guid":{"rendered":"http:\/\/www.korhanyilmaz.com\/?p=17223"},"modified":"2009-12-23T07:37:04","modified_gmt":"2009-12-23T05:37:04","slug":"bassavci-cihaner-icin-gonderilen-ihbar-mektubu-sahte-iddiasi","status":"publish","type":"post","link":"http:\/\/www.korhanyilmaz.com\/?p=17223","title":{"rendered":"Ba\u015fsavc\u0131 Cihaner i\u00e7in g\u00f6nderilen ihbar mektubu sahte iddias\u0131"},"content":{"rendered":"<p style=\"text-align: center;\"><a href=\"http:\/\/www.korhanyilmaz.com\/wp-content\/uploads\/2009\/12\/cihaner.jpeg\"  class=\"lightview\"><img loading=\"lazy\" decoding=\"async\" class=\"aligncenter size-full wp-image-17224\" src=\"http:\/\/www.korhanyilmaz.com\/wp-content\/uploads\/2009\/12\/cihaner.jpeg\" alt=\"\" width=\"306\" height=\"204\" \/><\/a><\/p>\n<p style=\"text-align: justify;\">\u0130smaila\u011fa ve G\u00fclen cemaatine y\u00f6nelik soru\u015fturmalar\u0131 ba\u015flatan ve daha sonra bu dosyalar\u0131 Erzurum \u00d6zel Yetkili Savc\u0131l\u0131\u011f\u0131na devreden, hakk\u0131nda Adalet Bakanl\u0131\u011f\u0131&#8217;nca 26 y\u0131l hapis istemiyle dava a\u00e7\u0131lan Erzincan Cumhuriyet Ba\u015fsavc\u0131s\u0131 \u0130lhan Cihaner&#8217;e ili\u015fkin bakanl\u0131\u011fa g\u00f6nderilen ihbar mektubundaki imzan\u0131n sahte oldu\u011fu \u00f6ne s\u00fcr\u00fcld\u00fc. <!--more--><\/p>\n<p style=\"text-align: justify;\">\u015eikayet dilet\u00e7esinde ad\u0131 kullan\u0131lan Erzincan Belediyesi \u0130mar \u0130\u015fleri M\u00fcd\u00fcr\u00fc \u0130kram \u00c7amur, Cumhuriyet Ba\u015fsavc\u0131l\u0131\u011f\u0131&#8217;na ba\u015fvurarak ihbar mektubunu yazanlar hakk\u0131nda yasal i\u015flem yap\u0131lmas\u0131n\u0131 istedi.<\/p>\n<p style=\"text-align: justify;\">Erzincan Belediyesi \u0130mar \u0130\u015fleri M\u00fcd\u00fcr\u00fc \u0130kram \u00c7amur imzas\u0131 ile Adalet Bakanl\u0131\u011f\u0131&#8217;na 20 Mart 2009 tarihinde g\u00f6nderilen \u015fikayet dilek\u00e7esinde, kentin ge\u00e7mi\u015fte deprem felaketleriyle kar\u015f\u0131la\u015ft\u0131\u011f\u0131, \u00e7ok say\u0131da can ve mal kayb\u0131 g\u00f6r\u00fcld\u00fc\u011f\u00fc belirtildi. \u00c7amur imzal\u0131 dilek\u00e7ede bu nedenle imar mevzuat\u0131na ayk\u0131r\u0131 yap\u0131la\u015fmalara izin verilmedi\u011fi, uygun olmayan yap\u0131lar\u0131n y\u0131k\u0131ld\u0131\u011f\u0131n\u0131 ve sorumlulara para cezas\u0131 vererek haklar\u0131nda su\u00e7 duyurusunda bulunuldu\u011fu anlat\u0131ld\u0131. Mektupta Erzincan Cumhuriyet Ba\u015fsavc\u0131s\u0131 \u0130lhan Cihaner&#8217;in Adliye lojmanlar\u0131 bah\u00e7esine ruhsats\u0131z in\u015faat yapt\u0131\u011f\u0131 savunularak \u015f\u00f6yle denildi:<\/p>\n<p style=\"text-align: justify;\">\u201cBunu g\u00f6ren ve belediye ve ruhsats\u0131z yap\u0131 konusunda anla\u015fmazl\u0131k ya\u015fayanlar \u2018G\u00fcc\u00fcn\u00fcz bize mi yetiyor? Cumhuriyet Ba\u015fsavc\u0131s\u0131 peki nas\u0131l oluyor da ruhsats\u0131z yapabiliyor?\u2019 diyerek bize kar\u015f\u0131 \u00e7\u0131k\u0131yor. Bu durum nedeni ile say\u0131n ba\u015fsavc\u0131ya yapt\u0131rd\u0131\u011f\u0131 ruhsats\u0131z yap\u0131n\u0131n vatanda\u015flarca bize \u015fikayet konusu edildi\u011fini, bu nedenle i\u015flem yapmay\u0131 d\u00fc\u015f\u00fcnd\u00fc\u011f\u00fcm\u00fcz\u00fc belirtti\u011fimizde kendisi bizlere \u00e7ok sert tepki g\u00f6sterdi. Hakk\u0131m\u0131zda \u015fikayetler oldu\u011funu, bunlar\u0131 i\u015fleme koyabilece\u011fini, belirterek tehditvari bir \u015fekilde bizi azarlad\u0131. Oysa bizi azarlayaca\u011f\u0131na, yap\u0131m maliyeti yakla\u015f\u0131k 50 bin liray\u0131 bulan bu yap\u0131n\u0131n kayna\u011f\u0131n\u0131n ne oldu\u011funu a\u00e7\u0131klamas\u0131 gerekir. Ba\u015fsavc\u0131 bey, kayna\u011f\u0131n\u0131 a\u00e7\u0131klamasa da ilimizdeki pek \u00e7ok ki\u015fi gibi ben de bu kayna\u011f\u0131n kanunsuz i\u015fleri hi\u00e7 eksik olmayan ildeki baz\u0131 hat\u0131rl\u0131 ki\u015filer taraf\u0131ndan sa\u011fland\u0131\u011f\u0131n\u0131 biliyorum. Kanunlara \u00f6ncelik uymas\u0131 gereken say\u0131n Ba\u015fsavc\u0131m\u0131z\u0131n bu yapt\u0131klar\u0131n\u0131 bilginize sunuyor ve gere\u011finin yap\u0131lmas\u0131n\u0131 arz ediyorum.\u201d<\/p>\n<p style=\"text-align: justify;\">Bakanl\u0131k taraf\u0131ndan g\u00f6revlendirilen Ba\u015fm\u00fcfetti\u015f Ali Ery\u0131lmaz ile M\u00fcfetti\u015f Dursun Ali G\u00fcndo\u011fdu, 6 Temmuz 2009&#8217;da Erzincan&#8217;a gelerek Belediye \u0130mar \u0130\u015fleri M\u00fcd\u00fcr\u00fc \u0130kram \u00c7amur&#8217;un ifadesine ba\u015fvurdu. \u00c7amur, 12 y\u0131ldan bu yana belediyede \u00e7al\u0131\u015ft\u0131\u011f\u0131n\u0131, ge\u00e7en y\u0131l cumhuriyet ba\u015fsavc\u0131l\u0131\u011f\u0131ndan lojmanlar\u0131n bulundu\u011fu bah\u00e7ede yapmay\u0131 d\u00fc\u015f\u00fcnd\u00fckleri kameriye konusunda sak\u0131nca olup- olmad\u0131\u011f\u0131n\u0131 soruldu\u011funu bildirdi. Yan\u0131t verdikten sonra belediyeye m\u00fcracaat olmad\u0131\u011f\u0131n\u0131 anlatan \u0130kram \u00c7amur, 18 Aral\u0131k 2009&#8217;da Erzincan Cumhuriyet Ba\u015fsavc\u0131l\u0131\u011f\u0131&#8217;na dilek\u00e7e g\u00f6nderdi. Adalet Bakanl\u0131\u011f\u0131\u2019na Cumhuriyet Ba\u015fsavc\u0131s\u0131 \u0130lhan Cihaner\u2019i su\u00e7layan dilek\u00e7eyi kendisinin yollamad\u0131\u011f\u0131n\u0131 savunan \u0130kram \u00c7amur, bunu yazalar\u0131n tespit edilerek haklar\u0131nda yasal i\u015flem yap\u0131lmas\u0131n\u0131 istedi. \u00c7amur, dilek\u00e7esinde \u015f\u00f6yle dedi:<\/p>\n<p style=\"text-align: justify;\">\u201cErzincan Belediyesi \u0130mar ve \u015eehircilik M\u00fcd\u00fcrl\u00fc\u011f\u00fc g\u00f6revini y\u00fcr\u00fctmekteyim. Adalet Bakanl\u0131\u011f\u0131na g\u00f6nderilen ad\u0131ma d\u00fczenlenmi\u015f sahte dilek\u00e7e ile Erzincan Cumhuriyet Ba\u015fsavc\u0131s\u0131 hakk\u0131nda su\u00e7 duyurusu yap\u0131ld\u0131\u011f\u0131n\u0131 \u00f6\u011frenmi\u015f bulunmaktay\u0131m. Dilek\u00e7edeki imza benim imzamla kar\u015f\u0131la\u015ft\u0131r\u0131ld\u0131\u011f\u0131nda sahte oldu\u011fu net bir \u015fekilde anla\u015f\u0131lmaktad\u0131r. Ayr\u0131ca dilek\u00e7ede bahsedilen olaylar\u0131n hi\u00e7biri ger\u00e7e\u011fi yans\u0131tmamaktad\u0131r. Cumhuriyet Ba\u015fsavc\u0131s\u0131 \u0130lhan Cihaner&#8217;in ruhsats\u0131z in\u015faat yapt\u0131\u011f\u0131, bizi tehdit etti\u011fi tamamen d\u00fczmece ve iftirad\u0131r. Ayr\u0131ca Hakim- Savc\u0131 lojmanlar\u0131 i\u00e7erisinde yap\u0131lan kameriye ile ilgili Cumhuriyet Ba\u015fsavc\u0131l\u0131\u011f\u0131nca belediyemize 30.10. 2008 tarihinde m\u00fcracaat edilmi\u015f ve belediyemizce \u2018Parsel s\u0131n\u0131rlar\u0131 i\u00e7erisinde yap\u0131lmak ve kapal\u0131 alan olu\u015fturmamak kayd\u0131 ile\u2019 izin verilmi\u015ftir. Adalet Ba\u015fm\u00fcfetti\u015fli\u011fi taraf\u0131ndan 19 Haziran 2009 tarihinde bu kameriye ile ilgili olarak \u2018Herhangi bir \u015fikayet olup olmad\u0131\u011f\u0131 ve imar mevzuat\u0131na ayk\u0131r\u0131l\u0131k bulunup bulunmad\u0131\u011f\u0131\u2019 sorulmu\u015ftur. Belediyemizce yap\u0131lan inceleme neticesinde \u2018Herhangi bir \u015fikayet olmad\u0131\u011f\u0131 ve bah\u00e7e i\u00e7erisine yap\u0131lan kameriyenin s\u00fcrg\u00fcl\u00fc cam sistemi ile k\u0131smen kapal\u0131 olarak kullan\u0131ld\u0131\u011f\u0131, ayr\u0131ca arka k\u0131sm\u0131na 1 adet WC Lavabo yap\u0131ld\u0131\u011f\u0131 ve bunun mevzuata uygun olmad\u0131\u011f\u0131\u2019 bildirilmi\u015ftir. Bu durum belediyemizce Cumhuriyet Ba\u015fsavc\u0131l\u0131\u011f\u0131na da iletilmi\u015ftir. Cumhuriyet Ba\u015fsavc\u0131l\u0131\u011f\u0131nca WC Lavabo s\u00f6k\u00fclerek bu k\u0131s\u0131m uygun hale getirilmi\u015ftir. Daha sonra Adalet Ba\u015fm\u00fcfetti\u015fli\u011fince ifademe ba\u015fvurulmu\u015ftur. 6 Temmuz 2009 tarihli ifademde olaylar\u0131 anlatt\u0131m. Yap\u0131lm\u0131\u015f kameriyenin m\u00fc\u015ftemilat olarak de\u011ferlendirilemeyece\u011fini, s\u00fcrg\u00fcl\u00fc cam sistemi ile k\u0131smen kapal\u0131 kullan\u0131ld\u0131\u011f\u0131ndan dolay\u0131 uygun olmad\u0131\u011f\u0131, a\u00e7\u0131k olarak kullan\u0131l\u0131rsa imar mevzuat\u0131na uygun olaca\u011f\u0131n\u0131 a\u00e7\u0131k\u00e7a ifade ettim. Benim ismimi kullanarak haz\u0131rlanm\u0131\u015f olan dilek\u00e7enin sahte oldu\u011fu net olarak anla\u015f\u0131lmaktad\u0131r.\u201d<\/p>\n<p style=\"text-align: justify;\"><strong><em>\u201cPOL\u0130S\u0130 SU\u00c7LADI, SONRA VAZGE\u00c7T\u0130\u201d \u0130DD\u0130ASI<\/em><\/strong><\/p>\n<p style=\"text-align: justify;\">Erzincan&#8217;da 27 Ekim tarihinde DS\u0130&#8217;ye ait sulama baraj\u0131nda m\u00fchimmat bulunmas\u0131 ard\u0131ndan ortaya \u00e7\u0131kan bir muhbirin \u0130l Jandarma Komutanl\u0131\u011f\u0131&#8217;na giderek \u201c3 polis geldi. \u2018Bu aralar ortal\u0131k sakin biraz kar\u0131\u015ft\u0131ral\u0131m. Biz sana m\u00fchimmat verelim sen de bunlar\u0131 baraj g\u00f6l\u00fcne at\u2019 dediler. Ancak ben bunu kabul etmedim. Onlar atm\u0131\u015f olabilir\u201d diye ifade verdi\u011fi iddia edildi. Bu ifadeler \u00fczerine muhbir ile k\u0131sa s\u00fcre \u00f6nce Erzurum\u2019a gelerek \u00d6zel Yetkili Savc\u0131ya ifade eden \u0130l Jandarma Komutan\u0131 Albay Ali Tapan g\u00f6r\u00fc\u015ft\u00fc, geli\u015fme hakk\u0131nda Cumhuriyet Ba\u015fsavc\u0131s\u0131 \u0130lhan Cinaner\u2019e bilgi verildi. \u0130lhan Cihaner&#8217;in \u201cBu \u015fah\u0131s ifade verirse kimli\u011fi gizli tutulur, gere\u011fi yap\u0131l\u0131r. \u00dcstlerinize de bu konuda gerekli bilgiyi verin\u201d dedi.<\/p>\n<p style=\"text-align: justify;\">Yine iddiaya g\u00f6re, muhbirle tekrar ba\u011flant\u0131 kurmak isteyen ve \u015fimdi Erzurum\u2019da tutuklu bulunan Jandarma \u0130stihbarat \u015eube M\u00fcd\u00fcr\u00fc Nedim Ertan, tepki g\u00f6rd\u00fc. Ad\u0131 a\u00e7\u0131klanmayan muhbir iddiaya g\u00f6re bu kez de \u201cBenimle konu\u015fmaya gelmeyin. Ailem ve benim hayat\u0131m\u0131 tehlikeye at\u0131yorsunuz\u201d diye kar\u015f\u0131l\u0131k verdi.<\/p>\n<p style=\"text-align: justify;\">Bu arada baraj g\u00f6l\u00fcnde bulunan m\u00fchimmat ile ilgili Cumhuriyet Ba\u015fsavc\u0131l\u0131\u011f\u0131&#8217;na ge\u00e7 bilgi verilmesinden dolay\u0131, Cumhuriyet Ba\u015fsavc\u0131s\u0131 \u0130lhan Cihaner\u2019in Emniyet M\u00fcd\u00fcrl\u00fc\u011f\u00fc hakk\u0131nda ba\u015flatt\u0131\u011f\u0131 soru\u015fturma s\u00fcr\u00fcyor. <span style=\"color: #888888;\">Recep DEM\u0130RC\u0130 \/ ERZ\u0130NCAN, (DHA)<\/span><\/p>\n<p style=\"text-align: justify;\"><span style=\"color: #888888;\"> <a href=\"http:\/\/www.radikal.com.tr\/Radikal.aspx?aType=RadikalDetay&amp;ArticleID=970794&amp;Date=23.12.2009&amp;CategoryID=77\" target=\"_blank\">Radikal<\/a><br \/>\n<\/span><\/p>\n","protected":false},"excerpt":{"rendered":"<p style=\"text-align: center;\">\n<p style=\"text-align: justify;\">\u0130smaila\u011fa ve G\u00fclen cemaatine y\u00f6nelik soru\u015fturmalar\u0131 ba\u015flatan ve daha sonra bu dosyalar\u0131 Erzurum \u00d6zel Yetkili Savc\u0131l\u0131\u011f\u0131na devreden, hakk\u0131nda Adalet Bakanl\u0131\u011f\u0131&#8217;nca 26 y\u0131l hapis istemiyle dava a\u00e7\u0131lan Erzincan Cumhuriyet Ba\u015fsavc\u0131s\u0131 \u0130lhan Cihaner&#8217;e ili\u015fkin bakanl\u0131\u011fa g\u00f6nderilen ihbar mektubundaki imzan\u0131n sahte oldu\u011fu \u00f6ne s\u00fcr\u00fcld\u00fc. <\/p>\n","protected":false},"author":1,"featured_media":0,"comment_status":"open","ping_status":"closed","sticky":false,"template":"","format":"standard","meta":{"footnotes":""},"categories":[105],"tags":[],"class_list":["post-17223","post","type-post","status-publish","format-standard","hentry","category-gundem","odd"],"_links":{"self":[{"href":"http:\/\/www.korhanyilmaz.com\/index.php?rest_route=\/wp\/v2\/posts\/17223","targetHints":{"allow":["GET"]}}],"collection":[{"href":"http:\/\/www.korhanyilmaz.com\/index.php?rest_route=\/wp\/v2\/posts"}],"about":[{"href":"http:\/\/www.korhanyilmaz.com\/index.php?rest_route=\/wp\/v2\/types\/post"}],"author":[{"embeddable":true,"href":"http:\/\/www.korhanyilmaz.com\/index.php?rest_route=\/wp\/v2\/users\/1"}],"replies":[{"embeddable":true,"href":"http:\/\/www.korhanyilmaz.com\/index.php?rest_route=%2Fwp%2Fv2%2Fcomments&post=17223"}],"version-history":[{"count":0,"href":"http:\/\/www.korhanyilmaz.com\/index.php?rest_route=\/wp\/v2\/posts\/17223\/revisions"}],"wp:attachment":[{"href":"http:\/\/www.korhanyilmaz.com\/index.php?rest_route=%2Fwp%2Fv2%2Fmedia&parent=17223"}],"wp:term":[{"taxonomy":"category","embeddable":true,"href":"http:\/\/www.korhanyilmaz.com\/index.php?rest_route=%2Fwp%2Fv2%2Fcategories&post=17223"},{"taxonomy":"post_tag","embeddable":true,"href":"http:\/\/www.korhanyilmaz.com\/index.php?rest_route=%2Fwp%2Fv2%2Ftags&post=17223"}],"curies":[{"name":"wp","href":"https:\/\/api.w.org\/{rel}","templated":true}]}}