{"id":17213,"date":"2009-12-23T20:55:27","date_gmt":"2009-12-23T18:55:27","guid":{"rendered":"http:\/\/www.korhanyilmaz.com\/?p=17213"},"modified":"2009-12-23T20:55:27","modified_gmt":"2009-12-23T18:55:27","slug":"kilicdaroglundan-yeni-belge-imzali-bos-arama-karari","status":"publish","type":"post","link":"http:\/\/www.korhanyilmaz.com\/?p=17213","title":{"rendered":"K\u0131l\u0131\u00e7daro\u011flu&#039;ndan yeni belge: \u0130mzal\u0131 bo\u015f arama karar\u0131"},"content":{"rendered":"<p><a href=\"http:\/\/www.korhanyilmaz.com\/wp-content\/uploads\/2009\/12\/K\u0130L\u0130CDAROGLU.jpg\"  class=\"lightview\"><img loading=\"lazy\" decoding=\"async\" class=\"aligncenter size-full wp-image-17214\" src=\"http:\/\/www.korhanyilmaz.com\/wp-content\/uploads\/2009\/12\/K\u0130L\u0130CDAROGLU.jpg\" alt=\"\" width=\"292\" height=\"214\" \/><\/a><\/p>\n<p style=\"text-align: justify;\">Arama emri karar\u0131 Erzurum 2. A\u011f\u0131r Ceza Mahkemesi&#8217;nden, ama aranacak ki\u015fi, adres, zaman belli de\u011fil&#8230; Yani; aranmas\u0131 istenen ki\u015fi ve adresler sonradan yaz\u0131larak i\u015fleme konacak. Karar\u0131n fotokopisini gazetecilere da\u011f\u0131tan CHP Grup Ba\u015fkanvekili Kemal K\u0131l\u0131\u00e7daro\u011flu, &#8220;Ba\u015fbakan, Adalet Bakan\u0131 bir a\u00e7\u0131klama yapmal\u0131&#8221; dedi ve Hakimler ve Savc\u0131lar Y\u00fcksek Kurulu \u00fcyelerini g\u00f6reve davet etti.<!--more--><\/p>\n<p style=\"text-align: justify;\">Erzurum 2. A\u011f\u0131r Ceza Mahkemesi karar\u0131n\u0131n fotokopisini TBMM&#8217;de bas\u0131n mensuplar\u0131na da\u011f\u0131tan K\u0131l\u0131\u00e7daro\u011flu, kararda, ilgili yasan\u0131n \u00f6ng\u00f6rd\u00fc\u011f\u00fc &#8220;araman\u0131n nedeni, aranacak ki\u015fi ve arama yap\u0131lacak evler ve di\u011fer adresler&#8221; gibi zorunlu bilgilerin yer almad\u0131\u011f\u0131n\u0131 kaydetti.<\/p>\n<p style=\"text-align: justify;\">Yasan\u0131n ilgili h\u00fckm\u00fcn\u00fcn ihlal edildi\u011fini belirten K\u0131l\u0131\u00e7daro\u011flu, &#8220;Hamili \u00e7ek gibi bir mahkeme karar\u0131 s\u00f6z konusudur&#8221; dedi.<\/p>\n<p style=\"text-align: justify;\">Mahkeme karar\u0131n\u0131n verildi\u011fi 18 Kas\u0131m 2009 tarihinden itibaren hangi ev, mekan ya da ki\u015fi aranmak isteniyorsa, mahkeme karar\u0131n\u0131n bo\u015f b\u0131rak\u0131lan ilgili b\u00f6l\u00fcm\u00fcn\u00fcn doldurulmas\u0131 durumunda bu yerlerin aranmas\u0131n\u0131n olanakl\u0131 oldu\u011funu \u00f6ne s\u00fcren K\u0131l\u0131\u00e7daro\u011flu, karara g\u00f6re, g\u00f6zalt\u0131na al\u0131nan ki\u015filerin 24 saat s\u00fcreyle avukatlar\u0131 ile g\u00f6r\u00fc\u015fmesinin k\u0131s\u0131tlanabilece\u011fini ve ne ile su\u00e7land\u0131klar\u0131n\u0131 \u00f6\u011frenemeyeceklerini dile getirdi.<\/p>\n<div id=\"attachment_17215\" style=\"width: 428px\" class=\"wp-caption aligncenter\"><a href=\"http:\/\/www.korhanyilmaz.com\/wp-content\/uploads\/2009\/12\/001.jpg\"  class=\"lightview\"><img loading=\"lazy\" decoding=\"async\" aria-describedby=\"caption-attachment-17215\" class=\"size-full wp-image-17215 \" src=\"http:\/\/www.korhanyilmaz.com\/wp-content\/uploads\/2009\/12\/001.jpg\" alt=\"\" width=\"418\" height=\"288\" \/><\/a><p id=\"caption-attachment-17215\" class=\"wp-caption-text\">Ger\u00e7ek Boyutta izlemek i\u00e7in resmin \u00fczerine T\u0131klay\u0131n<\/p><\/div>\n<p style=\"text-align: justify;\"><strong><em>&#8220;Yan\u0131t bekliyoruz&#8221; <\/em><\/strong><\/p>\n<p style=\"text-align: justify;\">K\u0131l\u0131\u00e7daro\u011flu, &#8220;S\u00f6z konusu karar\u0131 alan mahkemenin, yarg\u0131c\u0131n, katibin ad\u0131, karar tarihi ve karar numaras\u0131 ortadad\u0131r. Buradan ilgililere sesleniyorum: B\u00f6yle bir mahkeme karar\u0131 var m\u0131d\u0131r? Say\u0131n Ba\u015fbakan, Adalet Bakan\u0131 derhal \u00e7\u0131k\u0131p bu sorunun yan\u0131t\u0131n\u0131 vermelidir. E\u011fer b\u00f6yle bir karar var ise demokratik hukuk devletlerinde b\u00f6yle mahkeme kararlar\u0131na ni\u00e7in ihtiya\u00e7 duyulur. Bu, y\u00fcr\u00fctmenin kanunsuz i\u015flemlerine yarg\u0131 karar\u0131 ile k\u0131l\u0131f haz\u0131rlanmas\u0131 anlam\u0131na gelmez mi? \u015eu sorulara yan\u0131t aramak sa\u011fl\u0131kl\u0131 \u00e7al\u0131\u015fan bir demokraside hepimizin g\u00f6revi olmak zorundad\u0131r: Erzurum 2. A\u011f\u0131r Ceza Mahkemesinde g\u00f6rev yapan bu say\u0131n yarg\u0131\u00e7, ger\u00e7ekten a\u00e7\u0131\u011fa imza atm\u0131\u015f m\u0131d\u0131r? B\u00f6yle ucu a\u00e7\u0131k bir karar y\u00fcr\u00fcrl\u00fckteki mevzuatla ba\u011fda\u015fmakta m\u0131d\u0131r? Yarg\u0131\u00e7, Ceza Muhakemesi Kanunu ile ba\u011fda\u015fmayacak bir \u015fekilde b\u00f6yle bir karar verebilir mi? Bu karar nerede ve kimler i\u00e7in uygulanm\u0131\u015ft\u0131r. Bu ki\u015filer ne ile su\u00e7lanmaktad\u0131r? Say\u0131n Adalet Bakan\u0131ndan, Say\u0131n Ba\u015fbakandan yan\u0131t bekliyoruz. Ayr\u0131ca Hakimler ve Savc\u0131lar Y\u00fcksek Kurulu \u00fcyelerini g\u00f6reve davet ediyoruz&#8221; dedi.<\/p>\n<p style=\"text-align: justify;\">Sadece bireylerin de\u011fil, kurumlar\u0131n da bask\u0131 alt\u0131nda oldu\u011funu belirten K\u0131l\u0131\u00e7daro\u011flu, &#8220;Maalesef bu bask\u0131lar AKP iktidar\u0131n\u0131n g\u00f6zetim ve denetiminde yap\u0131lmaktad\u0131r. Devletin kurumlar\u0131 ve bu kurumlardaki y\u00f6neticiler, karar vericiler bir kamu g\u00f6revlisi gibi de\u011fil, AKP g\u00f6revlisi gibi \u00e7al\u0131\u015fmakta ve karar almaktad\u0131r. O kadar ki bu g\u00f6revliler kamuoyu \u00f6n\u00fcne \u00e7\u0131k\u0131p a\u00e7\u0131k\u00e7a iktidar yanl\u0131s\u0131 s\u00f6ylemlerde bulunmakta, kamuoyunu yan\u0131ltan deme\u00e7ler verebilmektedir&#8221; diye konu\u015ftu.<\/p>\n<p style=\"text-align: justify;\">Telekom\u00fcnikasyon \u0130leti\u015fim Ba\u015fkan\u0131&#8217;n\u0131n (T\u0130B) &#8220;Yarg\u0131tay&#8217;\u0131n santralini dinlemedik&#8221; diyebildi\u011fini ifade eden K\u0131l\u0131\u00e7daro\u011flu, &#8220;Peki, Yarg\u0131tay santrali \u00fczerinden dinleme yap\u0131ld\u0131\u011f\u0131 ortaya \u00e7\u0131kt\u0131\u011f\u0131nda, AKP&#8217;nin g\u00f6zdesi, Say\u0131n Ba\u015fbakan\u0131n u\u011fruna Anayasa Mahkemesi karar\u0131n\u0131 bile g\u00f6z ard\u0131 etti\u011fi bu ba\u015fkan g\u00f6revinde kalabilecek mi?&#8221; diye sordu.<\/p>\n<p style=\"text-align: justify;\"><strong><em>Ar\u0131n\u00e7&#8217;a suikast iddias\u0131: &#8220;Mizah konusu&#8230;&#8221; <\/em><\/strong><\/p>\n<p style=\"text-align: justify;\">Bir soru \u00fczerine, Devlet Bakan\u0131 ve Ba\u015fbakan Yard\u0131mc\u0131s\u0131 B\u00fclent Ar\u0131n\u00e7&#8217;a suikast iddias\u0131n\u0131 de\u011ferlendiren K\u0131l\u0131\u00e7daro\u011flu, &#8220;Say\u0131n Ar\u0131n\u00e7&#8217;a yap\u0131laca\u011f\u0131 s\u00f6ylenen suikast asl\u0131nda mizah konusu. Say\u0131n Ba\u015fbakan, \u0130\u00e7i\u015fleri Bakan\u0131, say\u0131n bakanlar\u0131n \u00e7\u0131k\u0131p a\u00e7\u0131klama yapmas\u0131 gerekiyor. Tamamen dedikodu \u00fczerine giden haberlerle gazeteler \u00e7\u0131k\u0131yor. Ciddi bir h\u00fck\u00fcmet bu konuda tutarl\u0131 bir a\u00e7\u0131klama yapmal\u0131 ve kamuoyunu ayd\u0131nlatmal\u0131&#8221; diye konu\u015ftu.<\/p>\n<p style=\"text-align: justify;\"><span style=\"color: #888888;\">CNN T\u00dcRK<\/span><\/p>\n","protected":false},"excerpt":{"rendered":"<\/p>\n<p style=\"text-align: justify;\">Arama emri karar\u0131 Erzurum 2. A\u011f\u0131r Ceza Mahkemesi&#8217;nden, ama aranacak ki\u015fi, adres, zaman belli de\u011fil&#8230; Yani; aranmas\u0131 istenen ki\u015fi ve adresler sonradan yaz\u0131larak i\u015fleme konacak. Karar\u0131n fotokopisini gazetecilere da\u011f\u0131tan CHP Grup Ba\u015fkanvekili Kemal K\u0131l\u0131\u00e7daro\u011flu, &#8220;Ba\u015fbakan, Adalet Bakan\u0131 bir a\u00e7\u0131klama yapmal\u0131&#8221; dedi ve Hakimler ve Savc\u0131lar Y\u00fcksek Kurulu \u00fcyelerini g\u00f6reve davet etti.<\/p>\n","protected":false},"author":1,"featured_media":0,"comment_status":"open","ping_status":"closed","sticky":false,"template":"","format":"standard","meta":{"footnotes":""},"categories":[105],"tags":[],"class_list":["post-17213","post","type-post","status-publish","format-standard","hentry","category-gundem","odd"],"_links":{"self":[{"href":"http:\/\/www.korhanyilmaz.com\/index.php?rest_route=\/wp\/v2\/posts\/17213","targetHints":{"allow":["GET"]}}],"collection":[{"href":"http:\/\/www.korhanyilmaz.com\/index.php?rest_route=\/wp\/v2\/posts"}],"about":[{"href":"http:\/\/www.korhanyilmaz.com\/index.php?rest_route=\/wp\/v2\/types\/post"}],"author":[{"embeddable":true,"href":"http:\/\/www.korhanyilmaz.com\/index.php?rest_route=\/wp\/v2\/users\/1"}],"replies":[{"embeddable":true,"href":"http:\/\/www.korhanyilmaz.com\/index.php?rest_route=%2Fwp%2Fv2%2Fcomments&post=17213"}],"version-history":[{"count":0,"href":"http:\/\/www.korhanyilmaz.com\/index.php?rest_route=\/wp\/v2\/posts\/17213\/revisions"}],"wp:attachment":[{"href":"http:\/\/www.korhanyilmaz.com\/index.php?rest_route=%2Fwp%2Fv2%2Fmedia&parent=17213"}],"wp:term":[{"taxonomy":"category","embeddable":true,"href":"http:\/\/www.korhanyilmaz.com\/index.php?rest_route=%2Fwp%2Fv2%2Fcategories&post=17213"},{"taxonomy":"post_tag","embeddable":true,"href":"http:\/\/www.korhanyilmaz.com\/index.php?rest_route=%2Fwp%2Fv2%2Ftags&post=17213"}],"curies":[{"name":"wp","href":"https:\/\/api.w.org\/{rel}","templated":true}]}}