{"id":1721,"date":"2008-10-11T08:26:49","date_gmt":"2008-10-11T05:26:49","guid":{"rendered":"http:\/\/www.korhanyilmaz.com\/?p=1721"},"modified":"2008-10-11T08:26:49","modified_gmt":"2008-10-11T05:26:49","slug":"genciz-tecrubesiziz-ama-hirsliyiz-inancliyiz","status":"publish","type":"post","link":"http:\/\/www.korhanyilmaz.com\/?p=1721","title":{"rendered":"Genciz tecr\u00fcbesiziz ama h\u0131rsl\u0131y\u0131z, inan\u00e7l\u0131y\u0131z"},"content":{"rendered":"<p style=\"text-align: center;\"><img loading=\"lazy\" decoding=\"async\" class=\"alignnone size-full wp-image-1722\" title=\"Genciz tecr\u00fcbesiziz ama h\u0131rsl\u0131y\u0131z, inan\u00e7l\u0131y\u0131z \" src=\"http:\/\/www.korhanyilmaz.com\/wp-content\/uploads\/2008\/10\/b43a913db518ba448bdcaeebx.jpg\" alt=\"\" width=\"475\" height=\"250\" \/><\/p>\n<p style=\"text-align: justify;\">Milli Tak\u0131m, 2010 D\u00fcnya Kupas\u0131 eleme ma\u00e7\u0131nda Bosna kar\u015f\u0131s\u0131na \u00e7\u0131k\u0131yor. \u0130n\u00f6n\u00fc&#8217;de 21:00&#8217;de ba\u015flayacak kar\u015f\u0131la\u015fmay\u0131 atv yay\u0131nlayacak. Terim; gen\u00e7 ve tecr\u00fcbesiz kadromuz i\u00e7in &#8220;H\u0131rsl\u0131y\u0131z, kazanaca\u011f\u0131z&#8221; dedi..<\/p>\n<p style=\"text-align: justify;\">A Milli Futbol Tak\u0131m\u0131m\u0131z, 2010 D\u00fcnya Kupas\u0131 Grup Elemeleri&#8217;nde bu ak\u015fam Bosna Hersek ile kar\u015f\u0131 kar\u015f\u0131ya geliyor. Gruptaki ilk ma\u00e7\u0131nda Ermenistan&#8217;\u0131 Erivan&#8217;da Tuncay ve Semih&#8217;in golleriyle deviren ancak \u015e\u00fckr\u00fc Saraco\u011flu Stad\u0131&#8217;nda Bel\u00e7ika ile yeni\u015femeyen millilerimizin, Mart 2009&#8217;da \u0130spanya ile ger\u00e7ekle\u015ftirece\u011fi iki kritik kar\u015f\u0131la\u015fma \u00f6ncesinde puan kayb\u0131na tahamm\u00fcl\u00fc yok. <!--more-->Sakatl\u0131klar nedeniyle eksik bir kadroyla sahaya \u00e7\u0131kacak olan A Milli Tak\u0131m\u0131m\u0131z ile Bosna Hersek aras\u0131ndaki ma\u00e7 \u0130n\u00f6n\u00fc Stad\u0131&#8217;nda oynanacak ve atv ekranlar\u0131ndan canl\u0131 yay\u0131nlanacak. M\u00fccadeleyi Macaristan Futbol Federasyonu&#8217;ndan Viktor Kassai y\u00f6netecek. Bosna Hersek kar\u015f\u0131la\u015fmas\u0131 \u00f6ncesinde sakatl\u0131klar nedeniyle b\u00fcy\u00fck s\u0131k\u0131nt\u0131 ya\u015fayan, kadrodaki 24 futbolcusunun ortalamas\u0131 sadece 24 olan ve bir anlamda &#8216;gelece\u011fin tak\u0131m\u0131n\u0131&#8217; kurmaya \u00e7al\u0131\u015fan millilerimizde teknik patron Fatih Terim, d\u00fcn bir bas\u0131n toplant\u0131s\u0131 d\u00fczenledi. Sakatl\u0131klar\u0131n can s\u0131kt\u0131\u011f\u0131n\u0131 ama kadrodaki gen\u00e7 isimlere de g\u00fcvendi\u011fini belirten Terim, &#8220;Hamit, Semih, Mehmet Topal ve Emre Bel\u00f6zo\u011flu gibi d\u00fcnyan\u0131n tan\u0131d\u0131\u011f\u0131 \u00f6nemli oyuncular\u0131m\u0131z eksik. Bunlardan birinin sakat olmas\u0131 bile handikap. Ama biz bunu mazeret olarak g\u00f6rm\u00fcyoruz. \u00c7\u00fcnk\u00fc son derece yetenekli gen\u00e7lerimiz var ve onlara g\u00fcveniyoruz. \u00c7\u00fcnk\u00fc biz eksildik\u00e7e b\u00fcy\u00fcmeyi biliyoruz. \u0130statistikler her zaman do\u011fruyu s\u00f6ylemez hata bazen yalan s\u00f6ylemenin bilimsel yolu da olabilir. Semih, EURO 2008&#8217;de en \u00e7ok gol atan oyuncumuz. \u0130statistiklere g\u00f6re Semih, EURO 2008&#8217;den \u00f6nce sadece bir gol atm\u0131\u015f. Ama orada penalt\u0131 dahil d\u00f6rt tane atm\u0131\u015f. Ben de bu ma\u00e7ta ilk kez A milli olacak futbolcular\u0131m\u0131n bu istatistiklerle bulu\u015fmas\u0131n\u0131 bekliyorum&#8221; dedi.<\/p>\n<p style=\"text-align: justify;\">TER\u0130M \u0130FADE VERD\u0130<br \/>\n2009 Avrupa \u015eampiyonas\u0131&#8217;nda \u00dcmit Milli Tak\u0131m&#8217;\u0131n ba\u015f\u0131nda kendisinin sahaya \u00e7\u0131kaca\u011f\u0131n\u0131 belirten ve yar\u0131nlar\u0131n tak\u0131m\u0131n\u0131 kurmay\u0131 hedeflediklerini dile getiren Fatih Terim, Werder Bremen&#8217;de forma giyen Mesut \u00d6zil konusunda ise, &#8220;Mesut s\u00fcre istedi. Alman U21 Milli Tak\u0131m\u0131&#8217;n\u0131n Fransa ile oynayaca\u011f\u0131 ma\u00e7larda bulunmas\u0131 gerekti\u011fini ifade etti. Milli tak\u0131m tercihi i\u00e7in daha zamana ihtiyac\u0131 var&#8221; diye konu\u015ftu. \u00d6te yandan Terim, spor yazar\u0131 Osman Tanburac\u0131&#8217;ya hakaret etti\u011fi gerek\u00e7esiyle hakk\u0131nda a\u00e7\u0131lan soru\u015fturma i\u00e7in d\u00fcn \u0130stanbul Cumhuriyet Savc\u0131s\u0131&#8217;na ifade verdi.\n<\/p>\n<p style=\"text-align: justify;\"><span style=\"color: #888888;\">Sabah Gazetesi<\/span><\/p>\n","protected":false},"excerpt":{"rendered":"<p style=\"text-align: center;\">\n<p style=\"text-align: justify;\">Milli Tak\u0131m, 2010 D\u00fcnya Kupas\u0131 eleme ma\u00e7\u0131nda Bosna kar\u015f\u0131s\u0131na \u00e7\u0131k\u0131yor. \u0130n\u00f6n\u00fc&#8217;de 21:00&#8217;de ba\u015flayacak kar\u015f\u0131la\u015fmay\u0131 atv yay\u0131nlayacak. Terim; gen\u00e7 ve tecr\u00fcbesiz kadromuz i\u00e7in &#8220;H\u0131rsl\u0131y\u0131z, kazanaca\u011f\u0131z&#8221; dedi..<\/p>\n<p style=\"text-align: justify;\">A Milli Futbol Tak\u0131m\u0131m\u0131z, 2010 D\u00fcnya Kupas\u0131 Grup Elemeleri&#8217;nde bu ak\u015fam Bosna Hersek ile kar\u015f\u0131 kar\u015f\u0131ya geliyor. Gruptaki ilk ma\u00e7\u0131nda Ermenistan&#8217;\u0131 Erivan&#8217;da Tuncay <\/p>\n","protected":false},"author":1,"featured_media":0,"comment_status":"open","ping_status":"open","sticky":false,"template":"","format":"standard","meta":{"footnotes":""},"categories":[42],"tags":[],"class_list":["post-1721","post","type-post","status-publish","format-standard","hentry","category-spor","odd"],"_links":{"self":[{"href":"http:\/\/www.korhanyilmaz.com\/index.php?rest_route=\/wp\/v2\/posts\/1721","targetHints":{"allow":["GET"]}}],"collection":[{"href":"http:\/\/www.korhanyilmaz.com\/index.php?rest_route=\/wp\/v2\/posts"}],"about":[{"href":"http:\/\/www.korhanyilmaz.com\/index.php?rest_route=\/wp\/v2\/types\/post"}],"author":[{"embeddable":true,"href":"http:\/\/www.korhanyilmaz.com\/index.php?rest_route=\/wp\/v2\/users\/1"}],"replies":[{"embeddable":true,"href":"http:\/\/www.korhanyilmaz.com\/index.php?rest_route=%2Fwp%2Fv2%2Fcomments&post=1721"}],"version-history":[{"count":0,"href":"http:\/\/www.korhanyilmaz.com\/index.php?rest_route=\/wp\/v2\/posts\/1721\/revisions"}],"wp:attachment":[{"href":"http:\/\/www.korhanyilmaz.com\/index.php?rest_route=%2Fwp%2Fv2%2Fmedia&parent=1721"}],"wp:term":[{"taxonomy":"category","embeddable":true,"href":"http:\/\/www.korhanyilmaz.com\/index.php?rest_route=%2Fwp%2Fv2%2Fcategories&post=1721"},{"taxonomy":"post_tag","embeddable":true,"href":"http:\/\/www.korhanyilmaz.com\/index.php?rest_route=%2Fwp%2Fv2%2Ftags&post=1721"}],"curies":[{"name":"wp","href":"https:\/\/api.w.org\/{rel}","templated":true}]}}