{"id":17208,"date":"2009-12-23T20:21:33","date_gmt":"2009-12-23T18:21:33","guid":{"rendered":"http:\/\/www.korhanyilmaz.com\/?p=17208"},"modified":"2009-12-23T20:21:33","modified_gmt":"2009-12-23T18:21:33","slug":"eski-dtplilere-ocalan-soku","status":"publish","type":"post","link":"http:\/\/www.korhanyilmaz.com\/?p=17208","title":{"rendered":"Eski DTP&#8217;lilere \u00d6calan \u015foku!"},"content":{"rendered":"<p><a href=\"http:\/\/www.korhanyilmaz.com\/wp-content\/uploads\/2009\/12\/dtp.jpg\"  class=\"lightview\"><img loading=\"lazy\" decoding=\"async\" class=\"aligncenter size-full wp-image-17207\" src=\"http:\/\/www.korhanyilmaz.com\/wp-content\/uploads\/2009\/12\/dtp.jpg\" alt=\"\" width=\"292\" height=\"179\" \/><\/a><\/p>\n<p style=\"text-align: justify;\">Kapat\u0131lan Demokratik Toplum Partisi&#8217;nin 3 milletvekili, Kuzey Irak temaslar\u0131 kapsam\u0131nda bug\u00fcn Erbil&#8217;deydi. Milletvekilleri, bir d\u00fc\u015f\u00fcnce kurulu\u015fundaki panelde, Erbilli K\u00fcrtlerin sert ele\u015ftirilerine maruz kald\u0131. Akademisyen Hemin Mirani, eski DTP&#8217;lilere &#8220;Neden hep Apo \u015f\u00f6yle, Apo b\u00f6yle dedi diyorsunuz? Biraz kendi iradenizle hareket etmeniz gerekmiyor mu?&#8221; diye sordu. <!--more--><\/p>\n<p style=\"text-align: justify;\">Eski DTP&#8217;lilere ele\u015ftiriler bununla da kalmad\u0131.<\/p>\n<p style=\"text-align: justify;\">Yazar Hasan Mustafa, &#8220;T\u00fcrkiye&#8217;deki K\u00fcrtlerin \u0130ran, Suriye ve T\u00fcrkiye&#8217;ye kar\u015f\u0131 sava\u015ft\u0131klar\u0131n\u0131 ve kendilerinin bu cepheye dahil olmak istemediklerini&#8221; belirtti.<\/p>\n<p style=\"text-align: justify;\">Mustafa ile Mirani&#8217;nin sert ele\u015ftirileri eski DTP&#8217;li milletvekillerini \u015fa\u015f\u0131rtt\u0131.<\/p>\n<p style=\"text-align: justify;\">Van Milletvekili \u00d6zdal \u00dc\u00e7er, ele\u015ftirilere, &#8220;PKK&#8217;s\u0131z ve \u00d6calan&#8217;s\u0131z K\u00fcrtlerin sorunlar\u0131n\u0131n \u00e7\u00f6z\u00fclemeyece\u011fi&#8221; iddias\u0131yla cevap verdi.<\/p>\n<p style=\"text-align: justify;\">\u015eanl\u0131urfa Milletvekili \u0130brahim Binici ise, &#8220;AK Parti&#8217;liler buraya gelip sizi kand\u0131r\u0131yor, inanmay\u0131n&#8221; diye konu\u015ftu. Sert ele\u015ftiriler \u00fczerine, heyet, parlamento temaslar\u0131n\u0131 gerek\u00e7e g\u00f6stererek, salondan ayr\u0131ld\u0131.<\/p>\n<p style=\"text-align: justify;\">Heyet, b\u00f6lgesel K\u00fcrt parlamentosunda, Meclis Ba\u015fkan\u0131 Kemal Kerk\u00fcki ile g\u00f6r\u00fc\u015ft\u00fc.<\/p>\n<p style=\"text-align: justify;\">Bu, eski DTP&#8217;lilerin Irak&#8217;ta yapaca\u011f\u0131 en \u00fcst d\u00fczey temas olacak. Heyet Mesud Barzani ve B\u00f6lgesel Y\u00f6netim Ba\u015fbakan\u0131 Berham Salih ile g\u00f6r\u00fc\u015fmeyecek.<\/p>\n<p style=\"text-align: justify;\">D\u00fcn Mahmur Kamp\u0131&#8217;na giden eski DTP&#8217;liler, yar\u0131n da daha k\u00fc\u00e7\u00fck kamplar\u0131 ziyaret edecek.<\/p>\n<p style=\"text-align: justify;\"><span style=\"color: #888888;\">CNN T\u00dcRK<\/span><\/p>\n","protected":false},"excerpt":{"rendered":"<\/p>\n<p style=\"text-align: justify;\">Kapat\u0131lan Demokratik Toplum Partisi&#8217;nin 3 milletvekili, Kuzey Irak temaslar\u0131 kapsam\u0131nda bug\u00fcn Erbil&#8217;deydi. Milletvekilleri, bir d\u00fc\u015f\u00fcnce kurulu\u015fundaki panelde, Erbilli K\u00fcrtlerin sert ele\u015ftirilerine maruz kald\u0131. Akademisyen Hemin Mirani, eski DTP&#8217;lilere &#8220;Neden hep Apo \u015f\u00f6yle, Apo b\u00f6yle dedi diyorsunuz? Biraz kendi iradenizle hareket etmeniz gerekmiyor mu?&#8221; diye sordu. <\/p>\n","protected":false},"author":1,"featured_media":0,"comment_status":"open","ping_status":"closed","sticky":false,"template":"","format":"standard","meta":{"footnotes":""},"categories":[3],"tags":[],"class_list":["post-17208","post","type-post","status-publish","format-standard","hentry","category-dunya","odd"],"_links":{"self":[{"href":"http:\/\/www.korhanyilmaz.com\/index.php?rest_route=\/wp\/v2\/posts\/17208","targetHints":{"allow":["GET"]}}],"collection":[{"href":"http:\/\/www.korhanyilmaz.com\/index.php?rest_route=\/wp\/v2\/posts"}],"about":[{"href":"http:\/\/www.korhanyilmaz.com\/index.php?rest_route=\/wp\/v2\/types\/post"}],"author":[{"embeddable":true,"href":"http:\/\/www.korhanyilmaz.com\/index.php?rest_route=\/wp\/v2\/users\/1"}],"replies":[{"embeddable":true,"href":"http:\/\/www.korhanyilmaz.com\/index.php?rest_route=%2Fwp%2Fv2%2Fcomments&post=17208"}],"version-history":[{"count":0,"href":"http:\/\/www.korhanyilmaz.com\/index.php?rest_route=\/wp\/v2\/posts\/17208\/revisions"}],"wp:attachment":[{"href":"http:\/\/www.korhanyilmaz.com\/index.php?rest_route=%2Fwp%2Fv2%2Fmedia&parent=17208"}],"wp:term":[{"taxonomy":"category","embeddable":true,"href":"http:\/\/www.korhanyilmaz.com\/index.php?rest_route=%2Fwp%2Fv2%2Fcategories&post=17208"},{"taxonomy":"post_tag","embeddable":true,"href":"http:\/\/www.korhanyilmaz.com\/index.php?rest_route=%2Fwp%2Fv2%2Ftags&post=17208"}],"curies":[{"name":"wp","href":"https:\/\/api.w.org\/{rel}","templated":true}]}}