{"id":17203,"date":"2009-12-22T13:28:23","date_gmt":"2009-12-22T11:28:23","guid":{"rendered":"http:\/\/www.korhanyilmaz.com\/?p=17203"},"modified":"2009-12-22T13:28:23","modified_gmt":"2009-12-22T11:28:23","slug":"tatardan-veda-mektubu-sucsuzum","status":"publish","type":"post","link":"http:\/\/www.korhanyilmaz.com\/?p=17203","title":{"rendered":"Tatar&#039;dan veda mektubu: &quot;Su\u00e7suzum&#8230;&quot;"},"content":{"rendered":"<p><a href=\"http:\/\/www.korhanyilmaz.com\/wp-content\/uploads\/2009\/12\/TATAR.jpg\"  class=\"lightview\"><img loading=\"lazy\" decoding=\"async\" class=\"aligncenter size-full wp-image-17204\" src=\"http:\/\/www.korhanyilmaz.com\/wp-content\/uploads\/2009\/12\/TATAR.jpg\" alt=\"\" width=\"292\" height=\"178\" \/><\/a><\/p>\n<p style=\"text-align: justify;\">Deniz Yarbay Ali Tatar&#8217;\u0131n intihar etmeden dakikalar \u00f6nce e\u015fine mektup b\u0131rakt\u0131\u011f\u0131 iddia ediliyor. Vatan gazetesinde yer alan habere g\u00f6re Tatar, veda mektubunda &#8220;Komutan\u0131m U\u011fur Yi\u011fit&#8217;e suikast iddias\u0131nda ad\u0131m ge\u00e7iyor. Su\u00e7suzum, komutan\u0131ma sadece minnet duyar\u0131m&#8221; ifadelerini kulland\u0131.<!--more--><\/p>\n<p style=\"text-align: justify;\"><span style=\"text-decoration: underline;\"><strong><em>Vatan gazetesinin haberi: <\/em><\/strong><\/span><\/p>\n<p style=\"text-align: justify;\">Yarbay Ali Tatar\u2019\u0131n intihar\u0131 ile ilgili detaylar yava\u015f yava\u015f ortaya \u00e7\u0131k\u0131yor.<\/p>\n<p style=\"text-align: justify;\">VATAN\u2019\u0131n ula\u015ft\u0131\u011f\u0131 bilgilere g\u00f6re Tatar\u2019\u0131 ad\u0131m ad\u0131m intihara g\u00f6t\u00fcren s\u00fcre\u00e7 \u015fu \u015fekilde geli\u015fti: Oramirallere suikast iddias\u0131yla g\u00f6zalt\u0131na al\u0131nan Yarbay Ali Tatar, 7 Aral\u0131k\u2019ta tutuklanarak cezaevine g\u00f6nderildi.<\/p>\n<p style=\"text-align: justify;\">Avukat\u0131n\u0131n itiraz\u0131 \u00fczerine, \u00c7ar\u015famba g\u00fcn\u00fc serbest b\u0131rak\u0131ld\u0131ktan sonra Beylerbeyi Astsubay Okulu Tesisleri\u2019ndeki lojman\u0131na geldi. Cuma g\u00fcn\u00fcne kadar ailesi ve birka\u00e7 komutan arkada\u015f\u0131yla vakit ge\u00e7irdi.<\/p>\n<p style=\"text-align: justify;\">Cuma ak\u015fam saatlerinde Savc\u0131 S\u00fcleyman Pehlivan\u2019\u0131n yapt\u0131\u011f\u0131 itiraz \u00fczerine yeniden \u00e7\u0131kar\u0131lan yakalama emri kendisine tebli\u011f edildi. Tatar, tebli\u011fi ald\u0131ktan sonra, \u201cBir daha asla oraya d\u00f6nmem. Oraya d\u00f6nece\u011fime \u00f6l\u00fcr\u00fcm daha iyi\u201d dedi, sinir krizi ge\u00e7irdi.<\/p>\n<p style=\"text-align: justify;\"><strong><em>Ailesi evdeki silahlar\u0131 saklad\u0131 <\/em><\/strong><\/p>\n<p style=\"text-align: justify;\">Yak\u0131nlar\u0131 onu teskin etmeye \u00e7al\u0131\u015ft\u0131. Tatar\u2019\u0131n evinde kendisine ait 3 ayr\u0131 silah vard\u0131. E\u015fi ve yak\u0131nlar\u0131 olas\u0131 bir duruma kar\u015f\u0131l\u0131k bu silahlar\u0131 saklad\u0131. Ama komutan silahlardan birisini bulup gece banyoya saklad\u0131.<\/p>\n<p style=\"text-align: justify;\"><strong><em>Gece veda mektubu yazd\u0131 <\/em><\/strong><\/p>\n<p style=\"text-align: justify;\">Tatar, o gece bir mektup yazd\u0131. Sabah erkenden kalk\u0131p gidip kap\u0131da bekleyen askeri inzibata teslim olacakt\u0131. Tam \u00e7\u0131kaca\u011f\u0131 s\u0131rada e\u015finin eline gece yazd\u0131\u011f\u0131 mektubu tutu\u015fturup, \u201cSen bunu al, midem \u00e7ok a\u011fr\u0131yor, hemen geliyorum\u201d diyerek banyoya y\u00f6neldi.<\/p>\n<p style=\"text-align: justify;\">E\u015fi bir \u015feyler yapaca\u011f\u0131 endi\u015fesi ta\u015f\u0131d\u0131\u011f\u0131 i\u00e7in ard\u0131ndan banyo kap\u0131s\u0131na y\u00f6neldi, tam o s\u0131rada silah sesi duyuldu. E\u015fi yan\u0131ndakilerle kap\u0131y\u0131 a\u00e7\u0131p \u00e7\u0131\u011fl\u0131kla i\u00e7eri girince e\u015fini yerde kanlar i\u00e7inde buldu.<\/p>\n<p style=\"text-align: justify;\">Tatar ailesi ve lojmandaki askerler taraf\u0131ndan hemen GATA\u2019ya kald\u0131r\u0131ld\u0131. Tatar yap\u0131lan m\u00fcdahalelere ra\u011fmen kurtar\u0131lamad\u0131.<\/p>\n<p style=\"text-align: justify;\"><strong><em>\u2019Babam \u00f6ld\u00fc\u011f\u00fcnde beni aram\u0131\u015ft\u0131\u2019 <\/em><\/strong><\/p>\n<p style=\"text-align: justify;\">Mektupta, cezaevinde kald\u0131\u011f\u0131 ko\u011fu\u015fla ilgili bilgi veren ve, \u201cBen bir daha oraya gidemem, orada kalamam. Ko\u011fu\u015flar 125 metrekare ama 29 ki\u015fi kal\u0131yor\u201d diye yazan Tatar\u2019\u0131n, \u201cSu\u00e7suzum, \u00fczerime \u00e7ok geliniyor. Bunu kald\u0131ram\u0131yorum\u201d dedi\u011fi \u00f6\u011frenildi.<\/p>\n<p style=\"text-align: justify;\">Mektupta, Genelkurmay Ba\u015fkanl\u0131\u011f\u0131\u2019n\u0131 kendisine sahip \u00e7\u0131kmamakla su\u00e7layan ve TSK\u2019y\u0131 kastederek, \u201cBizi koruyamad\u0131\u201d diyen Tatar, \u00fczerine at\u0131l\u0131 amirallere suikast su\u00e7u iddias\u0131yla ilgili de \u015funlar\u0131 kaleme ald\u0131: \u201cOramiral U\u011fur Yi\u011fit Komutan\u0131m\u2019a suikast iddias\u0131nda ad\u0131m ge\u00e7iyor. Babam \u00f6ld\u00fc\u011f\u00fc zaman ben seferdeydim. Komutan\u0131m (Oramiral E\u015fref U\u011fur Yi\u011fit-VATAN) beni arayarak, \u2018Ba\u015f\u0131n sa\u011f olsun, b\u00f6yle \u015feyler herkesin ba\u015f\u0131na gelir. Sen rahat ol\u2019 diye bana teselli vermi\u015fti. En k\u00f6t\u00fc g\u00fcn\u00fcmde yan\u0131mda olan ki\u015fiye kar\u015f\u0131 nas\u0131l b\u00f6yle bir \u015fey (Suikast-VATAN) d\u00fc\u015f\u00fcnebilirim. Bana babacan yakla\u015fan bir insana sadece sayg\u0131 ve minnet duyabilirim.\u201d<\/p>\n<p style=\"text-align: justify;\"><strong><em>O komutan u\u011furlad\u0131 <\/em><\/strong><\/p>\n<p style=\"text-align: justify;\">Oramirallere suikast soru\u015fturmas\u0131 kapsam\u0131nda g\u00f6zalt\u0131na al\u0131n\u0131p serbest b\u0131rak\u0131ld\u0131ktan sonra hakk\u0131nda yeniden tutuklanma karar\u0131 \u00e7\u0131k\u0131nca intihar eden Yarbay Ali Tatar, d\u00fcn son yolculu\u011funa u\u011furland\u0131. \u00d6nceki g\u00fcn \u0130stanbul\u2019daki Karacaahmet Cemevi\u2019nde yap\u0131lan cenaze t\u00f6reninden sonra Tatar i\u00e7in d\u00fcn de Kocatepe Camii\u2019nde askeri t\u00f6ren d\u00fczenlendi.<\/p>\n<p style=\"text-align: justify;\">Tatar\u2019\u0131n cenaze t\u00f6renine Deniz Kuvvetleri Komutan\u0131 Oramiral E\u015fref U\u011fur Yi\u011fit, e\u015fi P\u0131nar Yi\u011fit\u2019le kat\u0131ld\u0131. T\u00f6rende Genelkurmay \u0130kinci Ba\u015fkan Yard\u0131mc\u0131s\u0131 Orgeneral Bilgin Balanl\u0131\u2019n\u0131n yan\u0131 s\u0131ra \u00e7ok say\u0131da da subay vard\u0131.<\/p>\n<p style=\"text-align: justify;\"><strong><em>E\u015fi savc\u0131y\u0131 su\u00e7lad\u0131 <\/em><\/strong><\/p>\n<p style=\"text-align: justify;\">Yarbay Tatar\u2019\u0131n T\u00fcrk bayra\u011f\u0131na sar\u0131l\u0131 cenazesi Kocatepe Camii\u2019ne getirilirken, yak\u0131nlar\u0131 soru\u015fturmay\u0131 y\u00fcr\u00fcten Savc\u0131 S\u00fcleyman Pehlivan\u2019a tepki g\u00f6sterdi.<\/p>\n<p style=\"text-align: justify;\">Yarbay\u2019\u0131n e\u015fi Nil\u00fcfer Tatar, \u201cHi\u00e7 birinde ger\u00e7ek belge yok. Askeriyeye komplo d\u00fczenlemek i\u00e7in 10 y\u0131ld\u0131r haz\u0131rlanm\u0131\u015f bunlar. E\u015fim gururuyla \u00f6ld\u00fc. Ordudaki Alevileri fi\u015fliyorlar. Hep Alevi subaylar\u0131 i\u00e7eri al\u0131yorlar. Ellerinde hi\u00e7bir belge yok. 29 ki\u015fi bo\u015fu bo\u015funa yat\u0131yor. S\u00fcleyman Pehlivan sen kimin adam\u0131s\u0131n? Fethullah G\u00fclen\u2019in mi, Amerika\u2019n\u0131n m\u0131? E\u015fim \u00e7ok \u00e7al\u0131\u015fkan bir insand\u0131. Atat\u00fcrk\u00e7\u00fc biriydi. Madalyalar\u0131n\u0131 k\u0131skand\u0131lar\u201d diye ba\u011f\u0131rarak g\u00f6zya\u015f\u0131 d\u00f6kt\u00fc.<\/p>\n<p style=\"text-align: justify;\">Anne Sat\u0131 Tatar da, askerlerin kollar\u0131 aras\u0131nda cami avlusuna zorlukla getirilirken ayakta durmakta g\u00fc\u00e7l\u00fck \u00e7ekti. Anne Tatar, \u201cO\u011flum bak komutanlar\u0131n seni kar\u015f\u0131l\u0131yor\u201d diye a\u011flad\u0131. Ablas\u0131 H\u00fcrriyet Tatar ise, \u201cSeni buraya getirenler utans\u0131nlar. G\u00f6zya\u015flar\u0131m\u0131zla bo\u011fulsunlar\u201d diye a\u011f\u0131t yakt\u0131.<\/p>\n<p style=\"text-align: justify;\">\u00d6\u011fle namaz\u0131n\u0131n ard\u0131ndan Tatar i\u00e7in cenaze namaz\u0131 k\u0131l\u0131nd\u0131. Tatar\u2019\u0131n cenazesi Kar\u015f\u0131yaka Mezarl\u0131\u011f\u0131\u2019nda topra\u011fa verildi.<\/p>\n<p style=\"text-align: justify;\"><span style=\"color: #888888;\">CNN T\u00dcRK<\/span><\/p>\n","protected":false},"excerpt":{"rendered":"<\/p>\n<p style=\"text-align: justify;\">Deniz Yarbay Ali Tatar&#8217;\u0131n intihar etmeden dakikalar \u00f6nce e\u015fine mektup b\u0131rakt\u0131\u011f\u0131 iddia ediliyor. Vatan gazetesinde yer alan habere g\u00f6re Tatar, veda mektubunda &#8220;Komutan\u0131m U\u011fur Yi\u011fit&#8217;e suikast iddias\u0131nda ad\u0131m ge\u00e7iyor. Su\u00e7suzum, komutan\u0131ma sadece minnet duyar\u0131m&#8221; ifadelerini kulland\u0131.<\/p>\n","protected":false},"author":1,"featured_media":0,"comment_status":"open","ping_status":"closed","sticky":false,"template":"","format":"standard","meta":{"footnotes":""},"categories":[105],"tags":[],"class_list":["post-17203","post","type-post","status-publish","format-standard","hentry","category-gundem","odd"],"_links":{"self":[{"href":"http:\/\/www.korhanyilmaz.com\/index.php?rest_route=\/wp\/v2\/posts\/17203","targetHints":{"allow":["GET"]}}],"collection":[{"href":"http:\/\/www.korhanyilmaz.com\/index.php?rest_route=\/wp\/v2\/posts"}],"about":[{"href":"http:\/\/www.korhanyilmaz.com\/index.php?rest_route=\/wp\/v2\/types\/post"}],"author":[{"embeddable":true,"href":"http:\/\/www.korhanyilmaz.com\/index.php?rest_route=\/wp\/v2\/users\/1"}],"replies":[{"embeddable":true,"href":"http:\/\/www.korhanyilmaz.com\/index.php?rest_route=%2Fwp%2Fv2%2Fcomments&post=17203"}],"version-history":[{"count":0,"href":"http:\/\/www.korhanyilmaz.com\/index.php?rest_route=\/wp\/v2\/posts\/17203\/revisions"}],"wp:attachment":[{"href":"http:\/\/www.korhanyilmaz.com\/index.php?rest_route=%2Fwp%2Fv2%2Fmedia&parent=17203"}],"wp:term":[{"taxonomy":"category","embeddable":true,"href":"http:\/\/www.korhanyilmaz.com\/index.php?rest_route=%2Fwp%2Fv2%2Fcategories&post=17203"},{"taxonomy":"post_tag","embeddable":true,"href":"http:\/\/www.korhanyilmaz.com\/index.php?rest_route=%2Fwp%2Fv2%2Ftags&post=17203"}],"curies":[{"name":"wp","href":"https:\/\/api.w.org\/{rel}","templated":true}]}}