{"id":17198,"date":"2009-12-22T16:34:01","date_gmt":"2009-12-22T14:34:01","guid":{"rendered":"http:\/\/www.korhanyilmaz.com\/?p=17198"},"modified":"2009-12-22T16:34:01","modified_gmt":"2009-12-22T14:34:01","slug":"gulden-yasama-yurutme-yargi-hamlesi","status":"publish","type":"post","link":"http:\/\/www.korhanyilmaz.com\/?p=17198","title":{"rendered":"G\u00fcl&#039;den yasama-y\u00fcr\u00fctme-yarg\u0131 hamlesi"},"content":{"rendered":"<p style=\"text-align: justify;\"><a href=\"http:\/\/www.korhanyilmaz.com\/wp-content\/uploads\/2009\/12\/gul.jpg\"  class=\"lightview\"><img loading=\"lazy\" decoding=\"async\" class=\"aligncenter size-full wp-image-17199\" src=\"http:\/\/www.korhanyilmaz.com\/wp-content\/uploads\/2009\/12\/gul.jpg\" alt=\"\" width=\"204\" height=\"203\" \/><\/a><\/p>\n<p style=\"text-align: justify;\">Cumhurba\u015fkan\u0131 G\u00fcl, ge\u00e7en y\u0131l oldu\u011fu gibi, yasama y\u00fcr\u00fctme ve yarg\u0131 organlar\u0131 ba\u015fkanlar\u0131n\u0131 bir araya getirece\u011fini s\u00f6yledi.<\/p>\n<p style=\"text-align: justify;\">Cumhurba\u015fkan\u0131 Abdullah G\u00fcl, Kuveyt temaslar\u0131n\u0131n son g\u00fcn\u00fcnde kald\u0131\u011f\u0131 Emirlik Saray\u0131nda T\u00fcrk gazetecilerle bir araya geldi.<\/p>\n<p style=\"text-align: justify;\">Kameralar\u0131n k\u0131sa bir s\u00fcre g\u00f6r\u00fcnt\u00fc almas\u0131n\u0131 izin verildi. Kameralar d\u0131\u015far\u0131 \u00e7\u0131kar\u0131ld\u0131ktan sonra g\u00fcndeme ili\u015fkin sorular\u0131 yan\u0131tlayan Cumhurba\u015fkan\u0131 G\u00fcl, ge\u00e7en y\u0131l oldu\u011fu gibi, yasama y\u00fcr\u00fctme ve yarg\u0131 organlar\u0131 ba\u015fkanlar\u0131n\u0131 bir araya getirece\u011fini s\u00f6yledi. <!--more--><\/p>\n<p style=\"text-align: justify;\">Kuveyt temaslar\u0131 hakk\u0131nda bilgi veren Cumhurba\u015fkan\u0131 G\u00fcl, savunma alan\u0131nda i\u015fbirli\u011fi olup olmayaca\u011f\u0131 \u015feklindeki bir soruya, \u201cT\u00fcrkiye \u00f6zellikle k\u00f6rfezin g\u00fcvenli\u011fine \u00f6nem veriyor. K\u00f6rfez \u00fclkeleriyle birlikte g\u00f6r\u00fcnmesi \u00e7ok anlaml\u0131d\u0131r. \u00c7ok de\u011ferli bir resimdir. \u00d6nce bu bir politika, bunun \u00f6tesinde e\u011fitime d\u00f6n\u00fck faaliyetler var. TSK&#8217;n\u0131n \u015f\u00f6hreti buralarda g\u0131pta edilen bir konudur&#8221; yan\u0131t\u0131n\u0131 verdi.<\/p>\n<p style=\"text-align: justify;\">G\u00fcl, K\u00f6rfez sava\u015f\u0131 s\u0131ras\u0131nda T\u00fcrkiye&#8217;nin Kuveyt&#8217;e verdi\u011fi deste\u011fin unutulmad\u0131\u011f\u0131n\u0131 da s\u00f6zlerine ekledi.<\/p>\n<p style=\"text-align: justify;\"><strong><em>\u0130ran&#8217;\u0131n n\u00fckleer faaliyetleri <\/em><\/strong><\/p>\n<p style=\"text-align: justify;\">\u0130ran&#8217;\u0131n n\u00fckleer faaliyet g\u00f6sterdi\u011fi istasyonlardan birinin Kuveyt&#8217;e \u00e7ok yak\u0131n oldu\u011funu s\u00f6yleyen Cumhurba\u015fkan\u0131 G\u00fcl, \u201cOras\u0131 vurulsa en b\u00fcy\u00fck tehlike buras\u0131 i\u00e7in. Ayn\u0131 k\u00f6rfezdeki suyu ar\u0131tarak kullan\u0131yorlar. O suyun kirlenmesi bile bunlar i\u00e7in hayat\u0131. \u0130ran&#8217;la olan meselenin diplomatik yollardan \u00e7\u00f6z\u00fcm\u00fc onlar i\u00e7in \u00e7ok \u00f6nemli&#8221; dedi.<\/p>\n<p style=\"text-align: justify;\">\u0130ran&#8217;a BM&#8217;den ba\u011flay\u0131c\u0131 bir ambargo karar\u0131n\u0131n \u00e7\u0131kmas\u0131 durumunda bundan en \u00e7ok T\u00fcrkiye&#8217;nin zarar g\u00f6rece\u011fini s\u00f6yleyen Cumhurba\u015fkan\u0131 G\u00fcl, &#8220;D\u00fcnyan\u0131n bizim gayretlerimizi anlamas\u0131 laz\u0131m&#8221; \u015feklinde konu\u015ftu.<\/p>\n<p style=\"text-align: justify;\"><strong><em>Ar\u0131n\u00e7&#8217;a y\u00f6nelik suikast iddialar\u0131 <\/em><\/strong><\/p>\n<p style=\"text-align: justify;\">Cumhurba\u015fkan\u0131 Abdullah G\u00fcl, Ba\u015fbakan Yard\u0131mc\u0131s\u0131 B\u00fclent Ar\u0131n\u00e7&#8217;a y\u00f6nelik suikast iddias\u0131n\u0131 hat\u0131rlatan bir gazeteciye, \u201cDetaylar\u0131n\u0131 bilmiyorum&#8221; yan\u0131t\u0131n\u0131 verdi.<\/p>\n<p style=\"text-align: justify;\">G\u00fcl, ayn\u0131 gazetecinin \u201cGenelkurmay Ba\u015fkan\u0131&#8217;yla g\u00f6r\u00fc\u015fecek misiniz?&#8221; \u015feklindeki s\u00f6zlerine de, \u201cHaftal\u0131k g\u00f6r\u00fc\u015fmemiz devlet g\u00f6r\u00fc\u015fmesi,  hepsiyle g\u00f6r\u00fc\u015f\u00fcyoruz. Tam bilmeden i\u00e7in i\u00e7 y\u00fcz\u00fcn\u00fc bir \u015fey s\u00f6ylemek do\u011fru de\u011fil\u201c diye cevaplad\u0131.<\/p>\n<p style=\"text-align: justify;\"><strong><em>Yarg\u0131 konusu <\/em><\/strong><\/p>\n<p style=\"text-align: justify;\">Cumhurba\u015fkan\u0131 Abdullah G\u00fcl yasama, y\u00fcr\u00fctme ve yarg\u0131 organlar\u0131n\u0131n ba\u015fkanlar\u0131n\u0131 biraraya getirip getirmeyece\u011fi de soruldu. G\u00fcl, bu soruya \u201cYeni y\u0131l vesilesiyle yapaca\u011f\u0131z tabii&#8221; yan\u0131t\u0131n\u0131 verdi.<\/p>\n<p style=\"text-align: justify;\">T\u00fcrkiye&#8217;nin i\u00e7erideki g\u00f6r\u00fcnt\u00fcs\u00fcyle d\u0131\u015far\u0131daki g\u00f6r\u00fcnt\u00fcs\u00fcn\u00fcn farkl\u0131 oldu\u011fu y\u00f6n\u00fcndeki bir yoruma da yan\u0131t veren Cumhurba\u015fkan\u0131 Abdullah G\u00fcl, \u201cBu \u00fcz\u00fcnt\u00fc verici. Bu T\u00fcrkiye&#8217;ye yak\u0131\u015fmaz. Bu rahats\u0131zl\u0131k b\u00fcy\u00fcrse d\u0131\u015far\u0131daki g\u00f6r\u00fcnt\u00fcm\u00fcz\u00fc zedelemeye ba\u015flar. Bir \u00fclke i\u00e7erde g\u00fc\u00e7l\u00fcyse, d\u0131\u015far\u0131da g\u00fc\u00e7l\u00fc olur. Bir \u00fclkenin demokratik meseleleri, siyasi meseleleri \u00e7ok \u00e7alkant\u0131l\u0131 olursa, yine o \u00fclke d\u0131\u015far\u0131da ba\u015f\u0131 dik bir \u015fekilde temsil edilemez&#8221; \u015feklinde konu\u015ftu.<\/p>\n<p style=\"text-align: justify;\">G\u00fcl &#8220;B\u00f6yle bir s\u0131k\u0131nt\u0131 var m\u0131?&#8221; \u015feklindeki bir soruya da \u201c\u015euanda bir kriz var demem&#8221; yan\u0131t\u0131n\u0131 verdi.<\/p>\n<p style=\"text-align: justify;\">&#8220;Yarg\u0131n\u0131n kendi mensuplar\u0131 aras\u0131nda bir \u00e7eki\u015fme var m\u0131?&#8221;  sorusuna da yan\u0131t veren Cumhurba\u015fkan\u0131 G\u00fcl, \u201c B\u00fcy\u00fck camia bunlar. K\u00fc\u00e7\u00fck n\u00fcfuslu bir \u00fclke de\u011filiz. Bizim sadece yarg\u0131 camiam\u0131z Avrupa&#8217;daki \u00e7o\u011fu \u00fclkeden b\u00fcy\u00fck. \u00d6yle b\u00fcy\u00fck olunca, uygulamadan baz\u0131 sorunlar \u00e7\u0131kabiliyor. Kurallar\u0131n hakim oldu\u011fu hukuk devletinde makamlara bak\u0131lmadan, bu uygulan\u0131r. G\u00f6r\u00fcyoruz gazetelere yans\u0131yor. Bunlar\u0131n hi\u00e7biri ortada kalmaz. Neticede \u00e7ok detayl\u0131 hukuk kurallar\u0131 var. G\u00f6n\u00fcl arzu eder ki bireysel d\u00fc\u015f\u00fcnceler mesle\u011fin gerektirdi\u011fi titizli\u011fi zedelemesin&#8221; \u015feklinde konu\u015ftu.<\/p>\n<p style=\"text-align: justify;\"><strong><em>Telekulak iddialar\u0131 <\/em><\/strong><\/p>\n<p style=\"text-align: justify;\">Telefon dinlemenin daha ayr\u0131 bir \u015fey oldu\u011funu s\u00f6yleyen Cumhurba\u015fkan\u0131 G\u00fcl, &#8220;Burada b\u00fcy\u00fck bir kar\u0131\u015f\u0131kl\u0131k s\u00f6z konusu. Biraz \u00fcz\u00fcc\u00fc tabi, telefonla ilgili olu\u015fan kanaatte biraz bilgilenmemek var. Teknolojik geli\u015fme dezavantajlar da getiriyor. Yetkisiz kanunsuz su\u00e7 te\u015fkil eden dinlemelerdir. Bunlar su\u00e7tur. Delil olarak da kullan\u0131lamaz mahkemelerimizde&#8221; dedi.<\/p>\n<p style=\"text-align: justify;\"><strong><em>Siyasette \u00fcslup tart\u0131\u015fmas\u0131 <\/em><\/strong><\/p>\n<p style=\"text-align: justify;\">Cumhurba\u015fkan\u0131 Abdullah G\u00fcl siyasetteki \u00fcslup tart\u0131\u015fmalar\u0131n\u0131n hat\u0131rlat\u0131lmas\u0131 \u00fczerine, \u201cSiyaseti temsil edenler, sadece genel ba\u015fkanlar\u0131 kastetmiyorum. Siyaset\u00e7ilerin \u00fcslub\u00fc \u00e7ok yaralay\u0131c\u0131 oluyor. T\u00fcrkiye&#8217;nin \u00f6nemli meseleleri, bundan \u00f6nceki h\u00fck\u00fcmetlerin oldu\u011fu gibi, bundan sonraki h\u00fck\u00fcmetlerin meselesi olacak. \u00d6nemli konular var. Bu konular\u0131n halliyle ilgili, herkesin beraber \u00e7al\u0131\u015fabilmesi, bunlar\u0131 h\u00fck\u00fcmetler \u00fcst\u00fc meseleler olarak g\u00f6r\u00fcp yakla\u015fma anlay\u0131\u015f\u0131 gerekir&#8221; \u015feklinde konu\u015ftu.<\/p>\n<p style=\"text-align: justify;\"><strong><em>\u0130srail ziyareti <\/em><\/strong><\/p>\n<p style=\"text-align: justify;\">Cumhurba\u015fkan\u0131 G\u00fcl, Danimarka&#8217;da g\u00f6r\u00fc\u015ft\u00fc\u011f\u00fc ve davet ald\u0131\u011f\u0131 \u0130srail Cumhurba\u015fkan\u0131 \u015eimon Peres&#8217;in davetine ne zaman icabet edece\u011fi sorusuna da, \u201cdavete &#8216;peki&#8217; dedim. Faydal\u0131 olaca\u011f\u0131 bir zamanda yap\u0131lmas\u0131 i\u00e7in \u00e7al\u0131\u015f\u0131l\u0131yor&#8221; yan\u0131t\u0131n\u0131 verdi.<\/p>\n<p style=\"text-align: justify;\"><span style=\"color: #888888;\">CNN T\u00dcRK<\/span><\/p>\n","protected":false},"excerpt":{"rendered":"<p style=\"text-align: justify;\">\n<p style=\"text-align: justify;\">Cumhurba\u015fkan\u0131 G\u00fcl, ge\u00e7en y\u0131l oldu\u011fu gibi, yasama y\u00fcr\u00fctme ve yarg\u0131 organlar\u0131 ba\u015fkanlar\u0131n\u0131 bir araya getirece\u011fini s\u00f6yledi.<\/p>\n<p style=\"text-align: justify;\">Cumhurba\u015fkan\u0131 Abdullah G\u00fcl, Kuveyt temaslar\u0131n\u0131n son g\u00fcn\u00fcnde kald\u0131\u011f\u0131 Emirlik Saray\u0131nda T\u00fcrk gazetecilerle bir araya geldi.<\/p>\n<p style=\"text-align: justify;\">Kameralar\u0131n k\u0131sa bir s\u00fcre g\u00f6r\u00fcnt\u00fc almas\u0131n\u0131 izin verildi. Kameralar d\u0131\u015far\u0131 \u00e7\u0131kar\u0131ld\u0131ktan sonra g\u00fcndeme ili\u015fkin sorular\u0131 <\/p>\n","protected":false},"author":1,"featured_media":0,"comment_status":"open","ping_status":"closed","sticky":false,"template":"","format":"standard","meta":{"footnotes":""},"categories":[105],"tags":[],"class_list":["post-17198","post","type-post","status-publish","format-standard","hentry","category-gundem","odd"],"_links":{"self":[{"href":"http:\/\/www.korhanyilmaz.com\/index.php?rest_route=\/wp\/v2\/posts\/17198","targetHints":{"allow":["GET"]}}],"collection":[{"href":"http:\/\/www.korhanyilmaz.com\/index.php?rest_route=\/wp\/v2\/posts"}],"about":[{"href":"http:\/\/www.korhanyilmaz.com\/index.php?rest_route=\/wp\/v2\/types\/post"}],"author":[{"embeddable":true,"href":"http:\/\/www.korhanyilmaz.com\/index.php?rest_route=\/wp\/v2\/users\/1"}],"replies":[{"embeddable":true,"href":"http:\/\/www.korhanyilmaz.com\/index.php?rest_route=%2Fwp%2Fv2%2Fcomments&post=17198"}],"version-history":[{"count":0,"href":"http:\/\/www.korhanyilmaz.com\/index.php?rest_route=\/wp\/v2\/posts\/17198\/revisions"}],"wp:attachment":[{"href":"http:\/\/www.korhanyilmaz.com\/index.php?rest_route=%2Fwp%2Fv2%2Fmedia&parent=17198"}],"wp:term":[{"taxonomy":"category","embeddable":true,"href":"http:\/\/www.korhanyilmaz.com\/index.php?rest_route=%2Fwp%2Fv2%2Fcategories&post=17198"},{"taxonomy":"post_tag","embeddable":true,"href":"http:\/\/www.korhanyilmaz.com\/index.php?rest_route=%2Fwp%2Fv2%2Ftags&post=17198"}],"curies":[{"name":"wp","href":"https:\/\/api.w.org\/{rel}","templated":true}]}}