{"id":17194,"date":"2009-12-22T17:39:40","date_gmt":"2009-12-22T15:39:40","guid":{"rendered":"http:\/\/www.korhanyilmaz.com\/?p=17194"},"modified":"2009-12-22T17:39:40","modified_gmt":"2009-12-22T15:39:40","slug":"sincan-mahkemesi-3-kuruma-dava-istiyor","status":"publish","type":"post","link":"http:\/\/www.korhanyilmaz.com\/?p=17194","title":{"rendered":"Sincan mahkemesi 3 kuruma dava istiyor"},"content":{"rendered":"<p><a href=\"http:\/\/www.korhanyilmaz.com\/wp-content\/uploads\/2009\/12\/S\u0130NCAN.jpg\"  class=\"lightview\"><img loading=\"lazy\" decoding=\"async\" class=\"aligncenter size-full wp-image-17195\" src=\"http:\/\/www.korhanyilmaz.com\/wp-content\/uploads\/2009\/12\/S\u0130NCAN.jpg\" alt=\"\" width=\"292\" height=\"194\" \/><\/a><\/p>\n<p style=\"text-align: justify;\">Sincan 1. A\u011f\u0131r Ceza Mahkemesi, eski Yarg\u0131\u00e7lar ve Savc\u0131lar Birli\u011fi (YARSAV) Ba\u015fkan\u0131 \u00d6mer Faruk Emina\u011fao\u011flu&#8217;nun, kendisine ve derne\u011fe ait telefonlar\u0131n ve bilgisayar yaz\u0131\u015fmalar\u0131n\u0131n, dinlenip izlendi\u011fi iddias\u0131yla M\u0130T, Emniyet ve Telekom\u00fcnikasyon \u0130leti\u015fim Ba\u015fkanl\u0131\u011f\u0131 (T\u0130B) g\u00f6revlileri hakk\u0131nda yapt\u0131\u011f\u0131 su\u00e7 duyurusu \u00fczerine Ankara Cumhuriyet Ba\u015fsavc\u0131l\u0131\u011f\u0131&#8217;nca yap\u0131lan soru\u015fturmada verilen &#8220;takipsizlik&#8221; karar\u0131n\u0131 kald\u0131rd\u0131. <!--more--><\/p>\n<p style=\"text-align: justify;\">Sincan 1. A\u011f\u0131r Ceza Mahkemesi, Ankara 1. Sulh Ceza Mahkemesi Hakimi Hayri Keskin&#8217;in, T\u0130B&#8217;de yapt\u0131\u011f\u0131 ikinci incelemeye ili\u015fkin raporun ula\u015fmas\u0131n\u0131n ard\u0131ndan, eski YARSAV Ba\u015fkan\u0131 Emina\u011fao\u011flu&#8217;nun, Ankara Cumhuriyet Ba\u015fsavc\u0131l\u0131\u011f\u0131&#8217;n\u0131n verdi\u011fi takipsizlik karar\u0131n\u0131n kald\u0131r\u0131lmas\u0131 y\u00f6n\u00fcndeki itiraz\u0131n\u0131 kabul etti.<\/p>\n<p style=\"text-align: justify;\">Mahkeme, Emina\u011fao\u011flu&#8217;nun itiraz\u0131n\u0131 &#8220;hakl\u0131 ve yerinde&#8221; g\u00f6rerek, Ankara Cumhuriyet Ba\u015fsavc\u0131l\u0131\u011f\u0131&#8217;n\u0131n, M\u0130T, Emniyet ve T\u0130B g\u00f6revlileri hakk\u0131nda vermi\u015f oldu\u011fu &#8220;kovu\u015fturmaya yer olmad\u0131\u011f\u0131na&#8221; ili\u015fkin karar\u0131 kald\u0131rd\u0131.<\/p>\n<p style=\"text-align: justify;\">Sincan 1. A\u011f\u0131r Ceza Mahkemesi, ayr\u0131ca T\u0130B&#8217;de yap\u0131lan ikinci inceleme s\u0131ras\u0131nda, Emina\u011fao\u011flu&#8217;na ait numaralarla ilgili verilerin yedeklenmesinin engellendi\u011fi gerek\u00e7esiyle T\u0130B Ba\u015fkan\u0131 Fethi \u015eim\u015fek, Teknik Daire Ba\u015fkan\u0131 ve M\u0130T temsilcisi hakk\u0131nda, &#8220;adli soru\u015fturmay\u0131 engelleme&#8221; ve &#8220;g\u00f6revi k\u00f6t\u00fcye kullanma&#8221; su\u00e7lar\u0131ndan Ankara Cumhuriyet Ba\u015fsavc\u0131l\u0131\u011f\u0131&#8217;na su\u00e7 duyurusunda bulunulmas\u0131 karar\u0131 verdi.<\/p>\n<p style=\"text-align: justify;\">Mahkeme, &#8220;T\u0130B&#8217;de inceleme karar\u0131n\u0131n ard\u0131ndan, bu incelemeye ili\u015fkin tedbir karar\u0131&#8221; alan de\u011fi\u015fik illerde g\u00f6revli 22 hakim hakk\u0131nda da &#8220;adil yarg\u0131lamay\u0131 etkilemeye te\u015febb\u00fcs&#8221; ve &#8220;yarg\u0131 g\u00f6revi yapan\u0131 etkileme&#8221; su\u00e7lar\u0131ndan Adalet Bakanl\u0131\u011f\u0131 Ceza \u0130\u015fleri Genel M\u00fcd\u00fcrl\u00fc\u011f\u00fc&#8217;ne su\u00e7 duyurusunda bulunulmas\u0131n\u0131 kararla\u015ft\u0131rd\u0131.<\/p>\n<p style=\"text-align: justify;\">Emina\u011fao\u011flu&#8217;nun, kendisine ve derne\u011fe ait telefonlar\u0131n ve bilgisayar yaz\u0131\u015fmalar\u0131n\u0131n, Ankara 11. A\u011f\u0131r Ceza Mahkemesinin verdi\u011fi 3&#8217;er ayl\u0131k yetkilerle dinlenip izlendi\u011fi iddias\u0131yla M\u0130T, Emniyet ve Telekom\u00fcnikasyon \u0130leti\u015fim Ba\u015fkanl\u0131\u011f\u0131 (T\u0130B) g\u00f6revlileri hakk\u0131nda yapt\u0131\u011f\u0131 su\u00e7 duyurusu \u00fczerine ba\u015flat\u0131lan soru\u015fturmada, kamu g\u00f6revlileri hakk\u0131nda &#8220;kovu\u015fturmaya yer olmad\u0131\u011f\u0131na&#8221; karar verilmi\u015fti.<\/p>\n<p style=\"text-align: justify;\">Kararda, \u015fikayet edilen kurum yetkililerinin, talepleri \u00fczerine de olsa verilen mahkeme kararlar\u0131n\u0131 uygulad\u0131klar\u0131 ve mahkeme kararlar\u0131n\u0131n uygulanmas\u0131n\u0131n su\u00e7 olarak nitelenemeyece\u011fi de\u011ferlendirmesinde bulunulmu\u015ftu.<\/p>\n<p style=\"text-align: justify;\">Sincan A\u011f\u0131r Ceza Mahkemesi&#8217;nin, takipsizlik karar\u0131n\u0131 kald\u0131rmas\u0131n\u0131n ard\u0131ndan, tekrar ba\u015flat\u0131lan ve Cumhuriyet Savc\u0131s\u0131 Harun Kodalak taraf\u0131ndan y\u00fcr\u00fct\u00fclen soru\u015fturmada da &#8220;kovu\u015fturmaya yer olmad\u0131\u011f\u0131na&#8221; karar verilmi\u015fti.<\/p>\n<p style=\"text-align: justify;\">Bu karar \u00fczerine Emina\u011fao\u011flu, Sincan 1. A\u011f\u0131r Ceza Mahkemesi&#8217;ne ba\u015fvurarak, &#8220;kovu\u015fturmaya yer olmad\u0131\u011f\u0131na&#8221; ili\u015fkin karar\u0131n kald\u0131r\u0131lmas\u0131n\u0131 talep etmi\u015fti. Ba\u015fvuru dilek\u00e7esinde, verilen karar\u0131n usul ve yasaya ayk\u0131r\u0131 oldu\u011fu \u00f6ne s\u00fcr\u00fclerek, &#8220;\u00e7\u00f6z\u00fcm\u00fcn yasama ve y\u00fcr\u00fctme organlar\u0131na b\u0131rak\u0131lmas\u0131 ve o organlardan beklenilmesi, y\u00fcr\u00fctme erki i\u00e7indeki organlar\u0131n hukuka ayk\u0131r\u0131 davran\u0131\u015f sergilemeleri kar\u015f\u0131s\u0131nda bu yorum tarz\u0131 hukuksal olmad\u0131\u011f\u0131 gibi, yarg\u0131 erkinin an\u0131lan organlardan ba\u011f\u0131ms\u0131z olarak soru\u015fturmaya ge\u00e7mesi ve y\u00fcr\u00fctmesi yolundaki genel ilke ve kurallarla da ba\u011fda\u015fmamaktad\u0131r&#8221; denilmi\u015fti.<\/p>\n<p style=\"text-align: justify;\"><span style=\"color: #888888;\">CNN T\u00dcRK<\/span><\/p>\n","protected":false},"excerpt":{"rendered":"<\/p>\n<p style=\"text-align: justify;\">Sincan 1. A\u011f\u0131r Ceza Mahkemesi, eski Yarg\u0131\u00e7lar ve Savc\u0131lar Birli\u011fi (YARSAV) Ba\u015fkan\u0131 \u00d6mer Faruk Emina\u011fao\u011flu&#8217;nun, kendisine ve derne\u011fe ait telefonlar\u0131n ve bilgisayar yaz\u0131\u015fmalar\u0131n\u0131n, dinlenip izlendi\u011fi iddias\u0131yla M\u0130T, Emniyet ve Telekom\u00fcnikasyon \u0130leti\u015fim Ba\u015fkanl\u0131\u011f\u0131 (T\u0130B) g\u00f6revlileri hakk\u0131nda yapt\u0131\u011f\u0131 su\u00e7 duyurusu \u00fczerine Ankara Cumhuriyet Ba\u015fsavc\u0131l\u0131\u011f\u0131&#8217;nca yap\u0131lan soru\u015fturmada verilen &#8220;takipsizlik&#8221; karar\u0131n\u0131 kald\u0131rd\u0131. <\/p>\n","protected":false},"author":1,"featured_media":0,"comment_status":"open","ping_status":"closed","sticky":false,"template":"","format":"standard","meta":{"footnotes":""},"categories":[105],"tags":[],"class_list":["post-17194","post","type-post","status-publish","format-standard","hentry","category-gundem","odd"],"_links":{"self":[{"href":"http:\/\/www.korhanyilmaz.com\/index.php?rest_route=\/wp\/v2\/posts\/17194","targetHints":{"allow":["GET"]}}],"collection":[{"href":"http:\/\/www.korhanyilmaz.com\/index.php?rest_route=\/wp\/v2\/posts"}],"about":[{"href":"http:\/\/www.korhanyilmaz.com\/index.php?rest_route=\/wp\/v2\/types\/post"}],"author":[{"embeddable":true,"href":"http:\/\/www.korhanyilmaz.com\/index.php?rest_route=\/wp\/v2\/users\/1"}],"replies":[{"embeddable":true,"href":"http:\/\/www.korhanyilmaz.com\/index.php?rest_route=%2Fwp%2Fv2%2Fcomments&post=17194"}],"version-history":[{"count":0,"href":"http:\/\/www.korhanyilmaz.com\/index.php?rest_route=\/wp\/v2\/posts\/17194\/revisions"}],"wp:attachment":[{"href":"http:\/\/www.korhanyilmaz.com\/index.php?rest_route=%2Fwp%2Fv2%2Fmedia&parent=17194"}],"wp:term":[{"taxonomy":"category","embeddable":true,"href":"http:\/\/www.korhanyilmaz.com\/index.php?rest_route=%2Fwp%2Fv2%2Fcategories&post=17194"},{"taxonomy":"post_tag","embeddable":true,"href":"http:\/\/www.korhanyilmaz.com\/index.php?rest_route=%2Fwp%2Fv2%2Ftags&post=17194"}],"curies":[{"name":"wp","href":"https:\/\/api.w.org\/{rel}","templated":true}]}}